{"id":195202,"date":"2026-04-27T12:32:00","date_gmt":"2026-04-27T15:32:00","guid":{"rendered":"https:\/\/www.hoymercedes.com.ar\/principal\/?p=195202"},"modified":"2026-04-26T22:35:18","modified_gmt":"2026-04-27T01:35:18","slug":"policia-rural-allanamientos-y-secuestro-de-material-probatorio","status":"publish","type":"post","link":"https:\/\/www.hoymercedes.com.ar\/principal\/2026\/04\/27\/policia-rural-allanamientos-y-secuestro-de-material-probatorio\/","title":{"rendered":"Polic\u00eda Rural: Allanamientos y secuestro de material probatorio"},"content":{"rendered":"\n<figure class=\"wp-block-image size-full\"><img loading=\"lazy\" decoding=\"async\" width=\"800\" height=\"600\" data-attachment-id=\"119942\" data-permalink=\"https:\/\/www.hoymercedes.com.ar\/principal\/2020\/11\/11\/joven-mercedino-fallece-en-navarro-tras-caer-de-una-camioneta\/11-policia-patrullero-1024x768\/#main\" data-orig-file=\"https:\/\/www.hoymercedes.com.ar\/principal\/wp-content\/uploads\/2020\/11\/11-policia-patrullero-1024x768-1-e1605113575314.jpg\" data-orig-size=\"800,600\" data-comments-opened=\"0\" data-image-meta=\"{&quot;aperture&quot;:&quot;0&quot;,&quot;credit&quot;:&quot;&quot;,&quot;camera&quot;:&quot;&quot;,&quot;caption&quot;:&quot;&quot;,&quot;created_timestamp&quot;:&quot;0&quot;,&quot;copyright&quot;:&quot;&quot;,&quot;focal_length&quot;:&quot;0&quot;,&quot;iso&quot;:&quot;0&quot;,&quot;shutter_speed&quot;:&quot;0&quot;,&quot;title&quot;:&quot;&quot;,&quot;orientation&quot;:&quot;0&quot;}\" data-image-title=\"11 polic\u00eda-patrullero-1024&amp;#215;768\" data-image-description=\"\" data-image-caption=\"\" data-large-file=\"https:\/\/www.hoymercedes.com.ar\/principal\/wp-content\/uploads\/2020\/11\/11-policia-patrullero-1024x768-1-e1605113575314.jpg\" src=\"https:\/\/www.hoymercedes.com.ar\/principal\/wp-content\/uploads\/2020\/11\/11-policia-patrullero-1024x768-1-e1605113575314.jpg\" alt=\"\" class=\"wp-image-119942\"\/><\/figure>\n\n\n\n<p>En el marco de una investigaci\u00f3n por delitos rurales, efectivos de la Coordinaci\u00f3n Chivilcoy y el CPR Mercedes llevaron adelante una serie de operativos que permitieron avanzar significativamente en el esclarecimiento de un hecho de abigeato. Tras una minuciosa labor de campo, las fuerzas de seguridad lograron dar con elementos que vinculan directamente a un sospechoso con el robo y faena ilegal de ganado.<\/p>\n\n\n\n<p>Al ser consultado, el secretario de seguridad, el Dr. Mat\u00edas Maresca, felicit\u00f3 y agradeci\u00f3 el compromiso y tarea desarrolla por el equipo de la Polic\u00eda Rural dando una vez m\u00e1s, respuesta a la ciudadan\u00eda.<\/p>\n\n\n\n<p>Operativo<br>Las diligencias judiciales se concentraron en dos objetivos situados en la zona urbana de la localidad de Mercedes. El despliegue cont\u00f3 con un fuerte apoyo interinstitucional, involucrando a personal de los CPR de San Andr\u00e9s de Giles, Carmen de Areco, Chivilcoy y Suipacha, junto con el refuerzo de la Estaci\u00f3n de Polic\u00eda Comunal (EPC) local.<\/p>\n\n\n\n<p>Si bien uno de los registros arroj\u00f3 resultado negativo, el segundo domicilio \u2014ubicado sobre la calle 30\u2014 result\u00f3 fundamental para la causa. En dicho inmueble, perteneciente a un hombre de 41 a\u00f1os que no se encontraba presente al momento del arribo policial, los agentes incautaron una serie de elementos con manchas hem\u00e1ticas y de fuerte olor nauseabundo, lo que presume el contacto reciente con restos animales.<\/p>\n\n\n\n<p>Entre los elementos secuestrados se destacan: Indumentaria: Calzado deportivo y una camiseta con restos de sangre, Herramientas de faena: cuchillos tipo carnicero, una maza de gran porte, tenazas y una pinza \u00abpico de loro\u00bb, Equipo de transporte: Una mochila con rastros biol\u00f3gicos y herramientas de corte como corta-fierros y una grifa de hierro.<\/p>\n\n\n\n<p>Justicia<br>La causa, caratulada bajo la figura de Abigeato, se encuentra bajo la \u00f3rbita de la Unidad Funcional de Instrucci\u00f3n (UFI) N.\u00ba 6 y el Juzgado de Garant\u00edas N.\u00ba 2 del Departamento Judicial de Mercedes.<\/p>\n\n\n\n<p>Tras el hallazgo de las pruebas, el magistrado interviniente aval\u00f3 lo actuado por el personal rural y dispuso las directivas necesarias para avanzar en la situaci\u00f3n procesal del imputado. Por estas horas, la justicia eval\u00faa el temperamento a adoptar para con el sospechoso, quien ha quedado formalmente ligado a la investigaci\u00f3n como presunto autor responsable del hecho.<\/p>\n","protected":false},"excerpt":{"rendered":"<p>En el marco de una investigaci\u00f3n por delitos rurales, efectivos de la Coordinaci\u00f3n Chivilcoy y el CPR Mercedes llevaron adelante &#8230; <a title=\"Polic\u00eda Rural: Allanamientos y secuestro de material probatorio\" class=\"read-more\" href=\"https:\/\/www.hoymercedes.com.ar\/principal\/2026\/04\/27\/policia-rural-allanamientos-y-secuestro-de-material-probatorio\/\" aria-label=\"Leer m\u00e1s sobre Polic\u00eda Rural: Allanamientos y secuestro de material probatorio\">Leer m\u00e1s<\/a><\/p>\n","protected":false},"author":1,"featured_media":119942,"comment_status":"closed","ping_status":"open","sticky":false,"template":"","format":"standard","meta":{"_monsterinsights_skip_tracking":false,"_monsterinsights_sitenote_active":false,"_monsterinsights_sitenote_note":"","_monsterinsights_sitenote_category":0,"jetpack_post_was_ever_published":false,"_jetpack_newsletter_access":"","_jetpack_dont_email_post_to_subs":false,"_jetpack_newsletter_tier_id":0,"_jetpack_memberships_contains_paywalled_content":false,"_jetpack_memberships_contains_paid_content":false,"footnotes":"","jetpack_publicize_message":"","jetpack_publicize_feature_enabled":true,"jetpack_social_post_already_shared":true,"jetpack_social_options":{"image_generator_settings":{"template":"highway","default_image_id":0,"font":"","enabled":false},"version":2},"_wpas_customize_per_network":false},"categories":[85],"tags":[],"class_list":["post-195202","post","type-post","status-publish","format-standard","has-post-thumbnail","hentry","category-policial","generate-columns","tablet-grid-50","mobile-grid-100","grid-parent","grid-50"],"jetpack_publicize_connections":[],"jetpack_featured_media_url":"https:\/\/www.hoymercedes.com.ar\/principal\/wp-content\/uploads\/2020\/11\/11-policia-patrullero-1024x768-1-e1605113575314.jpg","wps_subtitle":"","jetpack_sharing_enabled":true,"_links":{"self":[{"href":"https:\/\/www.hoymercedes.com.ar\/principal\/wp-json\/wp\/v2\/posts\/195202","targetHints":{"allow":["GET"]}}],"collection":[{"href":"https:\/\/www.hoymercedes.com.ar\/principal\/wp-json\/wp\/v2\/posts"}],"about":[{"href":"https:\/\/www.hoymercedes.com.ar\/principal\/wp-json\/wp\/v2\/types\/post"}],"author":[{"embeddable":true,"href":"https:\/\/www.hoymercedes.com.ar\/principal\/wp-json\/wp\/v2\/users\/1"}],"replies":[{"embeddable":true,"href":"https:\/\/www.hoymercedes.com.ar\/principal\/wp-json\/wp\/v2\/comments?post=195202"}],"version-history":[{"count":1,"href":"https:\/\/www.hoymercedes.com.ar\/principal\/wp-json\/wp\/v2\/posts\/195202\/revisions"}],"predecessor-version":[{"id":195203,"href":"https:\/\/www.hoymercedes.com.ar\/principal\/wp-json\/wp\/v2\/posts\/195202\/revisions\/195203"}],"wp:featuredmedia":[{"embeddable":true,"href":"https:\/\/www.hoymercedes.com.ar\/principal\/wp-json\/wp\/v2\/media\/119942"}],"wp:attachment":[{"href":"https:\/\/www.hoymercedes.com.ar\/principal\/wp-json\/wp\/v2\/media?parent=195202"}],"wp:term":[{"taxonomy":"category","embeddable":true,"href":"https:\/\/www.hoymercedes.com.ar\/principal\/wp-json\/wp\/v2\/categories?post=195202"},{"taxonomy":"post_tag","embeddable":true,"href":"https:\/\/www.hoymercedes.com.ar\/principal\/wp-json\/wp\/v2\/tags?post=195202"}],"curies":[{"name":"wp","href":"https:\/\/api.w.org\/{rel}","templated":true}]}}