{"id":195204,"date":"2026-04-27T11:47:00","date_gmt":"2026-04-27T14:47:00","guid":{"rendered":"https:\/\/www.hoymercedes.com.ar\/principal\/?p=195204"},"modified":"2026-04-26T22:49:01","modified_gmt":"2026-04-27T01:49:01","slug":"reclamos-en-barrio-san-justo-en-una-nueva-jornada-de-escucha-barrial-de-vecinos-por-mercedes","status":"publish","type":"post","link":"https:\/\/www.hoymercedes.com.ar\/principal\/2026\/04\/27\/reclamos-en-barrio-san-justo-en-una-nueva-jornada-de-escucha-barrial-de-vecinos-por-mercedes\/","title":{"rendered":"Reclamos en Barrio San Justo en una nueva jornada de escucha barrial de \u00abVecinos por Mercedes\u00bb"},"content":{"rendered":"\n<figure class=\"wp-block-image size-large\"><img loading=\"lazy\" decoding=\"async\" width=\"1024\" height=\"768\" data-attachment-id=\"195205\" data-permalink=\"https:\/\/www.hoymercedes.com.ar\/principal\/2026\/04\/27\/reclamos-en-barrio-san-justo-en-una-nueva-jornada-de-escucha-barrial-de-vecinos-por-mercedes\/whatsapp-image-2026-04-26-at-20-32-48\/#main\" data-orig-file=\"https:\/\/www.hoymercedes.com.ar\/principal\/wp-content\/uploads\/2026\/04\/WhatsApp-Image-2026-04-26-at-20.32.48.jpeg\" data-orig-size=\"1600,1200\" data-comments-opened=\"0\" data-image-meta=\"{&quot;aperture&quot;:&quot;0&quot;,&quot;credit&quot;:&quot;&quot;,&quot;camera&quot;:&quot;&quot;,&quot;caption&quot;:&quot;&quot;,&quot;created_timestamp&quot;:&quot;0&quot;,&quot;copyright&quot;:&quot;&quot;,&quot;focal_length&quot;:&quot;0&quot;,&quot;iso&quot;:&quot;0&quot;,&quot;shutter_speed&quot;:&quot;0&quot;,&quot;title&quot;:&quot;&quot;,&quot;orientation&quot;:&quot;0&quot;}\" data-image-title=\"WhatsApp Image 2026-04-26 at 20.32.48\" data-image-description=\"\" data-image-caption=\"\" data-large-file=\"https:\/\/www.hoymercedes.com.ar\/principal\/wp-content\/uploads\/2026\/04\/WhatsApp-Image-2026-04-26-at-20.32.48-1024x768.jpeg\" src=\"https:\/\/www.hoymercedes.com.ar\/principal\/wp-content\/uploads\/2026\/04\/WhatsApp-Image-2026-04-26-at-20.32.48-1024x768.jpeg\" alt=\"\" class=\"wp-image-195205\" srcset=\"https:\/\/www.hoymercedes.com.ar\/principal\/wp-content\/uploads\/2026\/04\/WhatsApp-Image-2026-04-26-at-20.32.48-1024x768.jpeg 1024w, https:\/\/www.hoymercedes.com.ar\/principal\/wp-content\/uploads\/2026\/04\/WhatsApp-Image-2026-04-26-at-20.32.48-630x473.jpeg 630w, https:\/\/www.hoymercedes.com.ar\/principal\/wp-content\/uploads\/2026\/04\/WhatsApp-Image-2026-04-26-at-20.32.48-150x113.jpeg 150w, https:\/\/www.hoymercedes.com.ar\/principal\/wp-content\/uploads\/2026\/04\/WhatsApp-Image-2026-04-26-at-20.32.48-1536x1152.jpeg 1536w, https:\/\/www.hoymercedes.com.ar\/principal\/wp-content\/uploads\/2026\/04\/WhatsApp-Image-2026-04-26-at-20.32.48.jpeg 1600w\" sizes=\"auto, (max-width: 1024px) 100vw, 1024px\" \/><\/figure>\n\n\n\n<p>Militantes de la agrupaci\u00f3n recorrieron la zona este s\u00e1bado por la ma\u00f1ana. Les manifestaron preocupaci\u00f3n por el desborde de cloacas, la falta de mantenimiento en zanjas y el incremento de la inseguridad en el barrio.<\/p>\n\n\n\n<p>En el marco de sus recorridas semanales para relevar la situaci\u00f3n de los distintos sectores de la ciudad, la concejala Romanela Vautretto y un grupo de militantes del espacio \u00abVecinos por Mercedes\u00bb visitaron este s\u00e1bado el Barrio San Justo. Durante el encuentro cara a cara, los vecinos expresaron su malestar por una serie de problem\u00e1ticas que afectan directamente su calidad de vida y salud.<\/p>\n\n\n\n<p>La actividad, que ya se ha convertido en una rutina de cercan\u00eda los s\u00e1bados por la ma\u00f1ana, permiti\u00f3 a los referentes pol\u00edticos tomar nota directa de las urgencias que atraviesa la vecindad. \u00abNuestro objetivo es conocer la realidad de cada mercedino en su territorio\u00bb, explicaron desde el bloque.<\/p>\n\n\n\n<p>Emergencia sanitaria y falta de mantenimiento<br>El punto de mayor conflicto se\u00f1alado por los habitantes del Barrio San Justo es el estado del sistema cloacal. Seg\u00fan informaron, el desborde de cloacas es \u00abuna constante\u00bb que genera \u00abun olor insoportable en las calles\u00bb, representando un riesgo epidemiol\u00f3gico para las familias de la zona.<\/p>\n\n\n\n<p>A este panorama se suma la falta de zanjeo, una tarea de mantenimiento hidr\u00e1ulico esencial para evitar estancamientos de agua y facilitar el drenaje, cuya ausencia agrava la situaci\u00f3n ambiental del barrio.<\/p>\n\n\n\n<p>Inseguridad y convivencia<br>M\u00e1s all\u00e1 de los problemas de infraestructura, la seguridad ocup\u00f3 un lugar central en las preocupaciones vecinales. Los residentes reportaron un aumento en el consumo de drogas y alcohol en la v\u00eda p\u00fablica por parte de grupos de j\u00f3venes, lo que genera situaciones de incomodidad y temor entre los transe\u00fantes.<\/p>\n\n\n\n<p>Principales puntos del relevamiento:<\/p>\n\n\n\n<ul class=\"wp-block-list\">\n<li>Saneamiento: Cloacas colapsadas y olores nauseabundos permanentes.<\/li>\n\n\n\n<li>Infraestructura: Necesidad urgente de limpieza y apertura de zanjas.<\/li>\n\n\n\n<li>Seguridad: Preocupaci\u00f3n por disturbios y consumo de sustancias en espacios comunes.<\/li>\n<\/ul>\n\n\n\n<p>Tras la recorrida, Vautretto reafirm\u00f3 el compromiso de trasladar estas inquietudes al \u00e1mbito legislativo local para buscar soluciones concretas.<\/p>\n\n\n\n<p>\u00abEl contacto directo nos permite dar visibilidad a estos reclamos que muchas veces no son escuchados, pero que son el d\u00eda a d\u00eda de nuestra comunidad\u00bb, concluy\u00f3 la edil.<\/p>\n\n\n\n<p>Por los supermercados<br>En tanto el concejal Bernardo Zubeld\u00eda, de la misma fuerza vecinal, estuvo en la puerta de un supermercado barrial en la jornada sabatina.<\/p>\n\n\n\n<p>\u00abLa idea es encontrarnos siempre cara a cara con los vecinos, que nos conozcamos, podamos dialogar y darnos la oportunidad de intercambiar opiniones. Por eso todos los s\u00e1bados vamos rotando las locaciones\u00bb, dijo el edil y veterinario, quien es l\u00edder de la fuerza pol\u00edtica vecinal y estuvo con el puesto m\u00f3vil de la agrupaci\u00f3n aportando cercan\u00eda y compromiso entre la dirigencia y la ciudadan\u00eda.<\/p>\n","protected":false},"excerpt":{"rendered":"<p>Militantes de la agrupaci\u00f3n recorrieron la zona este s\u00e1bado por la ma\u00f1ana. Les manifestaron preocupaci\u00f3n por el desborde de cloacas, &#8230; <a title=\"Reclamos en Barrio San Justo en una nueva jornada de escucha barrial de \u00abVecinos por Mercedes\u00bb\" class=\"read-more\" href=\"https:\/\/www.hoymercedes.com.ar\/principal\/2026\/04\/27\/reclamos-en-barrio-san-justo-en-una-nueva-jornada-de-escucha-barrial-de-vecinos-por-mercedes\/\" aria-label=\"Leer m\u00e1s sobre Reclamos en Barrio San Justo en una nueva jornada de escucha barrial de \u00abVecinos por Mercedes\u00bb\">Leer m\u00e1s<\/a><\/p>\n","protected":false},"author":1,"featured_media":195205,"comment_status":"closed","ping_status":"open","sticky":false,"template":"","format":"standard","meta":{"_monsterinsights_skip_tracking":false,"_monsterinsights_sitenote_active":false,"_monsterinsights_sitenote_note":"","_monsterinsights_sitenote_category":0,"jetpack_post_was_ever_published":false,"_jetpack_newsletter_access":"","_jetpack_dont_email_post_to_subs":false,"_jetpack_newsletter_tier_id":0,"_jetpack_memberships_contains_paywalled_content":false,"_jetpack_memberships_contains_paid_content":false,"footnotes":"","jetpack_publicize_message":"","jetpack_publicize_feature_enabled":true,"jetpack_social_post_already_shared":true,"jetpack_social_options":{"image_generator_settings":{"template":"highway","default_image_id":0,"font":"","enabled":false},"version":2},"_wpas_customize_per_network":false},"categories":[5],"tags":[],"class_list":["post-195204","post","type-post","status-publish","format-standard","has-post-thumbnail","hentry","category-politica","generate-columns","tablet-grid-50","mobile-grid-100","grid-parent","grid-50"],"jetpack_publicize_connections":[],"jetpack_featured_media_url":"https:\/\/www.hoymercedes.com.ar\/principal\/wp-content\/uploads\/2026\/04\/WhatsApp-Image-2026-04-26-at-20.32.48.jpeg","wps_subtitle":"","jetpack_sharing_enabled":true,"_links":{"self":[{"href":"https:\/\/www.hoymercedes.com.ar\/principal\/wp-json\/wp\/v2\/posts\/195204","targetHints":{"allow":["GET"]}}],"collection":[{"href":"https:\/\/www.hoymercedes.com.ar\/principal\/wp-json\/wp\/v2\/posts"}],"about":[{"href":"https:\/\/www.hoymercedes.com.ar\/principal\/wp-json\/wp\/v2\/types\/post"}],"author":[{"embeddable":true,"href":"https:\/\/www.hoymercedes.com.ar\/principal\/wp-json\/wp\/v2\/users\/1"}],"replies":[{"embeddable":true,"href":"https:\/\/www.hoymercedes.com.ar\/principal\/wp-json\/wp\/v2\/comments?post=195204"}],"version-history":[{"count":1,"href":"https:\/\/www.hoymercedes.com.ar\/principal\/wp-json\/wp\/v2\/posts\/195204\/revisions"}],"predecessor-version":[{"id":195206,"href":"https:\/\/www.hoymercedes.com.ar\/principal\/wp-json\/wp\/v2\/posts\/195204\/revisions\/195206"}],"wp:featuredmedia":[{"embeddable":true,"href":"https:\/\/www.hoymercedes.com.ar\/principal\/wp-json\/wp\/v2\/media\/195205"}],"wp:attachment":[{"href":"https:\/\/www.hoymercedes.com.ar\/principal\/wp-json\/wp\/v2\/media?parent=195204"}],"wp:term":[{"taxonomy":"category","embeddable":true,"href":"https:\/\/www.hoymercedes.com.ar\/principal\/wp-json\/wp\/v2\/categories?post=195204"},{"taxonomy":"post_tag","embeddable":true,"href":"https:\/\/www.hoymercedes.com.ar\/principal\/wp-json\/wp\/v2\/tags?post=195204"}],"curies":[{"name":"wp","href":"https:\/\/api.w.org\/{rel}","templated":true}]}}