{"id":195216,"date":"2026-04-27T15:39:20","date_gmt":"2026-04-27T18:39:20","guid":{"rendered":"https:\/\/www.hoymercedes.com.ar\/principal\/?p=195216"},"modified":"2026-04-27T15:39:23","modified_gmt":"2026-04-27T18:39:23","slug":"primera-reserva-y-femenino-se-pusieron-al-dia-en-la-liga-mercedina","status":"publish","type":"post","link":"https:\/\/www.hoymercedes.com.ar\/principal\/2026\/04\/27\/primera-reserva-y-femenino-se-pusieron-al-dia-en-la-liga-mercedina\/","title":{"rendered":"Primera, Reserva y Femenino se pusieron al d\u00eda en la Liga Mercedina"},"content":{"rendered":"\n<p>Durante este fin de semana se jugaron partidos pendientes del torneo de Primera Divisi\u00f3n de la Liga Mercedina y de Reserva. Adem\u00e1s, se jug\u00f3 una nueva fecha del torneo de F\u00fatbol Femenino, en el que El Front\u00f3n le quit\u00f3 el invicto a Pabell\u00f3n de Marcos Paz.<\/p>\n\n\n\n<p>Resultados Primera Divisi\u00f3n<\/p>\n\n\n\n<p><strong>Holanda 0.<\/strong><br><strong>Ateneo de la Juventud 6:<\/strong>&nbsp;Nicol\u00e1s Bertaina, Alex Ivachich 3, Maro Guerra y Facundo Del Bianco.<\/p>\n\n\n\n<p><strong>Club Mercedes 1:<\/strong>&nbsp;Felipe Redondi.<br><strong>Trocha 0<\/strong>.<\/p>\n\n\n\n<p><strong>Palometas 4:<\/strong>&nbsp;Angel Far\u00edas, Thom\u00e1s Pinto, Eli\u00e1n Zuleta y Valentino Russi.<br><strong>Juventud de Suipacha 0<\/strong>.<\/p>\n\n\n\n<figure class=\"wp-block-image size-large\"><img loading=\"lazy\" decoding=\"async\" width=\"819\" height=\"1024\" data-attachment-id=\"195217\" data-permalink=\"https:\/\/www.hoymercedes.com.ar\/principal\/2026\/04\/27\/primera-reserva-y-femenino-se-pusieron-al-dia-en-la-liga-mercedina\/11-4-4\/#main\" data-orig-file=\"https:\/\/www.hoymercedes.com.ar\/principal\/wp-content\/uploads\/2026\/04\/11-4.png\" data-orig-size=\"1080,1350\" data-comments-opened=\"0\" data-image-meta=\"{&quot;aperture&quot;:&quot;0&quot;,&quot;credit&quot;:&quot;&quot;,&quot;camera&quot;:&quot;&quot;,&quot;caption&quot;:&quot;&quot;,&quot;created_timestamp&quot;:&quot;0&quot;,&quot;copyright&quot;:&quot;&quot;,&quot;focal_length&quot;:&quot;0&quot;,&quot;iso&quot;:&quot;0&quot;,&quot;shutter_speed&quot;:&quot;0&quot;,&quot;title&quot;:&quot;&quot;,&quot;orientation&quot;:&quot;0&quot;}\" data-image-title=\"11 (4)\" data-image-description=\"\" data-image-caption=\"\" data-large-file=\"https:\/\/www.hoymercedes.com.ar\/principal\/wp-content\/uploads\/2026\/04\/11-4-819x1024.png\" src=\"https:\/\/www.hoymercedes.com.ar\/principal\/wp-content\/uploads\/2026\/04\/11-4-819x1024.png\" alt=\"\" class=\"wp-image-195217\" srcset=\"https:\/\/www.hoymercedes.com.ar\/principal\/wp-content\/uploads\/2026\/04\/11-4-819x1024.png 819w, https:\/\/www.hoymercedes.com.ar\/principal\/wp-content\/uploads\/2026\/04\/11-4-496x620.png 496w, https:\/\/www.hoymercedes.com.ar\/principal\/wp-content\/uploads\/2026\/04\/11-4-120x150.png 120w, https:\/\/www.hoymercedes.com.ar\/principal\/wp-content\/uploads\/2026\/04\/11-4.png 1080w\" sizes=\"auto, (max-width: 819px) 100vw, 819px\" \/><\/figure>\n\n\n\n<p>Resultados de Reserva<\/p>\n\n\n\n<p><br>Jueves 23<br>Juventud 1<br>All Haz 1<\/p>\n\n\n\n<p>S\u00e1bado25<br>Jorge Newbery 3:<br>All Haz 5:<\/p>\n\n\n\n<figure class=\"wp-block-image size-large\"><img loading=\"lazy\" decoding=\"async\" width=\"819\" height=\"1024\" data-attachment-id=\"195218\" data-permalink=\"https:\/\/www.hoymercedes.com.ar\/principal\/2026\/04\/27\/primera-reserva-y-femenino-se-pusieron-al-dia-en-la-liga-mercedina\/11-5-4\/#main\" data-orig-file=\"https:\/\/www.hoymercedes.com.ar\/principal\/wp-content\/uploads\/2026\/04\/11-5-1.png\" data-orig-size=\"1080,1350\" data-comments-opened=\"0\" data-image-meta=\"{&quot;aperture&quot;:&quot;0&quot;,&quot;credit&quot;:&quot;&quot;,&quot;camera&quot;:&quot;&quot;,&quot;caption&quot;:&quot;&quot;,&quot;created_timestamp&quot;:&quot;0&quot;,&quot;copyright&quot;:&quot;&quot;,&quot;focal_length&quot;:&quot;0&quot;,&quot;iso&quot;:&quot;0&quot;,&quot;shutter_speed&quot;:&quot;0&quot;,&quot;title&quot;:&quot;&quot;,&quot;orientation&quot;:&quot;0&quot;}\" data-image-title=\"11 (5)\" data-image-description=\"\" data-image-caption=\"\" data-large-file=\"https:\/\/www.hoymercedes.com.ar\/principal\/wp-content\/uploads\/2026\/04\/11-5-1-819x1024.png\" src=\"https:\/\/www.hoymercedes.com.ar\/principal\/wp-content\/uploads\/2026\/04\/11-5-1-819x1024.png\" alt=\"\" class=\"wp-image-195218\" srcset=\"https:\/\/www.hoymercedes.com.ar\/principal\/wp-content\/uploads\/2026\/04\/11-5-1-819x1024.png 819w, https:\/\/www.hoymercedes.com.ar\/principal\/wp-content\/uploads\/2026\/04\/11-5-1-496x620.png 496w, https:\/\/www.hoymercedes.com.ar\/principal\/wp-content\/uploads\/2026\/04\/11-5-1-120x150.png 120w, https:\/\/www.hoymercedes.com.ar\/principal\/wp-content\/uploads\/2026\/04\/11-5-1.png 1080w\" sizes=\"auto, (max-width: 819px) 100vw, 819px\" \/><\/figure>\n\n\n\n<p>Resultados Femenino Primera Divisi\u00f3n &#8211; Fecha 5<\/p>\n\n\n\n<p>Pabell\u00f3n 0 \u2013 El Front\u00f3n 2.<br>Palometas 2 \u2013 Nicol\u00e1s 4.<br>Trocha 3 \u2013 Club Mercedes 2.<br>Carteros 0 \u2013 Tim\u00f3n 7.<\/p>\n\n\n\n<figure class=\"wp-block-image size-large\"><img loading=\"lazy\" decoding=\"async\" width=\"819\" height=\"1024\" data-attachment-id=\"195219\" data-permalink=\"https:\/\/www.hoymercedes.com.ar\/principal\/2026\/04\/27\/primera-reserva-y-femenino-se-pusieron-al-dia-en-la-liga-mercedina\/11-6-4\/#main\" data-orig-file=\"https:\/\/www.hoymercedes.com.ar\/principal\/wp-content\/uploads\/2026\/04\/11-6-1.png\" data-orig-size=\"1080,1350\" data-comments-opened=\"0\" data-image-meta=\"{&quot;aperture&quot;:&quot;0&quot;,&quot;credit&quot;:&quot;&quot;,&quot;camera&quot;:&quot;&quot;,&quot;caption&quot;:&quot;&quot;,&quot;created_timestamp&quot;:&quot;0&quot;,&quot;copyright&quot;:&quot;&quot;,&quot;focal_length&quot;:&quot;0&quot;,&quot;iso&quot;:&quot;0&quot;,&quot;shutter_speed&quot;:&quot;0&quot;,&quot;title&quot;:&quot;&quot;,&quot;orientation&quot;:&quot;0&quot;}\" data-image-title=\"11 (6)\" data-image-description=\"\" data-image-caption=\"\" data-large-file=\"https:\/\/www.hoymercedes.com.ar\/principal\/wp-content\/uploads\/2026\/04\/11-6-1-819x1024.png\" src=\"https:\/\/www.hoymercedes.com.ar\/principal\/wp-content\/uploads\/2026\/04\/11-6-1-819x1024.png\" alt=\"\" class=\"wp-image-195219\" srcset=\"https:\/\/www.hoymercedes.com.ar\/principal\/wp-content\/uploads\/2026\/04\/11-6-1-819x1024.png 819w, https:\/\/www.hoymercedes.com.ar\/principal\/wp-content\/uploads\/2026\/04\/11-6-1-496x620.png 496w, https:\/\/www.hoymercedes.com.ar\/principal\/wp-content\/uploads\/2026\/04\/11-6-1-120x150.png 120w, https:\/\/www.hoymercedes.com.ar\/principal\/wp-content\/uploads\/2026\/04\/11-6-1.png 1080w\" sizes=\"auto, (max-width: 819px) 100vw, 819px\" \/><\/figure>\n","protected":false},"excerpt":{"rendered":"<p>Durante este fin de semana se jugaron partidos pendientes del torneo de Primera Divisi\u00f3n de la Liga Mercedina y de &#8230; <a title=\"Primera, Reserva y Femenino se pusieron al d\u00eda en la Liga Mercedina\" class=\"read-more\" href=\"https:\/\/www.hoymercedes.com.ar\/principal\/2026\/04\/27\/primera-reserva-y-femenino-se-pusieron-al-dia-en-la-liga-mercedina\/\" aria-label=\"Leer m\u00e1s sobre Primera, Reserva y Femenino se pusieron al d\u00eda en la Liga Mercedina\">Leer m\u00e1s<\/a><\/p>\n","protected":false},"author":1,"featured_media":195217,"comment_status":"closed","ping_status":"open","sticky":false,"template":"","format":"standard","meta":{"_monsterinsights_skip_tracking":false,"_monsterinsights_sitenote_active":false,"_monsterinsights_sitenote_note":"","_monsterinsights_sitenote_category":0,"jetpack_post_was_ever_published":false,"_jetpack_newsletter_access":"","_jetpack_dont_email_post_to_subs":false,"_jetpack_newsletter_tier_id":0,"_jetpack_memberships_contains_paywalled_content":false,"_jetpack_memberships_contains_paid_content":false,"footnotes":"","jetpack_publicize_message":"","jetpack_publicize_feature_enabled":true,"jetpack_social_post_already_shared":true,"jetpack_social_options":{"image_generator_settings":{"template":"highway","default_image_id":0,"font":"","enabled":false},"version":2},"_wpas_customize_per_network":false},"categories":[21],"tags":[],"class_list":["post-195216","post","type-post","status-publish","format-standard","has-post-thumbnail","hentry","category-deportes","generate-columns","tablet-grid-50","mobile-grid-100","grid-parent","grid-50"],"jetpack_publicize_connections":[],"jetpack_featured_media_url":"https:\/\/www.hoymercedes.com.ar\/principal\/wp-content\/uploads\/2026\/04\/11-4.png","wps_subtitle":"","jetpack_sharing_enabled":true,"_links":{"self":[{"href":"https:\/\/www.hoymercedes.com.ar\/principal\/wp-json\/wp\/v2\/posts\/195216","targetHints":{"allow":["GET"]}}],"collection":[{"href":"https:\/\/www.hoymercedes.com.ar\/principal\/wp-json\/wp\/v2\/posts"}],"about":[{"href":"https:\/\/www.hoymercedes.com.ar\/principal\/wp-json\/wp\/v2\/types\/post"}],"author":[{"embeddable":true,"href":"https:\/\/www.hoymercedes.com.ar\/principal\/wp-json\/wp\/v2\/users\/1"}],"replies":[{"embeddable":true,"href":"https:\/\/www.hoymercedes.com.ar\/principal\/wp-json\/wp\/v2\/comments?post=195216"}],"version-history":[{"count":1,"href":"https:\/\/www.hoymercedes.com.ar\/principal\/wp-json\/wp\/v2\/posts\/195216\/revisions"}],"predecessor-version":[{"id":195220,"href":"https:\/\/www.hoymercedes.com.ar\/principal\/wp-json\/wp\/v2\/posts\/195216\/revisions\/195220"}],"wp:featuredmedia":[{"embeddable":true,"href":"https:\/\/www.hoymercedes.com.ar\/principal\/wp-json\/wp\/v2\/media\/195217"}],"wp:attachment":[{"href":"https:\/\/www.hoymercedes.com.ar\/principal\/wp-json\/wp\/v2\/media?parent=195216"}],"wp:term":[{"taxonomy":"category","embeddable":true,"href":"https:\/\/www.hoymercedes.com.ar\/principal\/wp-json\/wp\/v2\/categories?post=195216"},{"taxonomy":"post_tag","embeddable":true,"href":"https:\/\/www.hoymercedes.com.ar\/principal\/wp-json\/wp\/v2\/tags?post=195216"}],"curies":[{"name":"wp","href":"https:\/\/api.w.org\/{rel}","templated":true}]}}