{"id":195221,"date":"2026-04-27T16:42:00","date_gmt":"2026-04-27T19:42:00","guid":{"rendered":"https:\/\/www.hoymercedes.com.ar\/principal\/?p=195221"},"modified":"2026-04-27T15:46:33","modified_gmt":"2026-04-27T18:46:33","slug":"quilmes-gano-su-cuarto-partido-al-hilo-goleando-a-25-de-mayo","status":"publish","type":"post","link":"https:\/\/www.hoymercedes.com.ar\/principal\/2026\/04\/27\/quilmes-gano-su-cuarto-partido-al-hilo-goleando-a-25-de-mayo\/","title":{"rendered":"Quilmes gan\u00f3 su cuarto partido al hilo goleando a 25 de Mayo"},"content":{"rendered":"\n<figure class=\"wp-block-image size-large\"><img loading=\"lazy\" decoding=\"async\" width=\"720\" height=\"720\" data-attachment-id=\"195223\" data-permalink=\"https:\/\/www.hoymercedes.com.ar\/principal\/whatsapp-image-2026-04-26-at-21-53-53-2\/\" data-orig-file=\"https:\/\/www.hoymercedes.com.ar\/principal\/wp-content\/uploads\/2026\/04\/WhatsApp-Image-2026-04-26-at-21.53.53-edited.jpeg\" data-orig-size=\"720,720\" data-comments-opened=\"0\" data-image-meta=\"{&quot;aperture&quot;:&quot;0&quot;,&quot;credit&quot;:&quot;&quot;,&quot;camera&quot;:&quot;&quot;,&quot;caption&quot;:&quot;&quot;,&quot;created_timestamp&quot;:&quot;0&quot;,&quot;copyright&quot;:&quot;&quot;,&quot;focal_length&quot;:&quot;0&quot;,&quot;iso&quot;:&quot;0&quot;,&quot;shutter_speed&quot;:&quot;0&quot;,&quot;title&quot;:&quot;&quot;,&quot;orientation&quot;:&quot;0&quot;}\" data-image-title=\"WhatsApp Image 2026-04-26 at 21.53.53\" data-image-description=\"\" data-image-caption=\"\" data-large-file=\"https:\/\/www.hoymercedes.com.ar\/principal\/wp-content\/uploads\/2026\/04\/WhatsApp-Image-2026-04-26-at-21.53.53-edited.jpeg\" src=\"https:\/\/www.hoymercedes.com.ar\/principal\/wp-content\/uploads\/2026\/04\/WhatsApp-Image-2026-04-26-at-21.53.53-edited.jpeg\" alt=\"\" class=\"wp-image-195223\" srcset=\"https:\/\/www.hoymercedes.com.ar\/principal\/wp-content\/uploads\/2026\/04\/WhatsApp-Image-2026-04-26-at-21.53.53-edited.jpeg 720w, https:\/\/www.hoymercedes.com.ar\/principal\/wp-content\/uploads\/2026\/04\/WhatsApp-Image-2026-04-26-at-21.53.53-edited-620x620.jpeg 620w, https:\/\/www.hoymercedes.com.ar\/principal\/wp-content\/uploads\/2026\/04\/WhatsApp-Image-2026-04-26-at-21.53.53-edited-150x150.jpeg 150w\" sizes=\"auto, (max-width: 720px) 100vw, 720px\" \/><\/figure>\n\n\n\n<p>La campa\u00f1a de Quilmes en la Primera Divisi\u00f3n de la Asociaci\u00f3n Chivilcoyana de B\u00e1squetbol atraviesa un gran momento. En la noche del domingo 26, el equipo alcanz\u00f3 su cuarto triunfo consecutivo, consolid\u00e1ndose como uno de los protagonistas del torneo regional bajo la conducci\u00f3n de Jos\u00e9 Luis Giallorenzo.<\/p>\n\n\n\n<p>El \u201cCervecero\u201d se impuso con claridad ante Sportivo 25 de Mayo por 71 a 40. En el quinteto inicial estuvieron Gonzalo \u00c1lvarez (7 puntos), Francisco Dinova (17), Patricio Moner (14), Ciro Cosentino (2) y Francisco Mc Cormack (19).<\/p>\n\n\n\n<p>Tambi\u00e9n sumaron minutos Franco Cabrera, Joaqu\u00edn Lisciotto, Franco Perdomo, Valentino Bongiorno (2), Juan Crevani (3), Tom\u00e1s Lencioni (6) y Juan Repetto (2).<\/p>\n\n\n\n<p>En otro de los encuentros correspondientes a la s\u00e9ptima fecha, Jacobo Uso cay\u00f3 en Saladillo frente a Gimnasia de Chivilcoy por 69 a 58.<\/p>\n\n\n\n<p>La acci\u00f3n continuar\u00e1 este lunes 27, cuando Argentino y San Lorenzo se enfrenten desde las 21:30, mientras que el martes 28 ser\u00e1 el turno de Racing y Col\u00f3n, tambi\u00e9n a partir de las 21:30.<\/p>\n\n\n\n<p>Por la octava fecha, Quilmes se medir\u00e1 ante San Lorenzo en lo que ser\u00e1 la pen\u00faltima jornada, para luego quedar libre.<\/p>\n","protected":false},"excerpt":{"rendered":"<p>La campa\u00f1a de Quilmes en la Primera Divisi\u00f3n de la Asociaci\u00f3n Chivilcoyana de B\u00e1squetbol atraviesa un gran momento. En la &#8230; <a title=\"Quilmes gan\u00f3 su cuarto partido al hilo goleando a 25 de Mayo\" class=\"read-more\" href=\"https:\/\/www.hoymercedes.com.ar\/principal\/2026\/04\/27\/quilmes-gano-su-cuarto-partido-al-hilo-goleando-a-25-de-mayo\/\" aria-label=\"Leer m\u00e1s sobre Quilmes gan\u00f3 su cuarto partido al hilo goleando a 25 de Mayo\">Leer m\u00e1s<\/a><\/p>\n","protected":false},"author":1,"featured_media":195223,"comment_status":"closed","ping_status":"open","sticky":false,"template":"","format":"standard","meta":{"_monsterinsights_skip_tracking":false,"_monsterinsights_sitenote_active":false,"_monsterinsights_sitenote_note":"","_monsterinsights_sitenote_category":0,"jetpack_post_was_ever_published":false,"_jetpack_newsletter_access":"","_jetpack_dont_email_post_to_subs":false,"_jetpack_newsletter_tier_id":0,"_jetpack_memberships_contains_paywalled_content":false,"_jetpack_memberships_contains_paid_content":false,"footnotes":"","jetpack_publicize_message":"","jetpack_publicize_feature_enabled":true,"jetpack_social_post_already_shared":true,"jetpack_social_options":{"image_generator_settings":{"template":"highway","default_image_id":0,"font":"","enabled":false},"version":2},"_wpas_customize_per_network":false},"categories":[21],"tags":[],"class_list":["post-195221","post","type-post","status-publish","format-standard","has-post-thumbnail","hentry","category-deportes","generate-columns","tablet-grid-50","mobile-grid-100","grid-parent","grid-50"],"jetpack_publicize_connections":[],"jetpack_featured_media_url":"https:\/\/www.hoymercedes.com.ar\/principal\/wp-content\/uploads\/2026\/04\/WhatsApp-Image-2026-04-26-at-21.53.53-edited.jpeg","wps_subtitle":"","jetpack_sharing_enabled":true,"_links":{"self":[{"href":"https:\/\/www.hoymercedes.com.ar\/principal\/wp-json\/wp\/v2\/posts\/195221","targetHints":{"allow":["GET"]}}],"collection":[{"href":"https:\/\/www.hoymercedes.com.ar\/principal\/wp-json\/wp\/v2\/posts"}],"about":[{"href":"https:\/\/www.hoymercedes.com.ar\/principal\/wp-json\/wp\/v2\/types\/post"}],"author":[{"embeddable":true,"href":"https:\/\/www.hoymercedes.com.ar\/principal\/wp-json\/wp\/v2\/users\/1"}],"replies":[{"embeddable":true,"href":"https:\/\/www.hoymercedes.com.ar\/principal\/wp-json\/wp\/v2\/comments?post=195221"}],"version-history":[{"count":1,"href":"https:\/\/www.hoymercedes.com.ar\/principal\/wp-json\/wp\/v2\/posts\/195221\/revisions"}],"predecessor-version":[{"id":195224,"href":"https:\/\/www.hoymercedes.com.ar\/principal\/wp-json\/wp\/v2\/posts\/195221\/revisions\/195224"}],"wp:featuredmedia":[{"embeddable":true,"href":"https:\/\/www.hoymercedes.com.ar\/principal\/wp-json\/wp\/v2\/media\/195223"}],"wp:attachment":[{"href":"https:\/\/www.hoymercedes.com.ar\/principal\/wp-json\/wp\/v2\/media?parent=195221"}],"wp:term":[{"taxonomy":"category","embeddable":true,"href":"https:\/\/www.hoymercedes.com.ar\/principal\/wp-json\/wp\/v2\/categories?post=195221"},{"taxonomy":"post_tag","embeddable":true,"href":"https:\/\/www.hoymercedes.com.ar\/principal\/wp-json\/wp\/v2\/tags?post=195221"}],"curies":[{"name":"wp","href":"https:\/\/api.w.org\/{rel}","templated":true}]}}