{"id":195225,"date":"2026-04-27T17:41:12","date_gmt":"2026-04-27T20:41:12","guid":{"rendered":"https:\/\/www.hoymercedes.com.ar\/principal\/?p=195225"},"modified":"2026-04-27T17:41:15","modified_gmt":"2026-04-27T20:41:15","slug":"dubarry-nuevo-espacio-de-testeo-rapido-de-vih-y-sifilis","status":"publish","type":"post","link":"https:\/\/www.hoymercedes.com.ar\/principal\/2026\/04\/27\/dubarry-nuevo-espacio-de-testeo-rapido-de-vih-y-sifilis\/","title":{"rendered":"Dubarry: nuevo espacio de testeo r\u00e1pido de VIH y S\u00edfilis"},"content":{"rendered":"\n<p>A partir del pr\u00f3ximo <strong>lunes 4 de mayo<\/strong>, la ciudad contar\u00e1 con un nuevo servicio de salud preventiva. Se trata de un espacio destinado a la realizaci\u00f3n de <strong>testeos r\u00e1pidos de VIH y s\u00edfilis<\/strong>, que funcionar\u00e1 en el consultorio del <strong>SAPS<\/strong> (anexo del hospital), ubicado en la intersecci\u00f3n de las <strong>calles 37 y 10<\/strong>.<\/p>\n\n\n\n<p>La iniciativa busca facilitar el acceso al diagn\u00f3stico de manera sencilla y segura. Los interesados podr\u00e1n acercarse bajo la modalidad de <strong>demanda espont\u00e1nea<\/strong>, lo que significa que no es necesario contar con una orden m\u00e9dica ni solicitar un turno previo.<\/p>\n\n\n\n<h3 class=\"wp-block-heading\"><strong>Detalles de la atenci\u00f3n:<\/strong><\/h3>\n\n\n\n<ul class=\"wp-block-list\">\n<li><strong>D\u00edas:<\/strong> Todos los lunes (excepto feriados).<\/li>\n\n\n\n<li><strong>Horario:<\/strong> De 08:00 a 10:00 hs.<\/li>\n\n\n\n<li><strong>Cupos:<\/strong> Se atender\u00e1n 10 personas por jornada.<\/li>\n<\/ul>\n\n\n\n<p>Desde la organizaci\u00f3n destacaron que el procedimiento es <strong>totalmente gratuito, r\u00e1pido y bajo estrictas normas de confidencialidad<\/strong>, garantizando la privacidad de cada paciente. Bajo el lema <em>\u00abEleg\u00ed saber\u00bb<\/em>, se invita a la comunidad a realizarse estos controles de rutina fundamentales para la detecci\u00f3n temprana y el cuidado de la salud integral.<\/p>\n\n\n\n<figure class=\"wp-block-image size-large is-resized\"><img loading=\"lazy\" decoding=\"async\" width=\"819\" height=\"1024\" data-attachment-id=\"195226\" data-permalink=\"https:\/\/www.hoymercedes.com.ar\/principal\/2026\/04\/27\/dubarry-nuevo-espacio-de-testeo-rapido-de-vih-y-sifilis\/nuevos-tratamientos-dubarry\/#main\" data-orig-file=\"https:\/\/www.hoymercedes.com.ar\/principal\/wp-content\/uploads\/2026\/04\/Nuevos-Tratamientos-Dubarry.jpeg\" data-orig-size=\"1080,1350\" data-comments-opened=\"0\" data-image-meta=\"{&quot;aperture&quot;:&quot;0&quot;,&quot;credit&quot;:&quot;&quot;,&quot;camera&quot;:&quot;&quot;,&quot;caption&quot;:&quot;&quot;,&quot;created_timestamp&quot;:&quot;0&quot;,&quot;copyright&quot;:&quot;&quot;,&quot;focal_length&quot;:&quot;0&quot;,&quot;iso&quot;:&quot;0&quot;,&quot;shutter_speed&quot;:&quot;0&quot;,&quot;title&quot;:&quot;&quot;,&quot;orientation&quot;:&quot;0&quot;}\" data-image-title=\"Nuevos Tratamientos &amp;#8211; Dubarry\" data-image-description=\"\" data-image-caption=\"\" data-large-file=\"https:\/\/www.hoymercedes.com.ar\/principal\/wp-content\/uploads\/2026\/04\/Nuevos-Tratamientos-Dubarry-819x1024.jpeg\" src=\"https:\/\/www.hoymercedes.com.ar\/principal\/wp-content\/uploads\/2026\/04\/Nuevos-Tratamientos-Dubarry-819x1024.jpeg\" alt=\"\" class=\"wp-image-195226\" style=\"width:1049px;height:auto\" srcset=\"https:\/\/www.hoymercedes.com.ar\/principal\/wp-content\/uploads\/2026\/04\/Nuevos-Tratamientos-Dubarry-819x1024.jpeg 819w, https:\/\/www.hoymercedes.com.ar\/principal\/wp-content\/uploads\/2026\/04\/Nuevos-Tratamientos-Dubarry-496x620.jpeg 496w, https:\/\/www.hoymercedes.com.ar\/principal\/wp-content\/uploads\/2026\/04\/Nuevos-Tratamientos-Dubarry-120x150.jpeg 120w, https:\/\/www.hoymercedes.com.ar\/principal\/wp-content\/uploads\/2026\/04\/Nuevos-Tratamientos-Dubarry.jpeg 1080w\" sizes=\"auto, (max-width: 819px) 100vw, 819px\" \/><\/figure>\n","protected":false},"excerpt":{"rendered":"<p>A partir del pr\u00f3ximo lunes 4 de mayo, la ciudad contar\u00e1 con un nuevo servicio de salud preventiva. Se trata &#8230; <a title=\"Dubarry: nuevo espacio de testeo r\u00e1pido de VIH y S\u00edfilis\" class=\"read-more\" href=\"https:\/\/www.hoymercedes.com.ar\/principal\/2026\/04\/27\/dubarry-nuevo-espacio-de-testeo-rapido-de-vih-y-sifilis\/\" aria-label=\"Leer m\u00e1s sobre Dubarry: nuevo espacio de testeo r\u00e1pido de VIH y S\u00edfilis\">Leer m\u00e1s<\/a><\/p>\n","protected":false},"author":1,"featured_media":191587,"comment_status":"closed","ping_status":"open","sticky":false,"template":"","format":"standard","meta":{"_monsterinsights_skip_tracking":false,"_monsterinsights_sitenote_active":false,"_monsterinsights_sitenote_note":"","_monsterinsights_sitenote_category":0,"jetpack_post_was_ever_published":false,"_jetpack_newsletter_access":"","_jetpack_dont_email_post_to_subs":false,"_jetpack_newsletter_tier_id":0,"_jetpack_memberships_contains_paywalled_content":false,"_jetpack_memberships_contains_paid_content":false,"footnotes":"","jetpack_publicize_message":"","jetpack_publicize_feature_enabled":true,"jetpack_social_post_already_shared":true,"jetpack_social_options":{"image_generator_settings":{"template":"highway","default_image_id":0,"font":"","enabled":false},"version":2},"_wpas_customize_per_network":false},"categories":[9791],"tags":[140,18406,16744],"class_list":["post-195225","post","type-post","status-publish","format-standard","has-post-thumbnail","hentry","category-salud","tag-hospital-dubarry","tag-sifilis","tag-vih","generate-columns","tablet-grid-50","mobile-grid-100","grid-parent","grid-50"],"jetpack_publicize_connections":[],"jetpack_featured_media_url":"https:\/\/www.hoymercedes.com.ar\/principal\/wp-content\/uploads\/2026\/02\/Hospital-1.jpeg","wps_subtitle":"Cuidado de la salud","jetpack_sharing_enabled":true,"_links":{"self":[{"href":"https:\/\/www.hoymercedes.com.ar\/principal\/wp-json\/wp\/v2\/posts\/195225","targetHints":{"allow":["GET"]}}],"collection":[{"href":"https:\/\/www.hoymercedes.com.ar\/principal\/wp-json\/wp\/v2\/posts"}],"about":[{"href":"https:\/\/www.hoymercedes.com.ar\/principal\/wp-json\/wp\/v2\/types\/post"}],"author":[{"embeddable":true,"href":"https:\/\/www.hoymercedes.com.ar\/principal\/wp-json\/wp\/v2\/users\/1"}],"replies":[{"embeddable":true,"href":"https:\/\/www.hoymercedes.com.ar\/principal\/wp-json\/wp\/v2\/comments?post=195225"}],"version-history":[{"count":2,"href":"https:\/\/www.hoymercedes.com.ar\/principal\/wp-json\/wp\/v2\/posts\/195225\/revisions"}],"predecessor-version":[{"id":195228,"href":"https:\/\/www.hoymercedes.com.ar\/principal\/wp-json\/wp\/v2\/posts\/195225\/revisions\/195228"}],"wp:featuredmedia":[{"embeddable":true,"href":"https:\/\/www.hoymercedes.com.ar\/principal\/wp-json\/wp\/v2\/media\/191587"}],"wp:attachment":[{"href":"https:\/\/www.hoymercedes.com.ar\/principal\/wp-json\/wp\/v2\/media?parent=195225"}],"wp:term":[{"taxonomy":"category","embeddable":true,"href":"https:\/\/www.hoymercedes.com.ar\/principal\/wp-json\/wp\/v2\/categories?post=195225"},{"taxonomy":"post_tag","embeddable":true,"href":"https:\/\/www.hoymercedes.com.ar\/principal\/wp-json\/wp\/v2\/tags?post=195225"}],"curies":[{"name":"wp","href":"https:\/\/api.w.org\/{rel}","templated":true}]}}