{"id":195229,"date":"2026-04-27T18:50:00","date_gmt":"2026-04-27T21:50:00","guid":{"rendered":"https:\/\/www.hoymercedes.com.ar\/principal\/?p=195229"},"modified":"2026-04-27T18:00:24","modified_gmt":"2026-04-27T21:00:24","slug":"ustarroz-agradecio-el-balance-positivo-economico-y-humano-de-la-fiesta-de-la-torta-frita","status":"publish","type":"post","link":"https:\/\/www.hoymercedes.com.ar\/principal\/2026\/04\/27\/ustarroz-agradecio-el-balance-positivo-economico-y-humano-de-la-fiesta-de-la-torta-frita\/","title":{"rendered":"Ustarroz agradeci\u00f3 \u201cel balance positivo econ\u00f3mico y humano\u201d de la Fiesta de la Torta Frita"},"content":{"rendered":"\n<figure class=\"wp-block-image size-large is-resized\"><img loading=\"lazy\" decoding=\"async\" width=\"1024\" height=\"682\" data-attachment-id=\"195230\" data-permalink=\"https:\/\/www.hoymercedes.com.ar\/principal\/2026\/04\/27\/ustarroz-agradecio-el-balance-positivo-economico-y-humano-de-la-fiesta-de-la-torta-frita\/dsc00288\/#main\" data-orig-file=\"https:\/\/www.hoymercedes.com.ar\/principal\/wp-content\/uploads\/2026\/04\/DSC00288.jpg\" data-orig-size=\"1319,879\" data-comments-opened=\"0\" data-image-meta=\"{&quot;aperture&quot;:&quot;0&quot;,&quot;credit&quot;:&quot;&quot;,&quot;camera&quot;:&quot;&quot;,&quot;caption&quot;:&quot;&quot;,&quot;created_timestamp&quot;:&quot;0&quot;,&quot;copyright&quot;:&quot;&quot;,&quot;focal_length&quot;:&quot;0&quot;,&quot;iso&quot;:&quot;0&quot;,&quot;shutter_speed&quot;:&quot;0&quot;,&quot;title&quot;:&quot;&quot;,&quot;orientation&quot;:&quot;0&quot;}\" data-image-title=\"Ustarroz agradeci\u00f3 \u201cel balance positivo econ\u00f3mico y humano\u201d de la Fiesta de la Torta Frita\" data-image-description=\"&lt;p&gt;Ustarroz agradeci\u00f3 \u201cel balance positivo econ\u00f3mico y humano\u201d de la Fiesta de la Torta Frita&lt;\/p&gt;\n\" data-image-caption=\"&lt;p&gt;Ustarroz agradeci\u00f3 \u201cel balance positivo econ\u00f3mico y humano\u201d de la Fiesta de la Torta Frita&lt;\/p&gt;\n\" data-large-file=\"https:\/\/www.hoymercedes.com.ar\/principal\/wp-content\/uploads\/2026\/04\/DSC00288-1024x682.jpg\" src=\"https:\/\/www.hoymercedes.com.ar\/principal\/wp-content\/uploads\/2026\/04\/DSC00288-1024x682.jpg\" alt=\"\" class=\"wp-image-195230\" style=\"width:1067px;height:auto\" srcset=\"https:\/\/www.hoymercedes.com.ar\/principal\/wp-content\/uploads\/2026\/04\/DSC00288-1024x682.jpg 1024w, https:\/\/www.hoymercedes.com.ar\/principal\/wp-content\/uploads\/2026\/04\/DSC00288-630x420.jpg 630w, https:\/\/www.hoymercedes.com.ar\/principal\/wp-content\/uploads\/2026\/04\/DSC00288-150x100.jpg 150w, https:\/\/www.hoymercedes.com.ar\/principal\/wp-content\/uploads\/2026\/04\/DSC00288.jpg 1319w\" sizes=\"auto, (max-width: 1024px) 100vw, 1024px\" \/><\/figure>\n\n\n\n<p>El intendente Juani Ustarroz destac\u00f3 y agradeci\u00f3 \u201cel balance positivo\u201d de la 26ta edici\u00f3n de la Fiesta Nacional de la Torta Frita \u201cen lo econ\u00f3mico pero m\u00e1s que nada en lo humano\u201d, al realizar hoy, y en el marco del Programa de Transparencia Municipal, la rendici\u00f3n de cuentas del evento ante concejales del oficialismo y la oposici\u00f3n, organizadores y representantes de clubes e instituciones que tuvieron puestos y stands en el Parque Independencia.<\/p>\n\n\n\n<p>\u201cYo agradezco la presencia de todos y sobre todo de los concejales de la oposici\u00f3n, porque estamos convencidos de que este es el camino: unidad en la diversidad. Y, como en la naturaleza, m\u00e1s diversidad nos permite mejores resultados y m\u00e1s potentes. Discutir desde el respeto, sostener lo que funciona bien como es el caso de esta fiesta\u201d, se\u00f1al\u00f3 Ustarroz.<\/p>\n\n\n\n<p>La 26ta edici\u00f3n de la fiesta, realizada el s\u00e1bado 11 y domingo 12 de abril en el parque municipal, dej\u00f3 en las arcas municipales una ganancia de m\u00e1s de 20 millones pesos y el intendente valor\u00f3 la cifra, pero destac\u00f3 sobre todo \u201clo humano, porque adem\u00e1s de la generaci\u00f3n de empleo y de las posibilidades econ\u00f3micas que ofrece a trabajadores, clubes e instituciones, lo que provoca es un punto de encuentro a trav\u00e9s del deporte, de la cultura, de un escenario para nuestros artistas, de miles de personas que vienen y despu\u00e9s vuelven\u201d.<\/p>\n\n\n\n<p>En la rendici\u00f3n de cuentas, realizada este mediod\u00eda en el recinto del Honorable Concejo Deliberante, Ustarroz estuvo acompa\u00f1ado por el secretario de Econom\u00eda y Hacienda, David Valerga; el director de Turismo, Francisco Dinova; representantes de la organizaci\u00f3n (Juan Pablo L\u00f3pez, Quique N\u00fa\u00f1ez, Amanda Maidana y F\u00e1tima Costa); y la presidenta de Palometas, Elina Cadenazzo, como \u201ccara visible\u201d de los clubes.<\/p>\n\n\n\n<p>Entre los presentes estuvieron la presidenta del HCD, Mariana San Mart\u00edn; el presidente del bloque de Fuerza Patria, Santiago Altube; la concejala oficialista Andrea Bozzini; los ediles opositores Carolina Bessega (LLA), Daniel Ivaldi y A\u00edda Pety Laporta (ambos de la UCR); la secretaria de Gobierno, Clara Zunino; el subsecretario de Servicios P\u00fablicos, Luis Ponce; y la directora de Cultura, Jimena Rivas.<\/p>\n\n\n\n<p><strong>-Los n\u00fameros de la fiesta-<\/strong><\/p>\n\n\n\n<p>Seg\u00fan el informe presentado, al municipio le qued\u00f3 una ganancia neta de 21.772.450 pesos sobre una recaudaci\u00f3n de 85.800.000 pesos (57.526.000 por la venta de entradas y los 28.290.000 restantes por el canon de stands y puestos de la fiesta). Adem\u00e1s, el Consejo Federal de Inversiones sum\u00f3 120 millones de pesos: \u201cHay distintas instancias para que el Estado contribuya y esta es una muy importante, porque el dinero que aportamos los mercedinos vuelve a nuestra ciudad y se multiplica\u201d, dijo al respecto el jefe comunal.<\/p>\n\n\n\n<p>\u201cY adem\u00e1s de los beneficios econ\u00f3micos directos est\u00e1n los indirectos, porque en esta clase de eventos se dinamiza la gastronom\u00eda, la hoteler\u00eda, la econom\u00eda local\u201d, a\u00f1adi\u00f3.<\/p>\n\n\n\n<p>El resultado positivo del balance se produjo a pesar de que este a\u00f1o hubo un 19.5% menos de asistentes (10.387 visitantes contra 12.902 de 2025). En el parque hubo 53 puestos de venta (tortas fritas, foodtrucks, gazebos, etc) que emplearon a 435 personas. La facturaci\u00f3n total de los stands alcanz\u00f3 los 581.610.000 pesos.<\/p>\n\n\n\n<p>Tambi\u00e9n fue destacado el aspecto solidario de la fiesta: la recaudaci\u00f3n de las instituciones lleg\u00f3 a los 30.386.000 pesos a trav\u00e9s de las cantinas y el estacionamiento. Es decir que, en total, el movimiento econ\u00f3mico super\u00f3 los 650 millones de pesos.<\/p>\n\n\n\n<p><strong>-Para seguir y mejorar-<\/strong><\/p>\n\n\n\n<p>Las encuestas realizadas entre los asistentes arrojaron como aspectos positivos el ambiente familiar, la organizaci\u00f3n, la seguridad, los espacios verdes y la atracci\u00f3n de la torta frita gigante. Para mejorar: cantidad de ba\u00f1os qu\u00edmicos, conectividad y se\u00f1al\u00e9tica del predio.<\/p>\n\n\n\n<p>\u201cEn estas cosas tambi\u00e9n tenemos que trabajar todos juntos, este ejemplo de los aspectos en que podemos hacer que la fiesta sea cada a\u00f1o mejor. En nuestra ciudad por suerte vivimos un buen clima pol\u00edtico y social, en estos tiempos de crisis tratamos de tirar todos para el mismo lado en pos del bien com\u00fan. Eso es para destacar y celebrar\u201d, cerr\u00f3 Ustarroz.<\/p>\n\n\n\n<p><strong>-Las opiniones-<\/strong><\/p>\n\n\n\n<p>Fran Dinova: \u201cSiempre es bueno agradecer a todos los que participan activamente en la organizaci\u00f3n de la fiesta, y los n\u00fameros presentados dan cuenta del impacto que tienen estros eventos en nuestra ciudad. Siempre hay cosas para mejorar, pero lo importante es que Mercedes ya se instal\u00f3 como destino tur\u00edstico de cercan\u00eda\u201d.<\/p>\n\n\n\n<p>David Valerga: \u201cEsta rendici\u00f3n de cuentas se da en el marco del programa de transparencia que impulsamos desde la gesti\u00f3n y busca tambi\u00e9n detallar todo el trabajo que demanda una fiesta por la que pasan miles y miles de personas, desde los arreglos que se hacen en la sart\u00e9n para la cocci\u00f3n de la torta frita gigante hasta la limpieza de los ba\u00f1os qu\u00edmicos\u201d.<\/p>\n\n\n\n<p>Elina Cadenazzo: \u201cPara los clubes el balance es siempre positivo, porque la recaudaci\u00f3n nos permite sostener actividades, obras y beneficios en funci\u00f3n del objetivo que tenemos todos: tener a los chicos en los clubes. Y va m\u00e1s all\u00e1 del deporte: queremos que se sumen las familias, los vecinos, que para los chicos y chicas el club sea su segundo hogar\u201d.<\/p>\n\n\n\n<p>Quique N\u00fa\u00f1ez: \u201cEsto no ser\u00eda posible sin el apoyo del intendente y de sus equipos, y tampoco ser\u00eda posible sin el esfuerzo de todos los que estamos detr\u00e1s de la fiesta. Es muy lindo llegar al parque y ver todo hermoso, pero tambi\u00e9n hace falta reconocer el trabajo que hay detr\u00e1s\u201d.<\/p>\n","protected":false},"excerpt":{"rendered":"<p>El intendente Juani Ustarroz destac\u00f3 y agradeci\u00f3 \u201cel balance positivo\u201d de la 26ta edici\u00f3n de la Fiesta Nacional de la &#8230; <a title=\"Ustarroz agradeci\u00f3 \u201cel balance positivo econ\u00f3mico y humano\u201d de la Fiesta de la Torta Frita\" class=\"read-more\" href=\"https:\/\/www.hoymercedes.com.ar\/principal\/2026\/04\/27\/ustarroz-agradecio-el-balance-positivo-economico-y-humano-de-la-fiesta-de-la-torta-frita\/\" aria-label=\"Leer m\u00e1s sobre Ustarroz agradeci\u00f3 \u201cel balance positivo econ\u00f3mico y humano\u201d de la Fiesta de la Torta Frita\">Leer m\u00e1s<\/a><\/p>\n","protected":false},"author":1,"featured_media":195230,"comment_status":"closed","ping_status":"open","sticky":false,"template":"","format":"standard","meta":{"_monsterinsights_skip_tracking":false,"_monsterinsights_sitenote_active":false,"_monsterinsights_sitenote_note":"","_monsterinsights_sitenote_category":0,"jetpack_post_was_ever_published":false,"_jetpack_newsletter_access":"","_jetpack_dont_email_post_to_subs":false,"_jetpack_newsletter_tier_id":0,"_jetpack_memberships_contains_paywalled_content":false,"_jetpack_memberships_contains_paid_content":false,"footnotes":"","jetpack_publicize_message":"","jetpack_publicize_feature_enabled":true,"jetpack_social_post_already_shared":true,"jetpack_social_options":{"image_generator_settings":{"template":"highway","default_image_id":0,"font":"","enabled":false},"version":2},"_wpas_customize_per_network":false},"categories":[30],"tags":[2057,7410],"class_list":["post-195229","post","type-post","status-publish","format-standard","has-post-thumbnail","hentry","category-municipio","tag-fiesta-de-la-torta-frita","tag-rendicion-de-cuentas","generate-columns","tablet-grid-50","mobile-grid-100","grid-parent","grid-50"],"jetpack_publicize_connections":[],"jetpack_featured_media_url":"https:\/\/www.hoymercedes.com.ar\/principal\/wp-content\/uploads\/2026\/04\/DSC00288.jpg","wps_subtitle":"Transparencia","jetpack_sharing_enabled":true,"_links":{"self":[{"href":"https:\/\/www.hoymercedes.com.ar\/principal\/wp-json\/wp\/v2\/posts\/195229","targetHints":{"allow":["GET"]}}],"collection":[{"href":"https:\/\/www.hoymercedes.com.ar\/principal\/wp-json\/wp\/v2\/posts"}],"about":[{"href":"https:\/\/www.hoymercedes.com.ar\/principal\/wp-json\/wp\/v2\/types\/post"}],"author":[{"embeddable":true,"href":"https:\/\/www.hoymercedes.com.ar\/principal\/wp-json\/wp\/v2\/users\/1"}],"replies":[{"embeddable":true,"href":"https:\/\/www.hoymercedes.com.ar\/principal\/wp-json\/wp\/v2\/comments?post=195229"}],"version-history":[{"count":2,"href":"https:\/\/www.hoymercedes.com.ar\/principal\/wp-json\/wp\/v2\/posts\/195229\/revisions"}],"predecessor-version":[{"id":195232,"href":"https:\/\/www.hoymercedes.com.ar\/principal\/wp-json\/wp\/v2\/posts\/195229\/revisions\/195232"}],"wp:featuredmedia":[{"embeddable":true,"href":"https:\/\/www.hoymercedes.com.ar\/principal\/wp-json\/wp\/v2\/media\/195230"}],"wp:attachment":[{"href":"https:\/\/www.hoymercedes.com.ar\/principal\/wp-json\/wp\/v2\/media?parent=195229"}],"wp:term":[{"taxonomy":"category","embeddable":true,"href":"https:\/\/www.hoymercedes.com.ar\/principal\/wp-json\/wp\/v2\/categories?post=195229"},{"taxonomy":"post_tag","embeddable":true,"href":"https:\/\/www.hoymercedes.com.ar\/principal\/wp-json\/wp\/v2\/tags?post=195229"}],"curies":[{"name":"wp","href":"https:\/\/api.w.org\/{rel}","templated":true}]}}