{"id":195237,"date":"2026-04-28T08:42:00","date_gmt":"2026-04-28T11:42:00","guid":{"rendered":"https:\/\/www.hoymercedes.com.ar\/principal\/?p=195237"},"modified":"2026-04-27T18:46:25","modified_gmt":"2026-04-27T21:46:25","slug":"abogados-convoca-a-asamblea-general-y-eleccion-de-autoridades","status":"publish","type":"post","link":"https:\/\/www.hoymercedes.com.ar\/principal\/2026\/04\/28\/abogados-convoca-a-asamblea-general-y-eleccion-de-autoridades\/","title":{"rendered":"Abogados convoca a Asamblea General y elecci\u00f3n de autoridades"},"content":{"rendered":"\n<p>Desde el Colegio de Abogados del Departamento Judicial de Mercedes anunciaron oficialmente la Convocatoria a Asamblea General Ordinaria y Elecci\u00f3n de Autoridades. De conformidad y en las condiciones dispuestas por los Arts. 36, 38 y 40 y concordantes de la Ley 5177, y Arts. 82, 83, 104, 105, y concordantes del Reglamento de Funcionamiento de los Colegios Departamentales, el Consejo Directivo del Colegio de Abogados del Departamento Judicial de Mercedes convoca a los matriculados en el Colegio de Abogados del Departamento Judicial de Mercedes que est\u00e9n en condiciones legales y reglamentarias, a Asamblea General Ordinaria y Elecci\u00f3n de Autoridades.<\/p>\n\n\n<div class=\"wp-block-image\">\n<figure class=\"alignleft size-large is-resized\"><img loading=\"lazy\" decoding=\"async\" width=\"1024\" height=\"683\" data-attachment-id=\"195238\" data-permalink=\"https:\/\/www.hoymercedes.com.ar\/principal\/2026\/04\/28\/abogados-convoca-a-asamblea-general-y-eleccion-de-autoridades\/image-464\/#main\" data-orig-file=\"https:\/\/www.hoymercedes.com.ar\/principal\/wp-content\/uploads\/2026\/04\/image-68.png\" data-orig-size=\"1500,1000\" data-comments-opened=\"0\" data-image-meta=\"{&quot;aperture&quot;:&quot;0&quot;,&quot;credit&quot;:&quot;&quot;,&quot;camera&quot;:&quot;&quot;,&quot;caption&quot;:&quot;&quot;,&quot;created_timestamp&quot;:&quot;0&quot;,&quot;copyright&quot;:&quot;&quot;,&quot;focal_length&quot;:&quot;0&quot;,&quot;iso&quot;:&quot;0&quot;,&quot;shutter_speed&quot;:&quot;0&quot;,&quot;title&quot;:&quot;&quot;,&quot;orientation&quot;:&quot;0&quot;}\" data-image-title=\"image\" data-image-description=\"\" data-image-caption=\"\" data-large-file=\"https:\/\/www.hoymercedes.com.ar\/principal\/wp-content\/uploads\/2026\/04\/image-68-1024x683.png\" src=\"https:\/\/www.hoymercedes.com.ar\/principal\/wp-content\/uploads\/2026\/04\/image-68-1024x683.png\" alt=\"\" class=\"wp-image-195238\" style=\"aspect-ratio:1.50001139445318;width:404px;height:auto\" srcset=\"https:\/\/www.hoymercedes.com.ar\/principal\/wp-content\/uploads\/2026\/04\/image-68-1024x683.png 1024w, https:\/\/www.hoymercedes.com.ar\/principal\/wp-content\/uploads\/2026\/04\/image-68-630x420.png 630w, https:\/\/www.hoymercedes.com.ar\/principal\/wp-content\/uploads\/2026\/04\/image-68-150x100.png 150w, https:\/\/www.hoymercedes.com.ar\/principal\/wp-content\/uploads\/2026\/04\/image-68.png 1500w\" sizes=\"auto, (max-width: 1024px) 100vw, 1024px\" \/><\/figure>\n<\/div>\n\n\n<p>Por Resoluci\u00f3n del Consejo Directivo (Acta 1257) -y de acuerdo a las facultades dispuestas en el art. 105 del Reglamento de Funcionamiento de los Colegios Departamentales-, la Elecci\u00f3n de Autoridades se anticipar\u00e1 a la sesi\u00f3n de la Asamblea. La Elecci\u00f3n de Autoridades tendr\u00e1 lugar el d\u00eda 19 de mayo de 2026, entre la hora 9 y la hora 15. La presentaci\u00f3n de listas podr\u00e1 realizarse hasta la hora 24 del d\u00eda 9 de mayo de 2026, en la Sede Central del Colegio, calle 24 No 705, 2do Piso, (hasta el 08 de mayo de 2026 la presentaci\u00f3n de listas podr\u00e1 realizarse en el horario de 8 a 14, y el d\u00eda 09 de mayo de 2026 en el horario de 8 a 24 (ese d\u00eda llamar al 02324-15559231 a fin de que personal del Colegio reciba la lista).<\/p>\n\n\n\n<p>La sesi\u00f3n de la Asamblea General Ordinaria tendr\u00e1 lugar el<strong> d\u00eda 29 de mayo de 2026,<\/strong> en la Sede Central del Colegio, calle 24 No 705, 1er Piso, Sal\u00f3n de Actos \u00abDr. Arturo Acu\u00f1a Anzorena\u00bb a la hora 10:00 siempre que est\u00e9n presentes m\u00e1s de un tercio de los matriculados en condiciones legales y reglamentarias de asistir, y en su defecto a la hora 11:00 del mismo d\u00eda en segunda citaci\u00f3n y con los matriculados en condiciones legales y reglamentarias de asistir que est\u00e9n presentes, para tratar el siguiente:<\/p>\n\n\n\n<p>Orden del d\u00eda<\/p>\n\n\n\n<ol class=\"wp-block-list\">\n<li>Designaci\u00f3n de dos asamble\u00edstas presentes para firmar el acta de la Asamblea.<\/li>\n\n\n\n<li>Consideraci\u00f3n de la Memoria por el per\u00edodo comprendido entre el 1 de mayo de 2025 y el 30 de abril de 2026.<\/li>\n\n\n\n<li>Consideraci\u00f3n del Balance por igual per\u00edodo.<\/li>\n\n\n\n<li>Consideraci\u00f3n del Presupuesto de Gastos y C\u00e1lculo de Recursos para el per\u00edodo comprendido entre el 1 de mayo de 2026 y el 30 de abril de 2027.<\/li>\n\n\n\n<li>Desenvolvimiento del ejercicio profesional.<\/li>\n\n\n\n<li>Conocimiento de la Memoria y Balance de la Caja de Previsi\u00f3n Social para Abogados de la Provincia de Buenos Aires.<\/li>\n\n\n\n<li>Llamado a elecci\u00f3n de autoridades: convocase a los matriculados en este Colegio de Abogados del Departamento Judicial de Mercedes y que se encuentren en condiciones de votar (art. 107 al 113 del Reglamento de Funcionamiento de los Colegios Departamentales), al acto eleccionario que tendr\u00e1 lugar el d\u00eda 19 de mayo de 2026, entre la hora 9 y la hora 15. La presentaci\u00f3n de listas podr\u00e1 realizarse hasta la hora 24 del d\u00eda 9 de mayo de 2026, en la Sede Central del Colegio, calle 24 No 705, 2do Piso, (hasta el 08 de mayo de 2026 la presentaci\u00f3n de listas podr\u00e1 realizarse en el horario de 8 a 14, y el d\u00eda 09 de mayo de 2026 en el horario de 8 a 24 (ese d\u00eda llamar al 02324-15559231 a fin de que personal del Colegio reciba la lista).<\/li>\n\n\n\n<li>Consideraci\u00f3n del informe de la Comisi\u00f3n de Escrutinio, juzgamiento de las formalidades de la elecci\u00f3n, verificaci\u00f3n de las condiciones de los candidatos electos, y proclamaci\u00f3n de los candidatos electos.<\/li>\n<\/ol>\n\n\n\n<p>Mesas receptoras de votos<\/p>\n\n\n\n<p>El d\u00eda del acto eleccionario estar\u00e1n habilitadas las siguientes Mesas Receptoras de Votos:<\/p>\n\n\n\n<ul class=\"wp-block-list\">\n<li>Una Mesa en la ciudad de\u00a0<strong>Mercedes<\/strong>, ubicada en la Sede Central, calle 24 No 705, 1er Piso, \u00abAula Dr. Reinaldo Pecorelli\u00bb, donde solo votar\u00e1n los matriculados en ejercicio activo e incluidos en los padrones, que tengan su domicilio real en Mercedes o Suipacha. Dicha Mesa llevar\u00e1 el nombre MERCEDES \u2013 MESA No 1.<\/li>\n\n\n\n<li>Una Mesa en la ciudad de\u00a0<strong>Mercedes<\/strong>, ubicada en la Sede Central, calle 24 No 705, 1er Piso, \u00abAula Dr. Reinaldo Pecorelli\u00bb, donde solo votar\u00e1n los jubilados incluidos en los padrones aportados por la Caja de Previsi\u00f3n Social para Abogados de la Provincia de Buenos Aires. Dicha Mesa llevar\u00e1 el nombre MERCEDES \u2013 MESA JUBILADOS.<\/li>\n\n\n\n<li>Una Mesa en la ciudad de\u00a0<strong>9 de Julio<\/strong>, ubicada en la Sede del Colegio, calle Hip\u00f3lito Irigoyen No 860, Local 1, donde solo votar\u00e1n los matriculados en ejercicio activo e incluidos en los padrones, y con domicilio real en el partido de 9 de Julio. Dicha Mesa llevar\u00e1 el nombre 9 DE JULIO \u2013 MESA No 1.<\/li>\n\n\n\n<li>Una Mesa en la ciudad de\u00a0<strong>Salto<\/strong>, ubicada en la Sede del Colegio, calle Buenos Aires No 405, donde solo votar\u00e1n los matriculados en ejercicio activo e incluidos en los padrones, y con domicilio real en el partido de Salto. Dicha Mesa llevar\u00e1 el nombre SALTO \u2013 MESA No 1.<\/li>\n\n\n\n<li>Una Mesa en la ciudad de\u00a0<strong>25 de Mayo<\/strong>, ubicada en la Biblioteca \u00abJuan Francisco Ibarra\u00bb, calle 9 y 27 No 801, donde solo votar\u00e1n los matriculados en ejercicio activo e incluidos en los padrones, y con domicilio real en el partido de 25 de Mayo. Dicha Mesa llevar\u00e1 el nombre 25 DE MAYO \u2013 MESA No 1.<\/li>\n\n\n\n<li>Una Mesa en la ciudad de\u00a0<strong>Bragado<\/strong>, ubicada en el Juzgado de Paz Letrado de Bragado, calle Belgrano 1140, donde solo votar\u00e1n los matriculados en ejercicio activo e incluidos en los padrones, y con domicilio real en el partido de Bragado. Dicha Mesa llevar\u00e1 el nombre BRAGADO \u2013 MESA No 1.<\/li>\n\n\n\n<li>Una Mesa en la ciudad de\u00a0<strong>Chivilcoy<\/strong>, ubicada en la Biblioteca Popular \u00abDr. Antonio Novaro\u00bb, calle Moreno No 30, donde solo votar\u00e1n los matriculados en ejercicio activo e incluidos en los padrones, y con domicilio real en el partido de Chivilcoy. Dicha Mesa llevar\u00e1 el nombre CHIVILCOY \u2013 MESA No 1.<\/li>\n\n\n\n<li>Una Mesa en la ciudad de\u00a0<strong>Luj\u00e1n<\/strong>, ubicada en el Colegio de Agrimensores Distrito I, calle Las Heras No 390, donde solo votar\u00e1n los matriculados en ejercicio activo e incluidos en los padrones, y con domicilio real en el partido de Luj\u00e1n, o en cualquier otro lugar fuera del Departamento Judicial de Mercedes. Dicha Mesa llevar\u00e1 el nombre LUJAN \u2013 MESA No 1.<\/li>\n\n\n\n<li>Una Mesa en la ciudad de\u00a0<strong>Carmen de Areco<\/strong>, ubicada en la Biblioteca Popular \u00abJuan Bautista Alberdi\u00bb, calle Rivadavia No 586, donde solo votar\u00e1n los matriculados en ejercicio activo e incluidos en los padrones, y con domicilio real en el partido de Carmen de Areco. Dicha Mesa llevar\u00e1 el nombre CARMEN DE ARECO \u2013 MESA No 1.<\/li>\n\n\n\n<li>Una Mesa en la ciudad de\u00a0<strong>San Antonio de Areco<\/strong>, ubicada en el Honorable Concejo Deliberante, calle Bartolom\u00e9 Mitre No 390, donde solo votar\u00e1n los matriculados en ejercicio activo e incluidos en los padrones, y con domicilio real en el partido de San Antonio de Areco. Dicha Mesa llevar\u00e1 el nombre SAN ANTONIO DE ARECO \u2013 MESA No 1.<\/li>\n\n\n\n<li>Una Mesa en la ciudad de\u00a0<strong>Navarro<\/strong>, ubicada en la Biblioteca \u00abJos\u00e9 Ruiz de Erenchun\u00bb, calle 109 No 67, donde solo votar\u00e1n los matriculados en ejercicio activo e incluidos en los padrones, y con domicilio real en los partidos de Navarro, Marcos Paz, o General Las Heras. Dicha Mesa llevar\u00e1 el nombre NAVARRO \u2013 MESA No 1.<\/li>\n\n\n\n<li>Una Mesa en la ciudad de\u00a0<strong>Alberti<\/strong>, ubicada en el Juzgado de Paz Letrado de Alberti, calle Moreno No 38, donde solo votar\u00e1n los matriculados en ejercicio activo e incluidos en los padrones, y con domicilio real en el partido de Alberti. Dicha Mesa llevar\u00e1 el nombre ALBERTI \u2013 MESA No 1.<\/li>\n\n\n\n<li>Una Mesa en la ciudad de\u00a0<strong>San Andr\u00e9s de Giles<\/strong>, ubicada en el Juzgado de Paz Letrado de San Andr\u00e9s de Giles, calle Belgrano No 432, donde solo votar\u00e1n los matriculados en ejercicio activo e incluidos en los padrones, y con domicilio real en el partido de San Andr\u00e9s de Giles. Dicha Mesa llevar\u00e1 el nombre SAN ANDRES DE GILES \u2013 MESA No 1.<\/li>\n<\/ul>\n\n\n\n<p><strong>Elecci\u00f3n de autoridades \u00b7 Cargos<\/strong><\/p>\n\n\n\n<p><strong>Consejo Directivo<\/strong><br>A.- Elecci\u00f3n de Presidente por 4 (cuatro) a\u00f1os, en reemplazo del Dr. Hern\u00e1n Alberto Salaverri, que cesa en su mandato.<br>B.- Elecci\u00f3n de 5 (cinco) Consejeros Titulares por 4 (cuatro) a\u00f1os, en reemplazo de los Dres. Enrique Omar Sanchez, Sonia Elisabeth Garro, Mar\u00eda Bernarda Ormaechea, Daniel German Giuliano, y Ariel Jes\u00fas Costantino (que cesan en su mandato).<br>C.- Elecci\u00f3n de 5 (cinco) Consejeros Suplentes por 4 (cuatro) a\u00f1os, en reemplazo de los Dres. Yamila Viviana Galdos Carrizo, Mar\u00eda Fabiana Rezolino, Rafael Dami\u00e1n Acu\u00f1a, Jos\u00e9 Mar\u00eda Garcia, y Roberto Mar\u00eda R\u00e9vora (que cesan en su mandato).<br>D.- Elecci\u00f3n de 1 (un) Consejero Suplente por 2 (dos) a\u00f1os, en reemplazo de la Dra. Alejandra Cordal Waisman (por renuncia).<\/p>\n\n\n\n<p><strong>Tribunal de Disciplina<\/strong><br>A.- Elecci\u00f3n de 2 (dos) Miembros Titulares por 4 (cuatro) a\u00f1os, en reemplazo de las Dras. Mar\u00eda Josefina Buttini (que cesa en su mandato), y Claudia Marisa Colella (que cesa en su mandato, habiendo asumido oportunamente como titular en reemplazo de la Dra. Mar\u00eda Victoria Devincenzi (renunciada)).<br>B.- Elecci\u00f3n de 3 (tres) Miembros Suplentes por 4 (cuatro) a\u00f1os, en reemplazo de los Dres. Jorge Sebasti\u00e1n Juancorena, Silvina Anal\u00eda Erbetta, y Santiago Alvarez (que cesan en su mandato).<\/p>\n\n\n\n<p><strong>Caja de Previsi\u00f3n Social para Abogados de la Provincia de Buenos Aires<\/strong><br>A.- Elecci\u00f3n de 1 (un) Director Titular por 4 (cuatro) a\u00f1os, en reemplazo del Dr. Domingo de Paola (que cesa en su mandato).<br>B.- Elecci\u00f3n de 1 (un) Director Suplente por 4 (cuatro) a\u00f1os, en reemplazo del Dr. Fabian Marcelo Fitzsimons (que cesa en su mandato).<br>Por Resoluci\u00f3n de Consejo Directivo seg\u00fan Acta No 1257, se determina expresamente que el Director Suplente que resulte electo lo ser\u00e1 del Director Titular que resulte electo en esta misma elecci\u00f3n.<\/p>\n\n\n\n<p><strong>Dr. Franco Rossello >\u00a0<\/strong>Prosecretario<br><strong>Dr. Hern\u00e1n Alberto Salaverri >\u00a0<\/strong>Presidente<\/p>\n\n\n\n<p>Colegio de Abogados del Departamento Judicial de Mercedes<br>Calle 24 N\u00b0 705 \u00b7 Mercedes, Buenos Aires<br>Tel. 02324-15559231<\/p>\n\n\n\n<figure class=\"wp-block-embed is-type-wp-embed is-provider-cadjmercedes wp-block-embed-cadjmercedes\"><div class=\"wp-block-embed__wrapper\">\n<blockquote class=\"wp-embedded-content\" data-secret=\"JkNHoVUpSj\"><a href=\"https:\/\/camercedes.com\/convocatoria-a-asamblea-y-elecciones\/\" target=\"_blank\" rel=\"noopener\">Convocatoria a Asamblea y Elecciones<\/a><\/blockquote><iframe loading=\"lazy\" class=\"wp-embedded-content\" sandbox=\"allow-scripts\" security=\"restricted\" style=\"position: absolute; visibility: hidden;\" title=\"\u00abConvocatoria a Asamblea y Elecciones\u00bb \u2014 CADJMercedes\" src=\"https:\/\/camercedes.com\/convocatoria-a-asamblea-y-elecciones\/embed\/#?secret=x7VWeP5Vjq#?secret=JkNHoVUpSj\" data-secret=\"JkNHoVUpSj\" width=\"600\" height=\"338\" frameborder=\"0\" marginwidth=\"0\" marginheight=\"0\" scrolling=\"no\"><\/iframe>\n<\/div><\/figure>\n","protected":false},"excerpt":{"rendered":"<p>Desde el Colegio de Abogados del Departamento Judicial de Mercedes anunciaron oficialmente la Convocatoria a Asamblea General Ordinaria y Elecci\u00f3n &#8230; <a title=\"Abogados convoca a Asamblea General y elecci\u00f3n de autoridades\" class=\"read-more\" href=\"https:\/\/www.hoymercedes.com.ar\/principal\/2026\/04\/28\/abogados-convoca-a-asamblea-general-y-eleccion-de-autoridades\/\" aria-label=\"Leer m\u00e1s sobre Abogados convoca a Asamblea General y elecci\u00f3n de autoridades\">Leer m\u00e1s<\/a><\/p>\n","protected":false},"author":1,"featured_media":195238,"comment_status":"closed","ping_status":"open","sticky":false,"template":"","format":"standard","meta":{"_monsterinsights_skip_tracking":false,"_monsterinsights_sitenote_active":false,"_monsterinsights_sitenote_note":"","_monsterinsights_sitenote_category":0,"jetpack_post_was_ever_published":false,"_jetpack_newsletter_access":"","_jetpack_dont_email_post_to_subs":false,"_jetpack_newsletter_tier_id":0,"_jetpack_memberships_contains_paywalled_content":false,"_jetpack_memberships_contains_paid_content":false,"footnotes":"","jetpack_publicize_message":"","jetpack_publicize_feature_enabled":true,"jetpack_social_post_already_shared":true,"jetpack_social_options":{"image_generator_settings":{"template":"highway","default_image_id":0,"font":"","enabled":false},"version":2},"_wpas_customize_per_network":false},"categories":[8],"tags":[],"class_list":["post-195237","post","type-post","status-publish","format-standard","has-post-thumbnail","hentry","category-sociedad","generate-columns","tablet-grid-50","mobile-grid-100","grid-parent","grid-50"],"jetpack_publicize_connections":[],"jetpack_featured_media_url":"https:\/\/www.hoymercedes.com.ar\/principal\/wp-content\/uploads\/2026\/04\/image-68.png","wps_subtitle":"","jetpack_sharing_enabled":true,"_links":{"self":[{"href":"https:\/\/www.hoymercedes.com.ar\/principal\/wp-json\/wp\/v2\/posts\/195237","targetHints":{"allow":["GET"]}}],"collection":[{"href":"https:\/\/www.hoymercedes.com.ar\/principal\/wp-json\/wp\/v2\/posts"}],"about":[{"href":"https:\/\/www.hoymercedes.com.ar\/principal\/wp-json\/wp\/v2\/types\/post"}],"author":[{"embeddable":true,"href":"https:\/\/www.hoymercedes.com.ar\/principal\/wp-json\/wp\/v2\/users\/1"}],"replies":[{"embeddable":true,"href":"https:\/\/www.hoymercedes.com.ar\/principal\/wp-json\/wp\/v2\/comments?post=195237"}],"version-history":[{"count":1,"href":"https:\/\/www.hoymercedes.com.ar\/principal\/wp-json\/wp\/v2\/posts\/195237\/revisions"}],"predecessor-version":[{"id":195239,"href":"https:\/\/www.hoymercedes.com.ar\/principal\/wp-json\/wp\/v2\/posts\/195237\/revisions\/195239"}],"wp:featuredmedia":[{"embeddable":true,"href":"https:\/\/www.hoymercedes.com.ar\/principal\/wp-json\/wp\/v2\/media\/195238"}],"wp:attachment":[{"href":"https:\/\/www.hoymercedes.com.ar\/principal\/wp-json\/wp\/v2\/media?parent=195237"}],"wp:term":[{"taxonomy":"category","embeddable":true,"href":"https:\/\/www.hoymercedes.com.ar\/principal\/wp-json\/wp\/v2\/categories?post=195237"},{"taxonomy":"post_tag","embeddable":true,"href":"https:\/\/www.hoymercedes.com.ar\/principal\/wp-json\/wp\/v2\/tags?post=195237"}],"curies":[{"name":"wp","href":"https:\/\/api.w.org\/{rel}","templated":true}]}}