{"id":195243,"date":"2026-04-27T21:24:58","date_gmt":"2026-04-28T00:24:58","guid":{"rendered":"https:\/\/www.hoymercedes.com.ar\/principal\/?p=195243"},"modified":"2026-04-27T21:32:48","modified_gmt":"2026-04-28T00:32:48","slug":"san-martin-lla-reclaman-obras-que-su-propio-gobierno-decidio-paralizar","status":"publish","type":"post","link":"https:\/\/www.hoymercedes.com.ar\/principal\/2026\/04\/27\/san-martin-lla-reclaman-obras-que-su-propio-gobierno-decidio-paralizar\/","title":{"rendered":"San Mart\u00edn: \u201cLLA reclaman obras que su propio gobierno decidi\u00f3 paralizar\u201d"},"content":{"rendered":"\n<figure class=\"wp-block-image size-large is-resized\"><img loading=\"lazy\" decoding=\"async\" width=\"1024\" height=\"657\" data-attachment-id=\"195244\" data-permalink=\"https:\/\/www.hoymercedes.com.ar\/principal\/2026\/04\/27\/san-martin-lla-reclaman-obras-que-su-propio-gobierno-decidio-paralizar\/dsc07082\/#main\" data-orig-file=\"https:\/\/www.hoymercedes.com.ar\/principal\/wp-content\/uploads\/2026\/04\/DSC07082.jpg\" data-orig-size=\"1100,706\" data-comments-opened=\"0\" data-image-meta=\"{&quot;aperture&quot;:&quot;0&quot;,&quot;credit&quot;:&quot;&quot;,&quot;camera&quot;:&quot;&quot;,&quot;caption&quot;:&quot;&quot;,&quot;created_timestamp&quot;:&quot;0&quot;,&quot;copyright&quot;:&quot;&quot;,&quot;focal_length&quot;:&quot;0&quot;,&quot;iso&quot;:&quot;0&quot;,&quot;shutter_speed&quot;:&quot;0&quot;,&quot;title&quot;:&quot;&quot;,&quot;orientation&quot;:&quot;0&quot;}\" data-image-title=\"Mariana San Mart\u00edn\" data-image-description=\"&lt;p&gt;Mariana San Mart\u00edn&lt;\/p&gt;\n\" data-image-caption=\"&lt;p&gt;Mariana San Mart\u00edn&lt;\/p&gt;\n\" data-large-file=\"https:\/\/www.hoymercedes.com.ar\/principal\/wp-content\/uploads\/2026\/04\/DSC07082-1024x657.jpg\" src=\"https:\/\/www.hoymercedes.com.ar\/principal\/wp-content\/uploads\/2026\/04\/DSC07082-1024x657.jpg\" alt=\"\" class=\"wp-image-195244\" style=\"aspect-ratio:1.558596017174806;width:1066px;height:auto\" srcset=\"https:\/\/www.hoymercedes.com.ar\/principal\/wp-content\/uploads\/2026\/04\/DSC07082-1024x657.jpg 1024w, https:\/\/www.hoymercedes.com.ar\/principal\/wp-content\/uploads\/2026\/04\/DSC07082-630x404.jpg 630w, https:\/\/www.hoymercedes.com.ar\/principal\/wp-content\/uploads\/2026\/04\/DSC07082-150x96.jpg 150w, https:\/\/www.hoymercedes.com.ar\/principal\/wp-content\/uploads\/2026\/04\/DSC07082.jpg 1100w\" sizes=\"auto, (max-width: 1024px) 100vw, 1024px\" \/><\/figure>\n\n\n\n<p>La presidenta del cuerpo, Mariana San Mart\u00edn, sali\u00f3 al cruce del proyecto presentado por concejales de La Libertad Avanza vinculado a la paralizaci\u00f3n de una obra de viviendas bioclim\u00e1ticas.<\/p>\n\n\n\n<p>\u201cLo primero que genera es sorpresa. No sabemos si es desconocimiento o una forma de instalar un tema sin asumir responsabilidades, porque estamos hablando de obras que depend\u00edan en gran parte del financiamiento nacional, justamente del gobierno que ellos representan\u201d, se\u00f1al\u00f3.<\/p>\n\n\n\n<p>San Mart\u00edn fue contundente al explicar el contexto: \u201cA partir de las decisiones econ\u00f3micas tomadas por el Gobierno Nacional desde diciembre de 2023, la obra p\u00fablica se fren\u00f3 en todo el pa\u00eds. No es un caso aislado, es una pol\u00edtica\u201d.<\/p>\n\n\n\n<p>En ese sentido, cuestion\u00f3 el planteo opositor: \u201cPresentar un pedido de informes en el \u00e1mbito local, cuando el problema est\u00e1 claramente en otro nivel de decisi\u00f3n, como m\u00ednimo es confuso. Y como m\u00e1ximo, una forma de desviar la discusi\u00f3n\u201d.<\/p>\n\n\n\n<p>La presidenta del HCD ampli\u00f3 adem\u00e1s el impacto en la ciudad: \u201cEn Mercedes no solo hablamos de estas 16 viviendas. Tenemos 141 viviendas del Procrear paralizadas con un alto grado de avance, 32 viviendas del programa Casa Activa detenidas, viviendas rurales que no pudieron iniciarse. Son decisiones que afectan directamente a familias concretas\u201d.<\/p>\n\n\n\n<p>Y agreg\u00f3: \u201cLa paralizaci\u00f3n de la obra p\u00fablica no es un dato t\u00e9cnico, es una decisi\u00f3n pol\u00edtica que tiene consecuencias reales. Detr\u00e1s de cada obra hay vecinos que esperan respuestas\u201d.<\/p>\n\n\n\n<p>En esa l\u00ednea, fue a\u00fan m\u00e1s directa: \u201cSer\u00eda importante que quienes hoy representan al gobierno nacional dejen de mirar para otro lado y gestionen respuestas. No para nosotros, sino para los mercedinos y mercedinas que est\u00e1n esperando saber qu\u00e9 va a pasar con sus viviendas\u201d.<\/p>\n\n\n\n<p>Por \u00faltimo, destac\u00f3 el rol del Municipio: \u201cHay un esfuerzo permanente por parte del intendente y del equipo de gobierno para destrabar situaciones, dialogar y buscar soluciones. Pero tambi\u00e9n es evidente que cuando del otro lado no hay decisi\u00f3n de continuar las obras, las respuestas no llegan\u201d.<\/p>\n","protected":false},"excerpt":{"rendered":"<p>La presidenta del cuerpo, Mariana San Mart\u00edn, sali\u00f3 al cruce del proyecto presentado por concejales de La Libertad Avanza vinculado &#8230; <a title=\"San Mart\u00edn: \u201cLLA reclaman obras que su propio gobierno decidi\u00f3 paralizar\u201d\" class=\"read-more\" href=\"https:\/\/www.hoymercedes.com.ar\/principal\/2026\/04\/27\/san-martin-lla-reclaman-obras-que-su-propio-gobierno-decidio-paralizar\/\" aria-label=\"Leer m\u00e1s sobre San Mart\u00edn: \u201cLLA reclaman obras que su propio gobierno decidi\u00f3 paralizar\u201d\">Leer m\u00e1s<\/a><\/p>\n","protected":false},"author":1,"featured_media":195244,"comment_status":"closed","ping_status":"open","sticky":false,"template":"","format":"standard","meta":{"_monsterinsights_skip_tracking":false,"_monsterinsights_sitenote_active":false,"_monsterinsights_sitenote_note":"","_monsterinsights_sitenote_category":0,"jetpack_post_was_ever_published":false,"_jetpack_newsletter_access":"","_jetpack_dont_email_post_to_subs":false,"_jetpack_newsletter_tier_id":0,"_jetpack_memberships_contains_paywalled_content":false,"_jetpack_memberships_contains_paid_content":false,"footnotes":"","jetpack_publicize_message":"","jetpack_publicize_feature_enabled":true,"jetpack_social_post_already_shared":true,"jetpack_social_options":{"image_generator_settings":{"template":"highway","default_image_id":0,"font":"","enabled":false},"version":2},"_wpas_customize_per_network":false},"categories":[5],"tags":[20013,8442,21141,21140],"class_list":["post-195243","post","type-post","status-publish","format-standard","has-post-thumbnail","hentry","category-politica","tag-la-libertad-avanza","tag-mariana-san-martin","tag-obra-publica-paralizada","tag-obras-de-vivienda","generate-columns","tablet-grid-50","mobile-grid-100","grid-parent","grid-50"],"jetpack_publicize_connections":[],"jetpack_featured_media_url":"https:\/\/www.hoymercedes.com.ar\/principal\/wp-content\/uploads\/2026\/04\/DSC07082.jpg","wps_subtitle":"Debate pol\u00edtico","jetpack_sharing_enabled":true,"_links":{"self":[{"href":"https:\/\/www.hoymercedes.com.ar\/principal\/wp-json\/wp\/v2\/posts\/195243","targetHints":{"allow":["GET"]}}],"collection":[{"href":"https:\/\/www.hoymercedes.com.ar\/principal\/wp-json\/wp\/v2\/posts"}],"about":[{"href":"https:\/\/www.hoymercedes.com.ar\/principal\/wp-json\/wp\/v2\/types\/post"}],"author":[{"embeddable":true,"href":"https:\/\/www.hoymercedes.com.ar\/principal\/wp-json\/wp\/v2\/users\/1"}],"replies":[{"embeddable":true,"href":"https:\/\/www.hoymercedes.com.ar\/principal\/wp-json\/wp\/v2\/comments?post=195243"}],"version-history":[{"count":6,"href":"https:\/\/www.hoymercedes.com.ar\/principal\/wp-json\/wp\/v2\/posts\/195243\/revisions"}],"predecessor-version":[{"id":195250,"href":"https:\/\/www.hoymercedes.com.ar\/principal\/wp-json\/wp\/v2\/posts\/195243\/revisions\/195250"}],"wp:featuredmedia":[{"embeddable":true,"href":"https:\/\/www.hoymercedes.com.ar\/principal\/wp-json\/wp\/v2\/media\/195244"}],"wp:attachment":[{"href":"https:\/\/www.hoymercedes.com.ar\/principal\/wp-json\/wp\/v2\/media?parent=195243"}],"wp:term":[{"taxonomy":"category","embeddable":true,"href":"https:\/\/www.hoymercedes.com.ar\/principal\/wp-json\/wp\/v2\/categories?post=195243"},{"taxonomy":"post_tag","embeddable":true,"href":"https:\/\/www.hoymercedes.com.ar\/principal\/wp-json\/wp\/v2\/tags?post=195243"}],"curies":[{"name":"wp","href":"https:\/\/api.w.org\/{rel}","templated":true}]}}