{"id":19525,"date":"2013-01-20T23:53:45","date_gmt":"2013-01-20T23:53:45","guid":{"rendered":"http:\/\/www.hoymercedes.com.ar\/principal\/?p=19525"},"modified":"2013-01-20T23:54:22","modified_gmt":"2013-01-20T23:54:22","slug":"marta-maidana-flamante-presidenta-en-barrio-san-martin","status":"publish","type":"post","link":"https:\/\/www.hoymercedes.com.ar\/principal\/2013\/01\/20\/marta-maidana-flamante-presidenta-en-barrio-san-martin\/","title":{"rendered":"Marta Maidana, flamante presidenta en Barrio San Mart\u00edn"},"content":{"rendered":"<p><a href=\"https:\/\/www.hoymercedes.com.ar\/principal\/wp-content\/uploads\/2013\/01\/BarrioSanMart\u00edn.Lista1_.jpg.jpeg\"><img loading=\"lazy\" decoding=\"async\" data-attachment-id=\"19528\" data-permalink=\"https:\/\/www.hoymercedes.com.ar\/principal\/2013\/01\/20\/marta-maidana-flamante-presidenta-en-barrio-san-martin\/barriosanmartin-lista1-jpg\/#main\" data-orig-file=\"https:\/\/www.hoymercedes.com.ar\/principal\/wp-content\/uploads\/2013\/01\/BarrioSanMart\u00edn.Lista1_.jpg.jpeg\" data-orig-size=\"617,336\" data-comments-opened=\"1\" data-image-meta=\"{&quot;aperture&quot;:&quot;0&quot;,&quot;credit&quot;:&quot;&quot;,&quot;camera&quot;:&quot;&quot;,&quot;caption&quot;:&quot;&quot;,&quot;created_timestamp&quot;:&quot;0&quot;,&quot;copyright&quot;:&quot;&quot;,&quot;focal_length&quot;:&quot;0&quot;,&quot;iso&quot;:&quot;0&quot;,&quot;shutter_speed&quot;:&quot;0&quot;,&quot;title&quot;:&quot;&quot;}\" data-image-title=\"BarrioSanMart\u00edn.Lista1.jpg\" data-image-description=\"\" data-image-caption=\"\" data-large-file=\"https:\/\/www.hoymercedes.com.ar\/principal\/wp-content\/uploads\/2013\/01\/BarrioSanMart\u00edn.Lista1_.jpg.jpeg\" class=\"aligncenter size-full wp-image-19528\" alt=\"BarrioSanMart\u00edn.Lista1.jpg\" src=\"https:\/\/www.hoymercedes.com.ar\/principal\/wp-content\/uploads\/2013\/01\/BarrioSanMart\u00edn.Lista1_.jpg.jpeg\" width=\"617\" height=\"336\" \/><\/a><\/p>\n<p><strong><em>Un nuevo barrio llev\u00f3 adelante elecciones para la conducci\u00f3n de su Sociedad de Fomento. En este caso se trata del Barrio San Mart\u00edn donde la Lista 1 se llev\u00f3 la victoria en un a\u00f1o cargado de tinte pol\u00edtico.\u00a0<\/em><\/strong><\/p>\n<p>Con 150 votos contra 110 de la Lista 2 se alzaron con la victoria. Fue el s\u00e1bado entre las 18.00hs y las 20.00hs donde un importante n\u00famero de vecinos participaron si sumamos lo registrados por ambas listas.<\/p>\n<p>Estuvieron presentes por parte del municipio el abogado Roberto Flores, Juan Otero y por la Federaci\u00f3n de Sociedades de Fomento su presidenta Alejandra Santana.<\/p>\n<p>La Lista 1 estuvo \u00a0encabezada por Marta Mariana Maidana. La Lista 2 cont\u00f3 como principal figura a \u00a0Silvio \u00abCacho\u00bb Aguero.<\/p>\n<p>La lista que obtuvo el triunfo cont\u00f3 con los siguientes integrantes: Mar\u00eda del Carmen Fernandez como secretaria general ; tesorera Alejandra Garone; y secretario de acta Ram\u00f3n Segundo Uviz; como vocales Nanci Vega, Esther Acu\u00f1a e Isabel Pajon; se desempe\u00f1aran como vocales suplentes, Natanael Jose Olivera, Ignacio Pinilla, Fabian Pintos; la comisi\u00f3n revisadora de cuentas, la conforman Carlos Joel Fernandez y Debora Komar; y como suplentes primero y segundo Andrea D\u00edaz y David Cuello.<\/p>\n<p>Los votos se distribuyeron de la siguiente manera:<\/p>\n<p>&#8211; \u00a0lista 1: 150 votos<\/p>\n<p>&#8211; lista 2, 110 votos.<\/p>\n<div>Maidana, flamante presidente, sostuvo<em> \u00abme siento muy feliz, y agradezco el apoyo de todos los vecinos, somos un gran equipo de trabajo y vamos a trabajar por el barrio para sacarlo adelante ya que hay muchas cosas por mejorar\u00bb.<\/em><\/div>\n","protected":false},"excerpt":{"rendered":"<p>Un nuevo barrio llev\u00f3 adelante elecciones para la conducci\u00f3n de su Sociedad de Fomento. En este caso se trata del &#8230; <a title=\"Marta Maidana, flamante presidenta en Barrio San Mart\u00edn\" class=\"read-more\" href=\"https:\/\/www.hoymercedes.com.ar\/principal\/2013\/01\/20\/marta-maidana-flamante-presidenta-en-barrio-san-martin\/\" aria-label=\"Leer m\u00e1s sobre Marta Maidana, flamante presidenta en Barrio San Mart\u00edn\">Leer m\u00e1s<\/a><\/p>\n","protected":false},"author":1,"featured_media":0,"comment_status":"open","ping_status":"open","sticky":false,"template":"","format":"standard","meta":{"_monsterinsights_skip_tracking":false,"_monsterinsights_sitenote_active":false,"_monsterinsights_sitenote_note":"","_monsterinsights_sitenote_category":0,"jetpack_post_was_ever_published":false,"_jetpack_newsletter_access":"","_jetpack_dont_email_post_to_subs":false,"_jetpack_newsletter_tier_id":0,"_jetpack_memberships_contains_paywalled_content":false,"_jetpack_memberships_contains_paid_content":false,"footnotes":"","jetpack_publicize_message":"","jetpack_publicize_feature_enabled":true,"jetpack_social_post_already_shared":false,"jetpack_social_options":{"image_generator_settings":{"template":"highway","default_image_id":0,"font":"","enabled":false},"version":2},"_wpas_customize_per_network":false},"categories":[5],"tags":[1041],"class_list":["post-19525","post","type-post","status-publish","format-standard","hentry","category-politica","tag-barrio-san-martin","generate-columns","tablet-grid-50","mobile-grid-100","grid-parent","grid-50"],"jetpack_publicize_connections":[],"jetpack_featured_media_url":"","wps_subtitle":"","jetpack_sharing_enabled":true,"_links":{"self":[{"href":"https:\/\/www.hoymercedes.com.ar\/principal\/wp-json\/wp\/v2\/posts\/19525","targetHints":{"allow":["GET"]}}],"collection":[{"href":"https:\/\/www.hoymercedes.com.ar\/principal\/wp-json\/wp\/v2\/posts"}],"about":[{"href":"https:\/\/www.hoymercedes.com.ar\/principal\/wp-json\/wp\/v2\/types\/post"}],"author":[{"embeddable":true,"href":"https:\/\/www.hoymercedes.com.ar\/principal\/wp-json\/wp\/v2\/users\/1"}],"replies":[{"embeddable":true,"href":"https:\/\/www.hoymercedes.com.ar\/principal\/wp-json\/wp\/v2\/comments?post=19525"}],"version-history":[{"count":0,"href":"https:\/\/www.hoymercedes.com.ar\/principal\/wp-json\/wp\/v2\/posts\/19525\/revisions"}],"wp:attachment":[{"href":"https:\/\/www.hoymercedes.com.ar\/principal\/wp-json\/wp\/v2\/media?parent=19525"}],"wp:term":[{"taxonomy":"category","embeddable":true,"href":"https:\/\/www.hoymercedes.com.ar\/principal\/wp-json\/wp\/v2\/categories?post=19525"},{"taxonomy":"post_tag","embeddable":true,"href":"https:\/\/www.hoymercedes.com.ar\/principal\/wp-json\/wp\/v2\/tags?post=19525"}],"curies":[{"name":"wp","href":"https:\/\/api.w.org\/{rel}","templated":true}]}}