{"id":195251,"date":"2026-04-28T08:31:00","date_gmt":"2026-04-28T11:31:00","guid":{"rendered":"https:\/\/www.hoymercedes.com.ar\/principal\/?p=195251"},"modified":"2026-04-27T21:32:37","modified_gmt":"2026-04-28T00:32:37","slug":"patin-infinito-se-destaco-en-el-stage-internacional","status":"publish","type":"post","link":"https:\/\/www.hoymercedes.com.ar\/principal\/2026\/04\/28\/patin-infinito-se-destaco-en-el-stage-internacional\/","title":{"rendered":"Pat\u00edn Infinito se destac\u00f3 en el Stage Internacional"},"content":{"rendered":"\n<figure class=\"wp-block-image size-full\"><img loading=\"lazy\" decoding=\"async\" width=\"1024\" height=\"758\" data-attachment-id=\"195252\" data-permalink=\"https:\/\/www.hoymercedes.com.ar\/principal\/2026\/04\/28\/patin-infinito-se-destaco-en-el-stage-internacional\/image-465\/#main\" data-orig-file=\"https:\/\/www.hoymercedes.com.ar\/principal\/wp-content\/uploads\/2026\/04\/image-69.png\" data-orig-size=\"1024,758\" data-comments-opened=\"0\" data-image-meta=\"{&quot;aperture&quot;:&quot;0&quot;,&quot;credit&quot;:&quot;&quot;,&quot;camera&quot;:&quot;&quot;,&quot;caption&quot;:&quot;&quot;,&quot;created_timestamp&quot;:&quot;0&quot;,&quot;copyright&quot;:&quot;&quot;,&quot;focal_length&quot;:&quot;0&quot;,&quot;iso&quot;:&quot;0&quot;,&quot;shutter_speed&quot;:&quot;0&quot;,&quot;title&quot;:&quot;&quot;,&quot;orientation&quot;:&quot;0&quot;}\" data-image-title=\"image\" data-image-description=\"\" data-image-caption=\"\" data-large-file=\"https:\/\/www.hoymercedes.com.ar\/principal\/wp-content\/uploads\/2026\/04\/image-69.png\" src=\"https:\/\/www.hoymercedes.com.ar\/principal\/wp-content\/uploads\/2026\/04\/image-69.png\" alt=\"\" class=\"wp-image-195252\" srcset=\"https:\/\/www.hoymercedes.com.ar\/principal\/wp-content\/uploads\/2026\/04\/image-69.png 1024w, https:\/\/www.hoymercedes.com.ar\/principal\/wp-content\/uploads\/2026\/04\/image-69-630x466.png 630w, https:\/\/www.hoymercedes.com.ar\/principal\/wp-content\/uploads\/2026\/04\/image-69-150x111.png 150w\" sizes=\"auto, (max-width: 1024px) 100vw, 1024px\" \/><\/figure>\n\n\n\n<p>Del 20 al 23 de abril se desarroll\u00f3 en el Microestadio CAP el Stage Internacional de patinaje art\u00edstico, que reuni\u00f3 a atletas de la regi\u00f3n en una instancia de capacitaci\u00f3n y perfeccionamiento de alto nivel, bajo la conducci\u00f3n de las reconocidas especialistas Sheila Rodr\u00edguez y Madalena Costa, actual campeona del mundo.<\/p>\n\n\n\n<p>La actividad, orientada al entrenamiento intensivo, tuvo como eje la optimizaci\u00f3n del rendimiento t\u00e9cnico y la actualizaci\u00f3n metodol\u00f3gica en la preparaci\u00f3n de las deportistas, consolid\u00e1ndose como un espacio clave para el desarrollo competitivo en la disciplina.<\/p>\n\n\n\n<p>Entre las participantes se destac\u00f3 Luisina Wimbay, representante de la escuela de patinaje art\u00edstico Infinito, quien form\u00f3 parte de esta experiencia internacional acompa\u00f1ada por sus entrenadoras nacionales, Candela y Sof\u00eda Bruschi. La presencia de deportistas locales en este tipo de encuentros refuerza el crecimiento sostenido del patinaje art\u00edstico en la regi\u00f3n.<\/p>\n\n\n\n<p>La escuela Infinito, que desarrolla sus actividades en el Club Ateneo, no solo promueve el perfeccionamiento t\u00e9cnico de sus alumnas y alumnos, sino que tambi\u00e9n pone el foco en el desarrollo personal de cada deportista. Si bien se trata de una disciplina individual, se fomenta de manera constante la conciencia del trabajo en equipo, el respeto por el otro y la construcci\u00f3n de valores que trascienden lo deportivo.<\/p>\n\n\n\n<p>El Stage se enmarca en la planificaci\u00f3n deportiva de cara a una exigente agenda competitiva. Durante el mes de mayo dar\u00e1 inicio la temporada con la primera fecha de la Liga y el primer torneo Metropolitano, adem\u00e1s de una revisi\u00f3n t\u00e9cnica extraordinaria.<\/p>\n\n\n\n<p>En dicha instancia, tres alumnas federadas de la escuela Infinito se presentar\u00e1n con el objetivo de continuar su proyecci\u00f3n internacional, tras haber sido habilitadas para participar del Campeonato Panamericano de Patinaje Art\u00edstico, que se llevar\u00e1 a cabo en junio en el Microestadio CAP, consolidando a este escenario como sede de eventos de relevancia continental.<\/p>\n","protected":false},"excerpt":{"rendered":"<p>Del 20 al 23 de abril se desarroll\u00f3 en el Microestadio CAP el Stage Internacional de patinaje art\u00edstico, que reuni\u00f3 &#8230; <a title=\"Pat\u00edn Infinito se destac\u00f3 en el Stage Internacional\" class=\"read-more\" href=\"https:\/\/www.hoymercedes.com.ar\/principal\/2026\/04\/28\/patin-infinito-se-destaco-en-el-stage-internacional\/\" aria-label=\"Leer m\u00e1s sobre Pat\u00edn Infinito se destac\u00f3 en el Stage Internacional\">Leer m\u00e1s<\/a><\/p>\n","protected":false},"author":1,"featured_media":195252,"comment_status":"closed","ping_status":"open","sticky":false,"template":"","format":"standard","meta":{"_monsterinsights_skip_tracking":false,"_monsterinsights_sitenote_active":false,"_monsterinsights_sitenote_note":"","_monsterinsights_sitenote_category":0,"jetpack_post_was_ever_published":false,"_jetpack_newsletter_access":"","_jetpack_dont_email_post_to_subs":false,"_jetpack_newsletter_tier_id":0,"_jetpack_memberships_contains_paywalled_content":false,"_jetpack_memberships_contains_paid_content":false,"footnotes":"","jetpack_publicize_message":"","jetpack_publicize_feature_enabled":true,"jetpack_social_post_already_shared":true,"jetpack_social_options":{"image_generator_settings":{"template":"highway","default_image_id":0,"font":"","enabled":false},"version":2},"_wpas_customize_per_network":false},"categories":[21],"tags":[],"class_list":["post-195251","post","type-post","status-publish","format-standard","has-post-thumbnail","hentry","category-deportes","generate-columns","tablet-grid-50","mobile-grid-100","grid-parent","grid-50"],"jetpack_publicize_connections":[],"jetpack_featured_media_url":"https:\/\/www.hoymercedes.com.ar\/principal\/wp-content\/uploads\/2026\/04\/image-69.png","wps_subtitle":"","jetpack_sharing_enabled":true,"_links":{"self":[{"href":"https:\/\/www.hoymercedes.com.ar\/principal\/wp-json\/wp\/v2\/posts\/195251","targetHints":{"allow":["GET"]}}],"collection":[{"href":"https:\/\/www.hoymercedes.com.ar\/principal\/wp-json\/wp\/v2\/posts"}],"about":[{"href":"https:\/\/www.hoymercedes.com.ar\/principal\/wp-json\/wp\/v2\/types\/post"}],"author":[{"embeddable":true,"href":"https:\/\/www.hoymercedes.com.ar\/principal\/wp-json\/wp\/v2\/users\/1"}],"replies":[{"embeddable":true,"href":"https:\/\/www.hoymercedes.com.ar\/principal\/wp-json\/wp\/v2\/comments?post=195251"}],"version-history":[{"count":1,"href":"https:\/\/www.hoymercedes.com.ar\/principal\/wp-json\/wp\/v2\/posts\/195251\/revisions"}],"predecessor-version":[{"id":195253,"href":"https:\/\/www.hoymercedes.com.ar\/principal\/wp-json\/wp\/v2\/posts\/195251\/revisions\/195253"}],"wp:featuredmedia":[{"embeddable":true,"href":"https:\/\/www.hoymercedes.com.ar\/principal\/wp-json\/wp\/v2\/media\/195252"}],"wp:attachment":[{"href":"https:\/\/www.hoymercedes.com.ar\/principal\/wp-json\/wp\/v2\/media?parent=195251"}],"wp:term":[{"taxonomy":"category","embeddable":true,"href":"https:\/\/www.hoymercedes.com.ar\/principal\/wp-json\/wp\/v2\/categories?post=195251"},{"taxonomy":"post_tag","embeddable":true,"href":"https:\/\/www.hoymercedes.com.ar\/principal\/wp-json\/wp\/v2\/tags?post=195251"}],"curies":[{"name":"wp","href":"https:\/\/api.w.org\/{rel}","templated":true}]}}