{"id":195254,"date":"2026-04-28T09:33:00","date_gmt":"2026-04-28T12:33:00","guid":{"rendered":"https:\/\/www.hoymercedes.com.ar\/principal\/?p=195254"},"modified":"2026-04-27T21:34:45","modified_gmt":"2026-04-28T00:34:45","slug":"el-colegio-de-abogados-de-mercedes-renueva-autoridades-elecciones-el-19-de-mayo","status":"publish","type":"post","link":"https:\/\/www.hoymercedes.com.ar\/principal\/2026\/04\/28\/el-colegio-de-abogados-de-mercedes-renueva-autoridades-elecciones-el-19-de-mayo\/","title":{"rendered":"El Colegio de Abogados de Mercedes renueva autoridades: elecciones el 19 de mayo"},"content":{"rendered":"\n<figure class=\"wp-block-image size-full\"><img loading=\"lazy\" decoding=\"async\" width=\"800\" height=\"533\" data-attachment-id=\"176149\" data-permalink=\"https:\/\/www.hoymercedes.com.ar\/principal\/2024\/06\/01\/resultado-de-las-elecciones-en-el-colegio-de-abogados\/sede-abogados\/#main\" data-orig-file=\"https:\/\/www.hoymercedes.com.ar\/principal\/wp-content\/uploads\/2024\/06\/sede-abogados.jpg\" data-orig-size=\"800,533\" data-comments-opened=\"0\" data-image-meta=\"{&quot;aperture&quot;:&quot;0&quot;,&quot;credit&quot;:&quot;&quot;,&quot;camera&quot;:&quot;&quot;,&quot;caption&quot;:&quot;&quot;,&quot;created_timestamp&quot;:&quot;1449160076&quot;,&quot;copyright&quot;:&quot;&quot;,&quot;focal_length&quot;:&quot;0&quot;,&quot;iso&quot;:&quot;0&quot;,&quot;shutter_speed&quot;:&quot;0&quot;,&quot;title&quot;:&quot;&quot;,&quot;orientation&quot;:&quot;0&quot;}\" data-image-title=\"sede abogados\" data-image-description=\"\" data-image-caption=\"\" data-large-file=\"https:\/\/www.hoymercedes.com.ar\/principal\/wp-content\/uploads\/2024\/06\/sede-abogados.jpg\" src=\"https:\/\/www.hoymercedes.com.ar\/principal\/wp-content\/uploads\/2024\/06\/sede-abogados.jpg\" alt=\"\" class=\"wp-image-176149\" srcset=\"https:\/\/www.hoymercedes.com.ar\/principal\/wp-content\/uploads\/2024\/06\/sede-abogados.jpg 800w, https:\/\/www.hoymercedes.com.ar\/principal\/wp-content\/uploads\/2024\/06\/sede-abogados-630x420.jpg 630w, https:\/\/www.hoymercedes.com.ar\/principal\/wp-content\/uploads\/2024\/06\/sede-abogados-150x100.jpg 150w, https:\/\/www.hoymercedes.com.ar\/principal\/wp-content\/uploads\/2024\/06\/sede-abogados-700x465.jpg 700w\" sizes=\"auto, (max-width: 800px) 100vw, 800px\" \/><\/figure>\n\n\n\n<p>El <strong>Colegio de Abogados del Departamento Judicial de Mercedes<\/strong> llevar\u00e1 adelante un nuevo proceso electoral para la <strong>renovaci\u00f3n de sus autoridades<\/strong>, con votaci\u00f3n prevista para el <strong>19 de mayo<\/strong>.<\/p>\n\n\n\n<p>En esta instancia se elegir\u00e1n los integrantes del <strong>Consejo Directivo y dem\u00e1s \u00f3rganos institucionales<\/strong>, en un esquema que define la conducci\u00f3n del organismo para el pr\u00f3ximo per\u00edodo.<\/p>\n\n\n\n<p><strong>Varias listas en competencia<\/strong><\/p>\n\n\n\n<p>Seg\u00fan lo informado, el proceso contar\u00e1 con la participaci\u00f3n de <strong>distintas listas<\/strong>, lo que anticipa una elecci\u00f3n competitiva dentro del \u00e1mbito colegial. Entre ellas se encuentra una propuesta denominada <strong>\u201cCoherencia\u201d<\/strong>, encabezada por la abogada Alejandra Cordal Waisman.<\/p>\n\n\n\n<p><strong>Instancia clave para la instituci\u00f3n<\/strong><\/p>\n\n\n\n<p>Las elecciones representan un momento central para la vida institucional del Colegio, ya que permitir\u00e1n definir el rumbo de la entidad que nuclea a los profesionales del derecho en la regi\u00f3n.<\/p>\n\n\n\n<p>Como ocurre en cada renovaci\u00f3n, se espera una participaci\u00f3n activa de los matriculados, en un proceso que definir\u00e1 la conducci\u00f3n para los pr\u00f3ximos a\u00f1os.<\/p>\n","protected":false},"excerpt":{"rendered":"<p>El Colegio de Abogados del Departamento Judicial de Mercedes llevar\u00e1 adelante un nuevo proceso electoral para la renovaci\u00f3n de sus &#8230; <a title=\"El Colegio de Abogados de Mercedes renueva autoridades: elecciones el 19 de mayo\" class=\"read-more\" href=\"https:\/\/www.hoymercedes.com.ar\/principal\/2026\/04\/28\/el-colegio-de-abogados-de-mercedes-renueva-autoridades-elecciones-el-19-de-mayo\/\" aria-label=\"Leer m\u00e1s sobre El Colegio de Abogados de Mercedes renueva autoridades: elecciones el 19 de mayo\">Leer m\u00e1s<\/a><\/p>\n","protected":false},"author":1,"featured_media":176149,"comment_status":"closed","ping_status":"open","sticky":false,"template":"","format":"standard","meta":{"_monsterinsights_skip_tracking":false,"_monsterinsights_sitenote_active":false,"_monsterinsights_sitenote_note":"","_monsterinsights_sitenote_category":0,"jetpack_post_was_ever_published":false,"_jetpack_newsletter_access":"","_jetpack_dont_email_post_to_subs":false,"_jetpack_newsletter_tier_id":0,"_jetpack_memberships_contains_paywalled_content":false,"_jetpack_memberships_contains_paid_content":false,"footnotes":"","jetpack_publicize_message":"","jetpack_publicize_feature_enabled":true,"jetpack_social_post_already_shared":true,"jetpack_social_options":{"image_generator_settings":{"template":"highway","default_image_id":0,"font":"","enabled":false},"version":2},"_wpas_customize_per_network":false},"categories":[8],"tags":[],"class_list":["post-195254","post","type-post","status-publish","format-standard","has-post-thumbnail","hentry","category-sociedad","generate-columns","tablet-grid-50","mobile-grid-100","grid-parent","grid-50"],"jetpack_publicize_connections":[],"jetpack_featured_media_url":"https:\/\/www.hoymercedes.com.ar\/principal\/wp-content\/uploads\/2024\/06\/sede-abogados.jpg","wps_subtitle":"","jetpack_sharing_enabled":true,"_links":{"self":[{"href":"https:\/\/www.hoymercedes.com.ar\/principal\/wp-json\/wp\/v2\/posts\/195254","targetHints":{"allow":["GET"]}}],"collection":[{"href":"https:\/\/www.hoymercedes.com.ar\/principal\/wp-json\/wp\/v2\/posts"}],"about":[{"href":"https:\/\/www.hoymercedes.com.ar\/principal\/wp-json\/wp\/v2\/types\/post"}],"author":[{"embeddable":true,"href":"https:\/\/www.hoymercedes.com.ar\/principal\/wp-json\/wp\/v2\/users\/1"}],"replies":[{"embeddable":true,"href":"https:\/\/www.hoymercedes.com.ar\/principal\/wp-json\/wp\/v2\/comments?post=195254"}],"version-history":[{"count":1,"href":"https:\/\/www.hoymercedes.com.ar\/principal\/wp-json\/wp\/v2\/posts\/195254\/revisions"}],"predecessor-version":[{"id":195255,"href":"https:\/\/www.hoymercedes.com.ar\/principal\/wp-json\/wp\/v2\/posts\/195254\/revisions\/195255"}],"wp:featuredmedia":[{"embeddable":true,"href":"https:\/\/www.hoymercedes.com.ar\/principal\/wp-json\/wp\/v2\/media\/176149"}],"wp:attachment":[{"href":"https:\/\/www.hoymercedes.com.ar\/principal\/wp-json\/wp\/v2\/media?parent=195254"}],"wp:term":[{"taxonomy":"category","embeddable":true,"href":"https:\/\/www.hoymercedes.com.ar\/principal\/wp-json\/wp\/v2\/categories?post=195254"},{"taxonomy":"post_tag","embeddable":true,"href":"https:\/\/www.hoymercedes.com.ar\/principal\/wp-json\/wp\/v2\/tags?post=195254"}],"curies":[{"name":"wp","href":"https:\/\/api.w.org\/{rel}","templated":true}]}}