{"id":195280,"date":"2026-04-28T10:55:00","date_gmt":"2026-04-28T13:55:00","guid":{"rendered":"https:\/\/www.hoymercedes.com.ar\/principal\/?p=195280"},"modified":"2026-04-27T21:58:09","modified_gmt":"2026-04-28T00:58:09","slug":"laureano-rosa-se-quedo-con-la-primera-edicion-de-la-activarte-10k","status":"publish","type":"post","link":"https:\/\/www.hoymercedes.com.ar\/principal\/2026\/04\/28\/laureano-rosa-se-quedo-con-la-primera-edicion-de-la-activarte-10k\/","title":{"rendered":"Laureano Rosa se qued\u00f3 con la primera edici\u00f3n de la Activarte 10K"},"content":{"rendered":"\n<figure class=\"wp-block-image size-full\"><img loading=\"lazy\" decoding=\"async\" width=\"440\" height=\"609\" data-attachment-id=\"195284\" data-permalink=\"https:\/\/www.hoymercedes.com.ar\/principal\/2026\/04\/28\/laureano-rosa-se-quedo-con-la-primera-edicion-de-la-activarte-10k\/whatsapp-image-2026-04-27-at-21-57-04\/#main\" data-orig-file=\"https:\/\/www.hoymercedes.com.ar\/principal\/wp-content\/uploads\/2026\/04\/WhatsApp-Image-2026-04-27-at-21.57.04.jpeg\" data-orig-size=\"440,609\" data-comments-opened=\"0\" data-image-meta=\"{&quot;aperture&quot;:&quot;0&quot;,&quot;credit&quot;:&quot;&quot;,&quot;camera&quot;:&quot;&quot;,&quot;caption&quot;:&quot;&quot;,&quot;created_timestamp&quot;:&quot;0&quot;,&quot;copyright&quot;:&quot;&quot;,&quot;focal_length&quot;:&quot;0&quot;,&quot;iso&quot;:&quot;0&quot;,&quot;shutter_speed&quot;:&quot;0&quot;,&quot;title&quot;:&quot;&quot;,&quot;orientation&quot;:&quot;0&quot;}\" data-image-title=\"WhatsApp Image 2026-04-27 at 21.57.04\" data-image-description=\"\" data-image-caption=\"\" data-large-file=\"https:\/\/www.hoymercedes.com.ar\/principal\/wp-content\/uploads\/2026\/04\/WhatsApp-Image-2026-04-27-at-21.57.04.jpeg\" src=\"https:\/\/www.hoymercedes.com.ar\/principal\/wp-content\/uploads\/2026\/04\/WhatsApp-Image-2026-04-27-at-21.57.04.jpeg\" alt=\"\" class=\"wp-image-195284\" srcset=\"https:\/\/www.hoymercedes.com.ar\/principal\/wp-content\/uploads\/2026\/04\/WhatsApp-Image-2026-04-27-at-21.57.04.jpeg 440w, https:\/\/www.hoymercedes.com.ar\/principal\/wp-content\/uploads\/2026\/04\/WhatsApp-Image-2026-04-27-at-21.57.04-108x150.jpeg 108w\" sizes=\"auto, (max-width: 440px) 100vw, 440px\" \/><\/figure>\n\n\n\n<p>El atleta <strong>Laureano Rosa<\/strong> fue el ganador de la <strong>Activarte 10K<\/strong>, competencia que tuvo su estreno el domingo 26 de abril en un circuito que recorri\u00f3 las calles de <strong>Bella Vista y San Miguel<\/strong>, con una destacada participaci\u00f3n de corredores.<\/p>\n\n\n\n<p>La prueba principal, de <strong>10 kil\u00f3metros competitivos<\/strong>, se larg\u00f3 a las <strong>8:00 desde Defensa y La Plata, en Mu\u00f1iz<\/strong>, y cont\u00f3 adem\u00e1s con una modalidad participativa de <strong>3 kil\u00f3metros<\/strong>. El evento fue organizado por <strong>Activarte Sport<\/strong>, con log\u00edstica a cargo de Sportsfacilities y el acompa\u00f1amiento de la Municipalidad de San Miguel.<\/p>\n\n\n\n<p><strong>Victoria con marca destacada<\/strong><\/p>\n\n\n\n<p>Rosa se impuso en la general con un tiempo de <strong>29 minutos y 58 segundos<\/strong>, en un <strong>circuito certificado<\/strong>, consolid\u00e1ndose como el primer ganador de esta nueva propuesta del calendario de running.<\/p>\n\n\n\n<p>Tras la competencia, el atleta agradeci\u00f3 la invitaci\u00f3n y destac\u00f3 la organizaci\u00f3n del evento, dejando abierta la posibilidad de volver en futuras ediciones.<\/p>\n\n\n\n<p><strong>Una carrera con identidad local<\/strong><\/p>\n\n\n\n<p>La Activarte 10K naci\u00f3 con el objetivo de <strong>poner en valor la identidad de San Miguel y Bella Vista<\/strong>, promoviendo un recorrido que conecte a los corredores con los barrios y su entorno. La jornada se desarroll\u00f3 con normalidad y busc\u00f3 posicionarse como una nueva referencia dentro de las competencias urbanas.<\/p>\n","protected":false},"excerpt":{"rendered":"<p>El atleta Laureano Rosa fue el ganador de la Activarte 10K, competencia que tuvo su estreno el domingo 26 de &#8230; <a title=\"Laureano Rosa se qued\u00f3 con la primera edici\u00f3n de la Activarte 10K\" class=\"read-more\" href=\"https:\/\/www.hoymercedes.com.ar\/principal\/2026\/04\/28\/laureano-rosa-se-quedo-con-la-primera-edicion-de-la-activarte-10k\/\" aria-label=\"Leer m\u00e1s sobre Laureano Rosa se qued\u00f3 con la primera edici\u00f3n de la Activarte 10K\">Leer m\u00e1s<\/a><\/p>\n","protected":false},"author":1,"featured_media":195284,"comment_status":"closed","ping_status":"open","sticky":false,"template":"","format":"standard","meta":{"_monsterinsights_skip_tracking":false,"_monsterinsights_sitenote_active":false,"_monsterinsights_sitenote_note":"","_monsterinsights_sitenote_category":0,"jetpack_post_was_ever_published":false,"_jetpack_newsletter_access":"","_jetpack_dont_email_post_to_subs":false,"_jetpack_newsletter_tier_id":0,"_jetpack_memberships_contains_paywalled_content":false,"_jetpack_memberships_contains_paid_content":false,"footnotes":"","jetpack_publicize_message":"","jetpack_publicize_feature_enabled":true,"jetpack_social_post_already_shared":true,"jetpack_social_options":{"image_generator_settings":{"template":"highway","default_image_id":0,"font":"","enabled":false},"version":2},"_wpas_customize_per_network":false},"categories":[21],"tags":[],"class_list":["post-195280","post","type-post","status-publish","format-standard","has-post-thumbnail","hentry","category-deportes","generate-columns","tablet-grid-50","mobile-grid-100","grid-parent","grid-50"],"jetpack_publicize_connections":[],"jetpack_featured_media_url":"https:\/\/www.hoymercedes.com.ar\/principal\/wp-content\/uploads\/2026\/04\/WhatsApp-Image-2026-04-27-at-21.57.04.jpeg","wps_subtitle":"","jetpack_sharing_enabled":true,"_links":{"self":[{"href":"https:\/\/www.hoymercedes.com.ar\/principal\/wp-json\/wp\/v2\/posts\/195280","targetHints":{"allow":["GET"]}}],"collection":[{"href":"https:\/\/www.hoymercedes.com.ar\/principal\/wp-json\/wp\/v2\/posts"}],"about":[{"href":"https:\/\/www.hoymercedes.com.ar\/principal\/wp-json\/wp\/v2\/types\/post"}],"author":[{"embeddable":true,"href":"https:\/\/www.hoymercedes.com.ar\/principal\/wp-json\/wp\/v2\/users\/1"}],"replies":[{"embeddable":true,"href":"https:\/\/www.hoymercedes.com.ar\/principal\/wp-json\/wp\/v2\/comments?post=195280"}],"version-history":[{"count":1,"href":"https:\/\/www.hoymercedes.com.ar\/principal\/wp-json\/wp\/v2\/posts\/195280\/revisions"}],"predecessor-version":[{"id":195286,"href":"https:\/\/www.hoymercedes.com.ar\/principal\/wp-json\/wp\/v2\/posts\/195280\/revisions\/195286"}],"wp:featuredmedia":[{"embeddable":true,"href":"https:\/\/www.hoymercedes.com.ar\/principal\/wp-json\/wp\/v2\/media\/195284"}],"wp:attachment":[{"href":"https:\/\/www.hoymercedes.com.ar\/principal\/wp-json\/wp\/v2\/media?parent=195280"}],"wp:term":[{"taxonomy":"category","embeddable":true,"href":"https:\/\/www.hoymercedes.com.ar\/principal\/wp-json\/wp\/v2\/categories?post=195280"},{"taxonomy":"post_tag","embeddable":true,"href":"https:\/\/www.hoymercedes.com.ar\/principal\/wp-json\/wp\/v2\/tags?post=195280"}],"curies":[{"name":"wp","href":"https:\/\/api.w.org\/{rel}","templated":true}]}}