{"id":195319,"date":"2026-04-28T15:09:34","date_gmt":"2026-04-28T18:09:34","guid":{"rendered":"https:\/\/www.hoymercedes.com.ar\/principal\/?p=195319"},"modified":"2026-04-28T15:09:37","modified_gmt":"2026-04-28T18:09:37","slug":"policia-federal-mercedes-desbarata-venta-de-drogas-en-lujan-video","status":"publish","type":"post","link":"https:\/\/www.hoymercedes.com.ar\/principal\/2026\/04\/28\/policia-federal-mercedes-desbarata-venta-de-drogas-en-lujan-video\/","title":{"rendered":"Polic\u00eda Federal Mercedes desbarata venta de drogas en Lujan (Video)"},"content":{"rendered":"\n<figure class=\"wp-block-embed is-type-video is-provider-youtube wp-block-embed-youtube wp-embed-aspect-16-9 wp-has-aspect-ratio\"><div class=\"wp-block-embed__wrapper\">\n<span class=\"embed-youtube\" style=\"text-align:center; display: block;\"><iframe loading=\"lazy\" class=\"youtube-player\" width=\"1200\" height=\"675\" src=\"https:\/\/www.youtube.com\/embed\/ZJxVIDvAX5g?version=3&#038;rel=1&#038;showsearch=0&#038;showinfo=1&#038;iv_load_policy=1&#038;fs=1&#038;hl=es-ES&#038;autohide=2&#038;wmode=transparent\" allowfullscreen=\"true\" style=\"border:0;\" sandbox=\"allow-scripts allow-same-origin allow-popups allow-presentation allow-popups-to-escape-sandbox\"><\/iframe><\/span>\n<\/div><\/figure>\n\n\n\n<p>Un operativo realizado por la Division Unidad Operativa Federal MERCEDES de la Polic\u00eda Federal Argentina en la ciudad de Luj\u00e1n culmin\u00f3 con la detenci\u00f3n de dos hombres y el secuestro de drogas, dinero en efectivo, un arma de fuego y otros elementos de inter\u00e9s para la investigaci\u00f3n. El procedimiento se llev\u00f3 a cabo en un domicilio ubicado en la calle Negrito Manuel, en el barrio ELI, en el marco de una causa por presunta infracci\u00f3n a la Ley 23.737.<\/p>\n\n\n\n<p>La medida fue ordenada por el Juzgado Federal de Primera Instancia de Mercedes, a cargo del juez Elpidio Portocarrero Tezanos Pinto, con intervenci\u00f3n de la Secretar\u00eda Penal N\u00b0 4, en la causa identificada como \u201cN.N. s\/ Infracci\u00f3n Ley 23.737\u201d.<\/p>\n\n\n\n<p>Seg\u00fan informaron fuentes policiales, al momento del ingreso del personal de la Divisi\u00f3n Unidad Operativa Federal Mercedes, dos sospechosos intentaron darse a la fuga. Sin embargo, fueron capturados minutos despu\u00e9s en viviendas cercanas, tras un operativo de b\u00fasqueda en la zona.<\/p>\n\n\n\n<p>Durante el procedimiento, los efectivos incautaron aproximadamente 500 envoltorios que contendr\u00edan clorhidrato de coca\u00edna, adem\u00e1s de una sustancia vegetal compatible con marihuana. Tambi\u00e9n se secuestr\u00f3 una suma de dinero en efectivo, tel\u00e9fonos celulares y una pistola perteneciente a la Polic\u00eda de la Provincia de Buenos Aires que contaba con pedido de secuestro vigente.<\/p>\n\n\n\n<figure class=\"wp-block-image size-large\"><img loading=\"lazy\" decoding=\"async\" width=\"1024\" height=\"651\" data-attachment-id=\"195321\" data-permalink=\"https:\/\/www.hoymercedes.com.ar\/principal\/2026\/04\/28\/policia-federal-mercedes-desbarata-venta-de-drogas-en-lujan-video\/allanamiento-policia-lujan\/#main\" data-orig-file=\"https:\/\/www.hoymercedes.com.ar\/principal\/wp-content\/uploads\/2026\/04\/Allanamiento-Policia-Lujan.jpeg\" data-orig-size=\"1280,814\" data-comments-opened=\"0\" data-image-meta=\"{&quot;aperture&quot;:&quot;0&quot;,&quot;credit&quot;:&quot;&quot;,&quot;camera&quot;:&quot;&quot;,&quot;caption&quot;:&quot;&quot;,&quot;created_timestamp&quot;:&quot;0&quot;,&quot;copyright&quot;:&quot;&quot;,&quot;focal_length&quot;:&quot;0&quot;,&quot;iso&quot;:&quot;0&quot;,&quot;shutter_speed&quot;:&quot;0&quot;,&quot;title&quot;:&quot;&quot;,&quot;orientation&quot;:&quot;0&quot;}\" data-image-title=\"Allanamiento-Policia-Lujan\" data-image-description=\"\" data-image-caption=\"\" data-large-file=\"https:\/\/www.hoymercedes.com.ar\/principal\/wp-content\/uploads\/2026\/04\/Allanamiento-Policia-Lujan-1024x651.jpeg\" src=\"https:\/\/www.hoymercedes.com.ar\/principal\/wp-content\/uploads\/2026\/04\/Allanamiento-Policia-Lujan-1024x651.jpeg\" alt=\"\" class=\"wp-image-195321\" srcset=\"https:\/\/www.hoymercedes.com.ar\/principal\/wp-content\/uploads\/2026\/04\/Allanamiento-Policia-Lujan-1024x651.jpeg 1024w, https:\/\/www.hoymercedes.com.ar\/principal\/wp-content\/uploads\/2026\/04\/Allanamiento-Policia-Lujan-630x401.jpeg 630w, https:\/\/www.hoymercedes.com.ar\/principal\/wp-content\/uploads\/2026\/04\/Allanamiento-Policia-Lujan-150x95.jpeg 150w, https:\/\/www.hoymercedes.com.ar\/principal\/wp-content\/uploads\/2026\/04\/Allanamiento-Policia-Lujan.jpeg 1280w\" sizes=\"auto, (max-width: 1024px) 100vw, 1024px\" \/><\/figure>\n\n\n\n<p> <\/p>\n\n\n\n<p>La investigaci\u00f3n se hab\u00eda iniciado a partir de un pedido de captura emitido por el magistrado interviniente, quien encomend\u00f3 a la unidad federal la realizaci\u00f3n de tareas para localizar a una persona vinculada a la causa. A partir de esas diligencias, se logr\u00f3 identificar el domicilio allanado, presuntamente utilizado como punto de venta de estupefacientes bajo la modalidad de narcomenudeo.<\/p>\n\n\n\n<p>Los elementos secuestrados ser\u00e1n sometidos a pericias para su an\u00e1lisis, mientras que la investigaci\u00f3n contin\u00faa con el objetivo de determinar la responsabilidad de los detenidos y su vinculaci\u00f3n con la actividad il\u00edcita.<\/p>\n\n\n\n<p>En paralelo, las autoridades mantienen la b\u00fasqueda de Marcia Daniela Giovanetone, se\u00f1alada como una de las principales involucradas en la causa. En ese sentido, se intensificaron las tareas investigativas para dar con su paradero y avanzar en el desmantelamiento de la red de comercializaci\u00f3n de drogas.<\/p>\n\n\n\n<p>Desde la Polic\u00eda Federal Argentina destacaron que los operativos en la ciudad de Luj\u00e1n forman parte de una estrategia sostenida de prevenci\u00f3n e investigaci\u00f3n del narcotr\u00e1fico, con el objetivo de desarticular puntos de venta y reforzar la seguridad en la comunidad.<\/p>\n\n\n\n<figure class=\"wp-block-image size-large\"><img loading=\"lazy\" decoding=\"async\" width=\"1024\" height=\"461\" data-attachment-id=\"195322\" data-permalink=\"https:\/\/www.hoymercedes.com.ar\/principal\/2026\/04\/28\/policia-federal-mercedes-desbarata-venta-de-drogas-en-lujan-video\/allanamiento-policia-lujan-2\/#main\" data-orig-file=\"https:\/\/www.hoymercedes.com.ar\/principal\/wp-content\/uploads\/2026\/04\/Allanamiento-Policia-Lujan-2.jpeg\" data-orig-size=\"1600,720\" data-comments-opened=\"0\" data-image-meta=\"{&quot;aperture&quot;:&quot;0&quot;,&quot;credit&quot;:&quot;&quot;,&quot;camera&quot;:&quot;&quot;,&quot;caption&quot;:&quot;&quot;,&quot;created_timestamp&quot;:&quot;0&quot;,&quot;copyright&quot;:&quot;&quot;,&quot;focal_length&quot;:&quot;0&quot;,&quot;iso&quot;:&quot;0&quot;,&quot;shutter_speed&quot;:&quot;0&quot;,&quot;title&quot;:&quot;&quot;,&quot;orientation&quot;:&quot;0&quot;}\" data-image-title=\"Allanamiento-Policia-Lujan-2\" data-image-description=\"\" data-image-caption=\"\" data-large-file=\"https:\/\/www.hoymercedes.com.ar\/principal\/wp-content\/uploads\/2026\/04\/Allanamiento-Policia-Lujan-2-1024x461.jpeg\" src=\"https:\/\/www.hoymercedes.com.ar\/principal\/wp-content\/uploads\/2026\/04\/Allanamiento-Policia-Lujan-2-1024x461.jpeg\" alt=\"\" class=\"wp-image-195322\" srcset=\"https:\/\/www.hoymercedes.com.ar\/principal\/wp-content\/uploads\/2026\/04\/Allanamiento-Policia-Lujan-2-1024x461.jpeg 1024w, https:\/\/www.hoymercedes.com.ar\/principal\/wp-content\/uploads\/2026\/04\/Allanamiento-Policia-Lujan-2-630x284.jpeg 630w, https:\/\/www.hoymercedes.com.ar\/principal\/wp-content\/uploads\/2026\/04\/Allanamiento-Policia-Lujan-2-150x68.jpeg 150w, https:\/\/www.hoymercedes.com.ar\/principal\/wp-content\/uploads\/2026\/04\/Allanamiento-Policia-Lujan-2-1536x691.jpeg 1536w, https:\/\/www.hoymercedes.com.ar\/principal\/wp-content\/uploads\/2026\/04\/Allanamiento-Policia-Lujan-2.jpeg 1600w\" sizes=\"auto, (max-width: 1024px) 100vw, 1024px\" \/><\/figure>\n","protected":false},"excerpt":{"rendered":"<p>Un operativo realizado por la Division Unidad Operativa Federal MERCEDES de la Polic\u00eda Federal Argentina en la ciudad de Luj\u00e1n &#8230; <a title=\"Polic\u00eda Federal Mercedes desbarata venta de drogas en Lujan (Video)\" class=\"read-more\" href=\"https:\/\/www.hoymercedes.com.ar\/principal\/2026\/04\/28\/policia-federal-mercedes-desbarata-venta-de-drogas-en-lujan-video\/\" aria-label=\"Leer m\u00e1s sobre Polic\u00eda Federal Mercedes desbarata venta de drogas en Lujan (Video)\">Leer m\u00e1s<\/a><\/p>\n","protected":false},"author":1,"featured_media":195320,"comment_status":"closed","ping_status":"open","sticky":false,"template":"","format":"standard","meta":{"_monsterinsights_skip_tracking":false,"_monsterinsights_sitenote_active":false,"_monsterinsights_sitenote_note":"","_monsterinsights_sitenote_category":0,"jetpack_post_was_ever_published":false,"_jetpack_newsletter_access":"","_jetpack_dont_email_post_to_subs":false,"_jetpack_newsletter_tier_id":0,"_jetpack_memberships_contains_paywalled_content":false,"_jetpack_memberships_contains_paid_content":false,"footnotes":"","jetpack_publicize_message":"","jetpack_publicize_feature_enabled":true,"jetpack_social_post_already_shared":true,"jetpack_social_options":{"image_generator_settings":{"template":"highway","default_image_id":0,"font":"","enabled":false},"version":2},"_wpas_customize_per_network":false},"categories":[85],"tags":[97,7568,2925],"class_list":["post-195319","post","type-post","status-publish","format-standard","has-post-thumbnail","hentry","category-policial","tag-allanamiento","tag-drogas-en-lujan","tag-policia-federal-mercedes","generate-columns","tablet-grid-50","mobile-grid-100","grid-parent","grid-50"],"jetpack_publicize_connections":[],"jetpack_featured_media_url":"https:\/\/www.hoymercedes.com.ar\/principal\/wp-content\/uploads\/2026\/04\/Policia-Federal-Mercedes.png","wps_subtitle":"","jetpack_sharing_enabled":true,"_links":{"self":[{"href":"https:\/\/www.hoymercedes.com.ar\/principal\/wp-json\/wp\/v2\/posts\/195319","targetHints":{"allow":["GET"]}}],"collection":[{"href":"https:\/\/www.hoymercedes.com.ar\/principal\/wp-json\/wp\/v2\/posts"}],"about":[{"href":"https:\/\/www.hoymercedes.com.ar\/principal\/wp-json\/wp\/v2\/types\/post"}],"author":[{"embeddable":true,"href":"https:\/\/www.hoymercedes.com.ar\/principal\/wp-json\/wp\/v2\/users\/1"}],"replies":[{"embeddable":true,"href":"https:\/\/www.hoymercedes.com.ar\/principal\/wp-json\/wp\/v2\/comments?post=195319"}],"version-history":[{"count":1,"href":"https:\/\/www.hoymercedes.com.ar\/principal\/wp-json\/wp\/v2\/posts\/195319\/revisions"}],"predecessor-version":[{"id":195323,"href":"https:\/\/www.hoymercedes.com.ar\/principal\/wp-json\/wp\/v2\/posts\/195319\/revisions\/195323"}],"wp:featuredmedia":[{"embeddable":true,"href":"https:\/\/www.hoymercedes.com.ar\/principal\/wp-json\/wp\/v2\/media\/195320"}],"wp:attachment":[{"href":"https:\/\/www.hoymercedes.com.ar\/principal\/wp-json\/wp\/v2\/media?parent=195319"}],"wp:term":[{"taxonomy":"category","embeddable":true,"href":"https:\/\/www.hoymercedes.com.ar\/principal\/wp-json\/wp\/v2\/categories?post=195319"},{"taxonomy":"post_tag","embeddable":true,"href":"https:\/\/www.hoymercedes.com.ar\/principal\/wp-json\/wp\/v2\/tags?post=195319"}],"curies":[{"name":"wp","href":"https:\/\/api.w.org\/{rel}","templated":true}]}}