{"id":195327,"date":"2026-04-28T21:13:47","date_gmt":"2026-04-29T00:13:47","guid":{"rendered":"https:\/\/www.hoymercedes.com.ar\/principal\/?p=195327"},"modified":"2026-04-28T21:13:51","modified_gmt":"2026-04-29T00:13:51","slug":"mercedes-podria-tener-candidato-del-pro-puro-en-2027","status":"publish","type":"post","link":"https:\/\/www.hoymercedes.com.ar\/principal\/2026\/04\/28\/mercedes-podria-tener-candidato-del-pro-puro-en-2027\/","title":{"rendered":"Mercedes podr\u00eda tener candidato del \u00abPRO puro\u00bb en 2027"},"content":{"rendered":"\n<p>En sinton\u00eda con los deseos que <strong>Mauricio Macri<\/strong> expresa puertas adentro, la ciudad de Mercedes podr\u00eda contar en 2027 con un candidato propio del espacio que supo gobernar la Naci\u00f3n y la Provincia. Todo esto ocurre en un contexto donde, seg\u00fan trascendidos, el exmandatario aspira a regresar al m\u00e1ximo cargo ejecutivo del pa\u00eds.<\/p>\n\n\n\n<blockquote class=\"wp-block-quote is-layout-flow wp-block-quote-is-layout-flow\">\n<p>\u201cCon la mayor\u00eda de las provincias despegando las elecciones locales de las nacionales, en el PRO ensayan un operativo para reconstruirse como alternativa desde los territorios y dejar abierta la puerta a una eventual candidatura presidencial de Mauricio Macri\u201d, inform\u00f3 <strong>La Pol\u00edtica Online<\/strong>, sitio especializado en actualidad pol\u00edtica del pa\u00eds.<\/p>\n<\/blockquote>\n\n\n\n<h3 class=\"wp-block-heading\">Territorio bonaerense<\/h3>\n\n\n\n<p>Seg\u00fan un medio platense, nuestra ciudad es uno de los puntos estrat\u00e9gicos elegidos por el macrismo para reflotar su sello identitario y consolidar una base que le permita a Macri posicionarse como una opci\u00f3n competitiva. Sostienen que sus recientes reuniones con Paolo Rocca y el denominado <strong>\u201cc\u00edrculo rojo\u201d<\/strong> act\u00faan como el principal impulso de este plan. Tener agenda propia es clave, dice el medio. <\/p>\n\n\n\n<p>Mercedes cuenta con un n\u00facleo de votantes consolidado que, si bien no ha logrado alcanzar el Ejecutivo local, aporta un caudal de votos significativo, una din\u00e1mica que se repite en diversas localidades del interior bonaerense.<\/p>\n\n\n\n<p><strong>\u201cSon 150 ciudades donde jugar\u00e1n fuerte y con sello propio para &#8216;Mauricio Presidente&#8217;\u201d<\/strong>, detalla el informe del medio de la capital provincial.<\/p>\n","protected":false},"excerpt":{"rendered":"<p>En sinton\u00eda con los deseos que Mauricio Macri expresa puertas adentro, la ciudad de Mercedes podr\u00eda contar en 2027 con &#8230; <a title=\"Mercedes podr\u00eda tener candidato del \u00abPRO puro\u00bb en 2027\" class=\"read-more\" href=\"https:\/\/www.hoymercedes.com.ar\/principal\/2026\/04\/28\/mercedes-podria-tener-candidato-del-pro-puro-en-2027\/\" aria-label=\"Leer m\u00e1s sobre Mercedes podr\u00eda tener candidato del \u00abPRO puro\u00bb en 2027\">Leer m\u00e1s<\/a><\/p>\n","protected":false},"author":1,"featured_media":195328,"comment_status":"closed","ping_status":"open","sticky":false,"template":"","format":"standard","meta":{"_monsterinsights_skip_tracking":false,"_monsterinsights_sitenote_active":false,"_monsterinsights_sitenote_note":"","_monsterinsights_sitenote_category":0,"jetpack_post_was_ever_published":false,"_jetpack_newsletter_access":"","_jetpack_dont_email_post_to_subs":false,"_jetpack_newsletter_tier_id":0,"_jetpack_memberships_contains_paywalled_content":false,"_jetpack_memberships_contains_paid_content":false,"footnotes":"","jetpack_publicize_message":"","jetpack_publicize_feature_enabled":true,"jetpack_social_post_already_shared":true,"jetpack_social_options":{"image_generator_settings":{"template":"highway","default_image_id":0,"font":"","enabled":false},"version":2},"_wpas_customize_per_network":false},"categories":[5],"tags":[8402,10,14190],"class_list":["post-195327","post","type-post","status-publish","format-standard","has-post-thumbnail","hentry","category-politica","tag-mauricio-macri","tag-mercedes","tag-politica-nacional-2","generate-columns","tablet-grid-50","mobile-grid-100","grid-parent","grid-50"],"jetpack_publicize_connections":[],"jetpack_featured_media_url":"https:\/\/www.hoymercedes.com.ar\/principal\/wp-content\/uploads\/2026\/04\/Mauricio-Macri.webp","wps_subtitle":"Rosca y acci\u00f3n","jetpack_sharing_enabled":true,"_links":{"self":[{"href":"https:\/\/www.hoymercedes.com.ar\/principal\/wp-json\/wp\/v2\/posts\/195327","targetHints":{"allow":["GET"]}}],"collection":[{"href":"https:\/\/www.hoymercedes.com.ar\/principal\/wp-json\/wp\/v2\/posts"}],"about":[{"href":"https:\/\/www.hoymercedes.com.ar\/principal\/wp-json\/wp\/v2\/types\/post"}],"author":[{"embeddable":true,"href":"https:\/\/www.hoymercedes.com.ar\/principal\/wp-json\/wp\/v2\/users\/1"}],"replies":[{"embeddable":true,"href":"https:\/\/www.hoymercedes.com.ar\/principal\/wp-json\/wp\/v2\/comments?post=195327"}],"version-history":[{"count":2,"href":"https:\/\/www.hoymercedes.com.ar\/principal\/wp-json\/wp\/v2\/posts\/195327\/revisions"}],"predecessor-version":[{"id":195330,"href":"https:\/\/www.hoymercedes.com.ar\/principal\/wp-json\/wp\/v2\/posts\/195327\/revisions\/195330"}],"wp:featuredmedia":[{"embeddable":true,"href":"https:\/\/www.hoymercedes.com.ar\/principal\/wp-json\/wp\/v2\/media\/195328"}],"wp:attachment":[{"href":"https:\/\/www.hoymercedes.com.ar\/principal\/wp-json\/wp\/v2\/media?parent=195327"}],"wp:term":[{"taxonomy":"category","embeddable":true,"href":"https:\/\/www.hoymercedes.com.ar\/principal\/wp-json\/wp\/v2\/categories?post=195327"},{"taxonomy":"post_tag","embeddable":true,"href":"https:\/\/www.hoymercedes.com.ar\/principal\/wp-json\/wp\/v2\/tags?post=195327"}],"curies":[{"name":"wp","href":"https:\/\/api.w.org\/{rel}","templated":true}]}}