{"id":195331,"date":"2026-04-29T08:34:00","date_gmt":"2026-04-29T11:34:00","guid":{"rendered":"https:\/\/www.hoymercedes.com.ar\/principal\/?p=195331"},"modified":"2026-04-28T22:39:35","modified_gmt":"2026-04-29T01:39:35","slug":"marcela-cueto-se-presentara-en-la-asociacion-medica","status":"publish","type":"post","link":"https:\/\/www.hoymercedes.com.ar\/principal\/2026\/04\/29\/marcela-cueto-se-presentara-en-la-asociacion-medica\/","title":{"rendered":"Marcela Cueto se presentar\u00e1 en la Asociaci\u00f3n M\u00e9dica"},"content":{"rendered":"\n<figure class=\"wp-block-image size-large\"><img loading=\"lazy\" decoding=\"async\" width=\"960\" height=\"960\" data-attachment-id=\"195333\" data-permalink=\"https:\/\/www.hoymercedes.com.ar\/principal\/whatsapp-image-2026-04-28-at-21-33-56-2\/\" data-orig-file=\"https:\/\/www.hoymercedes.com.ar\/principal\/wp-content\/uploads\/2026\/04\/WhatsApp-Image-2026-04-28-at-21.33.56-edited.jpeg\" data-orig-size=\"960,960\" data-comments-opened=\"0\" data-image-meta=\"{&quot;aperture&quot;:&quot;0&quot;,&quot;credit&quot;:&quot;&quot;,&quot;camera&quot;:&quot;&quot;,&quot;caption&quot;:&quot;&quot;,&quot;created_timestamp&quot;:&quot;0&quot;,&quot;copyright&quot;:&quot;&quot;,&quot;focal_length&quot;:&quot;0&quot;,&quot;iso&quot;:&quot;0&quot;,&quot;shutter_speed&quot;:&quot;0&quot;,&quot;title&quot;:&quot;&quot;,&quot;orientation&quot;:&quot;0&quot;}\" data-image-title=\"WhatsApp Image 2026-04-28 at 21.33.56\" data-image-description=\"\" data-image-caption=\"\" data-large-file=\"https:\/\/www.hoymercedes.com.ar\/principal\/wp-content\/uploads\/2026\/04\/WhatsApp-Image-2026-04-28-at-21.33.56-edited.jpeg\" src=\"https:\/\/www.hoymercedes.com.ar\/principal\/wp-content\/uploads\/2026\/04\/WhatsApp-Image-2026-04-28-at-21.33.56-edited.jpeg\" alt=\"\" class=\"wp-image-195333\" srcset=\"https:\/\/www.hoymercedes.com.ar\/principal\/wp-content\/uploads\/2026\/04\/WhatsApp-Image-2026-04-28-at-21.33.56-edited.jpeg 960w, https:\/\/www.hoymercedes.com.ar\/principal\/wp-content\/uploads\/2026\/04\/WhatsApp-Image-2026-04-28-at-21.33.56-edited-620x620.jpeg 620w, https:\/\/www.hoymercedes.com.ar\/principal\/wp-content\/uploads\/2026\/04\/WhatsApp-Image-2026-04-28-at-21.33.56-edited-150x150.jpeg 150w\" sizes=\"auto, (max-width: 960px) 100vw, 960px\" \/><\/figure>\n\n\n\n<p>El pr\u00f3ximo 7 de mayo, a las 20:00 20 en la sede de la <strong>Asociaci\u00f3n M\u00e9dica de Mercedes<\/strong> (calle 27 n\u00b0 733), la prestigiosa artista pl\u00e1stica, <strong>Marcela Cueto<\/strong>, presenta una serie in\u00e9dita que invita a explorar la sensibilidad, la naturaleza y los paisajes \u00edntimos.<\/p>\n\n\n\n<p>Bajo el t\u00edtulo <strong>\u201cJardines Interiores\u201d,<\/strong> asistiremos a &nbsp;un recorrido sensible por aquello que muchas veces no tiene forma precisa, pero s\u00ed resonancia.<\/p>\n\n\n\n<p>La presentaci\u00f3n del evento estar\u00e1 a cargo de la licenciada en letras y periodista <strong>Susana Spano<\/strong>, quien recorrer\u00e1 con la artista distintos momentos de su exitosa carrera.<\/p>\n\n\n\n<p><strong>Marcela Cueto<\/strong> reflejar\u00e1 en esta exposici\u00f3n una obra depurada y personal. Formada como <strong>Profesora Superior en Artes Visuales en la Escuela de Arte P. Ferrari de Luj\u00e1n<\/strong>, su recorrido ha estado marcado por una b\u00fasqueda sostenida, nutrida en los \u00faltimos a\u00f1os por instancias de formaci\u00f3n junto a artistas como <strong>Silvia Gurfein, Mar\u00eda Menegazzo, Ver\u00f3nica G\u00f3mez y Camilo Guinot<\/strong>. Ese tr\u00e1nsito \u2014entre la formaci\u00f3n acad\u00e9mica y la experimentaci\u00f3n\u2014 se percibe en cada pieza, donde lo t\u00e9cnico se pone al servicio de una mirada profundamente sensible.<\/p>\n\n\n\n<p>En \u201c<strong>Jardines Interiores\u201d<\/strong>, esa mirada se expande. Hay una insistencia en lo org\u00e1nico, en lo que crece, muta y se transforma. Pero tambi\u00e9n en lo que se recuerda o se intuye. Como si cada obra funcionara como un fragmento de paisaje interno, una cartograf\u00eda emocional que dialoga con quien observa.<\/p>\n\n\n\n<p>La elecci\u00f3n del espacio no es menor. <strong>La Asociaci\u00f3n M\u00e9dica de Mercedes <\/strong>&nbsp;vuelve a abrir sus puertas al arte, retomando una tradici\u00f3n de encuentro con la comunidad. En ese cruce entre lo institucional y lo cultural, la obra de <strong>Cueto<\/strong> encuentra un marco que amplifica su sentido: acercar la experiencia art\u00edstica a lo cotidiano.<\/p>\n\n\n\n<p>A lo largo de su trayectoria, la artista ha construido un camino s\u00f3lido dentro de la escena regional y nacional. Sus reiterados premios en el <strong>Sal\u00f3n Provincial de Pintura Ciudad de Mercedes<\/strong> dan cuenta de un reconocimiento sostenido en el tiempo, al igual que las selecciones y distinciones en espacios como la <strong>Bolsa de Comercio de Bah\u00eda Blanca<\/strong> o el <strong>Centro Cultural Leonardo Favio<\/strong> de Lan\u00fas. Sin embargo, m\u00e1s all\u00e1 de los premios, hay una continuidad en su producci\u00f3n que se confirma en cada nueva exposici\u00f3n.<\/p>\n\n\n\n<p>En los \u00faltimos a\u00f1os, sus muestras individuales en el <strong>Museo de Arte Contempor\u00e1neo Ra\u00fal Lozza de Alberti y el Museo Hist\u00f3rico V\u00edctor M\u00edguez de Mercede<\/strong>s dejaron ver distintas etapas de una misma b\u00fasqueda, que hoy parece condensarse en esta nueva propuesta. Sus obras, adem\u00e1s, integran colecciones p\u00fablicas y privadas en distintas ciudades, lo que refuerza la proyecci\u00f3n de un trabajo que no deja de crecer.<\/p>\n","protected":false},"excerpt":{"rendered":"<p>El pr\u00f3ximo 7 de mayo, a las 20:00 20 en la sede de la Asociaci\u00f3n M\u00e9dica de Mercedes (calle 27 &#8230; <a title=\"Marcela Cueto se presentar\u00e1 en la Asociaci\u00f3n M\u00e9dica\" class=\"read-more\" href=\"https:\/\/www.hoymercedes.com.ar\/principal\/2026\/04\/29\/marcela-cueto-se-presentara-en-la-asociacion-medica\/\" aria-label=\"Leer m\u00e1s sobre Marcela Cueto se presentar\u00e1 en la Asociaci\u00f3n M\u00e9dica\">Leer m\u00e1s<\/a><\/p>\n","protected":false},"author":1,"featured_media":195333,"comment_status":"closed","ping_status":"open","sticky":false,"template":"","format":"standard","meta":{"_monsterinsights_skip_tracking":false,"_monsterinsights_sitenote_active":false,"_monsterinsights_sitenote_note":"","_monsterinsights_sitenote_category":0,"jetpack_post_was_ever_published":false,"_jetpack_newsletter_access":"","_jetpack_dont_email_post_to_subs":false,"_jetpack_newsletter_tier_id":0,"_jetpack_memberships_contains_paywalled_content":false,"_jetpack_memberships_contains_paid_content":false,"footnotes":"","jetpack_publicize_message":"","jetpack_publicize_feature_enabled":true,"jetpack_social_post_already_shared":true,"jetpack_social_options":{"image_generator_settings":{"template":"highway","default_image_id":0,"font":"","enabled":false},"version":2},"_wpas_customize_per_network":false},"categories":[104],"tags":[],"class_list":["post-195331","post","type-post","status-publish","format-standard","has-post-thumbnail","hentry","category-cultura","generate-columns","tablet-grid-50","mobile-grid-100","grid-parent","grid-50"],"jetpack_publicize_connections":[],"jetpack_featured_media_url":"https:\/\/www.hoymercedes.com.ar\/principal\/wp-content\/uploads\/2026\/04\/WhatsApp-Image-2026-04-28-at-21.33.56-edited.jpeg","wps_subtitle":"","jetpack_sharing_enabled":true,"_links":{"self":[{"href":"https:\/\/www.hoymercedes.com.ar\/principal\/wp-json\/wp\/v2\/posts\/195331","targetHints":{"allow":["GET"]}}],"collection":[{"href":"https:\/\/www.hoymercedes.com.ar\/principal\/wp-json\/wp\/v2\/posts"}],"about":[{"href":"https:\/\/www.hoymercedes.com.ar\/principal\/wp-json\/wp\/v2\/types\/post"}],"author":[{"embeddable":true,"href":"https:\/\/www.hoymercedes.com.ar\/principal\/wp-json\/wp\/v2\/users\/1"}],"replies":[{"embeddable":true,"href":"https:\/\/www.hoymercedes.com.ar\/principal\/wp-json\/wp\/v2\/comments?post=195331"}],"version-history":[{"count":1,"href":"https:\/\/www.hoymercedes.com.ar\/principal\/wp-json\/wp\/v2\/posts\/195331\/revisions"}],"predecessor-version":[{"id":195334,"href":"https:\/\/www.hoymercedes.com.ar\/principal\/wp-json\/wp\/v2\/posts\/195331\/revisions\/195334"}],"wp:featuredmedia":[{"embeddable":true,"href":"https:\/\/www.hoymercedes.com.ar\/principal\/wp-json\/wp\/v2\/media\/195333"}],"wp:attachment":[{"href":"https:\/\/www.hoymercedes.com.ar\/principal\/wp-json\/wp\/v2\/media?parent=195331"}],"wp:term":[{"taxonomy":"category","embeddable":true,"href":"https:\/\/www.hoymercedes.com.ar\/principal\/wp-json\/wp\/v2\/categories?post=195331"},{"taxonomy":"post_tag","embeddable":true,"href":"https:\/\/www.hoymercedes.com.ar\/principal\/wp-json\/wp\/v2\/tags?post=195331"}],"curies":[{"name":"wp","href":"https:\/\/api.w.org\/{rel}","templated":true}]}}