{"id":195335,"date":"2026-04-29T09:53:00","date_gmt":"2026-04-29T12:53:00","guid":{"rendered":"https:\/\/www.hoymercedes.com.ar\/principal\/?p=195335"},"modified":"2026-04-28T22:54:53","modified_gmt":"2026-04-29T01:54:53","slug":"a-diez-anos-de-la-muerte-de-lucas-fal","status":"publish","type":"post","link":"https:\/\/www.hoymercedes.com.ar\/principal\/2026\/04\/29\/a-diez-anos-de-la-muerte-de-lucas-fal\/","title":{"rendered":"A diez a\u00f1os de la muerte de Lucas Fal"},"content":{"rendered":"\n<figure class=\"wp-block-image size-full\"><img loading=\"lazy\" decoding=\"async\" width=\"620\" height=\"464\" data-attachment-id=\"42870\" data-permalink=\"https:\/\/www.hoymercedes.com.ar\/principal\/2015\/07\/04\/lucas-falla-ultima-gota-no-es-la-que-rebalso-el-vaso-sobre-cierra-de-m-o-m\/lucasfal-3\/#main\" data-orig-file=\"https:\/\/www.hoymercedes.com.ar\/principal\/wp-content\/uploads\/2015\/07\/lucasfal.jpg\" data-orig-size=\"620,464\" data-comments-opened=\"1\" data-image-meta=\"{&quot;aperture&quot;:&quot;0&quot;,&quot;credit&quot;:&quot;&quot;,&quot;camera&quot;:&quot;&quot;,&quot;caption&quot;:&quot;&quot;,&quot;created_timestamp&quot;:&quot;0&quot;,&quot;copyright&quot;:&quot;&quot;,&quot;focal_length&quot;:&quot;0&quot;,&quot;iso&quot;:&quot;0&quot;,&quot;shutter_speed&quot;:&quot;0&quot;,&quot;title&quot;:&quot;&quot;,&quot;orientation&quot;:&quot;0&quot;}\" data-image-title=\"lucasfal\" data-image-description=\"\" data-image-caption=\"\" data-large-file=\"https:\/\/www.hoymercedes.com.ar\/principal\/wp-content\/uploads\/2015\/07\/lucasfal.jpg\" src=\"https:\/\/www.hoymercedes.com.ar\/principal\/wp-content\/uploads\/2015\/07\/lucasfal.jpg\" alt=\"\" class=\"wp-image-42870\" srcset=\"https:\/\/www.hoymercedes.com.ar\/principal\/wp-content\/uploads\/2015\/07\/lucasfal.jpg 620w, https:\/\/www.hoymercedes.com.ar\/principal\/wp-content\/uploads\/2015\/07\/lucasfal-150x112.jpg 150w, https:\/\/www.hoymercedes.com.ar\/principal\/wp-content\/uploads\/2015\/07\/lucasfal-290x217.jpg 290w, https:\/\/www.hoymercedes.com.ar\/principal\/wp-content\/uploads\/2015\/07\/lucasfal-50x37.jpg 50w\" sizes=\"auto, (max-width: 620px) 100vw, 620px\" \/><\/figure>\n\n\n\n<p>Este 29 de abril se cumplen diez a\u00f1os del fallecimiento de Lucas Fal, dirigente pol\u00edtico mercedino cuya figura dej\u00f3 una huella profunda en la vida p\u00fablica de la ciudad y en toda una generaci\u00f3n de militantes.<\/p>\n\n\n\n<p>Fal falleci\u00f3 en 2016 a los 40 a\u00f1os, luego de permanecer internado durante varios d\u00edas en la ciudad de La Plata, en un hecho que conmocion\u00f3 a Mercedes y al \u00e1mbito pol\u00edtico provincial.<\/p>\n\n\n\n<p>Bioingeniero de formaci\u00f3n y con una marcada vocaci\u00f3n por el servicio p\u00fablico, supo construir una trayectoria que combin\u00f3 el compromiso profesional con la militancia pol\u00edtica. Su participaci\u00f3n en la elecci\u00f3n municipal de 2015 lo posicion\u00f3 como una de las figuras emergentes m\u00e1s relevantes del escenario local, en una contienda recordada por su paridad y alto nivel de participaci\u00f3n ciudadana.<\/p>\n\n\n\n<h3 class=\"wp-block-heading\">Un dirigente con vocaci\u00f3n de transformaci\u00f3n<\/h3>\n\n\n\n<p>Quienes compartieron su camino coinciden en se\u00f1alar que Lucas Fal representaba una nueva forma de hacer pol\u00edtica, basada en el conocimiento, el trabajo y la b\u00fasqueda de soluciones concretas para la comunidad.<\/p>\n\n\n\n<p>Desde sus inicios en el \u00e1mbito estudiantil hasta su desempe\u00f1o como funcionario provincial, mantuvo una mirada orientada al desarrollo local y al bienestar general. Su figura, incluso hoy, contin\u00faa siendo evocada como la de un dirigente con ideas innovadoras y una fuerte \u00e9tica de trabajo.<\/p>\n\n\n\n<p>Su legado trascendi\u00f3 las diferencias partidarias, consolid\u00e1ndose como un punto de encuentro entre distintos sectores que reconocen en \u00e9l a un dirigente comprometido con su ciudad.<\/p>\n\n\n\n<h3 class=\"wp-block-heading\">El impacto de una p\u00e9rdida que a\u00fan duele<\/h3>\n\n\n\n<p>La noticia de su fallecimiento gener\u00f3 un profundo pesar en la comunidad mercedina. Dirigentes, militantes, instituciones y vecinos expresaron entonces su dolor ante la partida de quien era considerado una de las grandes promesas de la pol\u00edtica local.<\/p>\n\n\n\n<p>A lo largo de estos a\u00f1os, homenajes, actos y recordatorios han mantenido viva su memoria, reafirmando el lugar que ocupa en la historia reciente de Mercedes. Su figura sigue siendo una referencia para nuevas generaciones que encuentran en su ejemplo un camino posible dentro de la vida p\u00fablica.<\/p>\n\n\n\n<h3 class=\"wp-block-heading\">Un legado que perdura<\/h3>\n\n\n\n<p>A una d\u00e9cada de su partida, Lucas Fal contin\u00faa presente en el recuerdo colectivo como s\u00edmbolo de compromiso, vocaci\u00f3n y servicio.<\/p>\n\n\n\n<p>Su historia interpela a quienes participan en la vida pol\u00edtica y social, invitando a sostener los valores que marcaron su trayectoria: la participaci\u00f3n, la responsabilidad y el trabajo por el bien com\u00fan.<\/p>\n\n\n\n<hr class=\"wp-block-separator has-alpha-channel-opacity\"\/>\n\n\n\n<h3 class=\"wp-block-heading\">Record\u00e1 las noticias de aquel entonces<\/h3>\n\n\n\n<figure class=\"wp-block-embed is-type-wp-embed is-provider-hoymercedes wp-block-embed-hoymercedes\"><div class=\"wp-block-embed__wrapper\">\n<blockquote class=\"wp-embedded-content\" data-secret=\"jVb7HLUwcx\"><a href=\"https:\/\/www.hoymercedes.com.ar\/principal\/2016\/04\/29\/fallecio-lucas-fal\/\">Falleci\u00f3 Lucas Fal<\/a><\/blockquote><iframe loading=\"lazy\" class=\"wp-embedded-content\" sandbox=\"allow-scripts\" security=\"restricted\" style=\"position: absolute; visibility: hidden;\" title=\"\u00abFalleci\u00f3 Lucas Fal\u00bb \u2014 HoyMercedes\" src=\"https:\/\/www.hoymercedes.com.ar\/principal\/2016\/04\/29\/fallecio-lucas-fal\/embed\/#?secret=qS0YSUvDdj#?secret=jVb7HLUwcx\" data-secret=\"jVb7HLUwcx\" width=\"600\" height=\"338\" frameborder=\"0\" marginwidth=\"0\" marginheight=\"0\" scrolling=\"no\"><\/iframe>\n<\/div><\/figure>\n\n\n\n<figure class=\"wp-block-embed is-type-wp-embed is-provider-hoymercedes wp-block-embed-hoymercedes\"><div class=\"wp-block-embed__wrapper\">\n<blockquote class=\"wp-embedded-content\" data-secret=\"OsYC7NceZI\"><a href=\"https:\/\/www.hoymercedes.com.ar\/principal\/2016\/04\/29\/hondo-pesar-por-la-muerte-de-lucas-fal\/\">Hondo pesar por la muerte de Lucas Fal<\/a><\/blockquote><iframe loading=\"lazy\" class=\"wp-embedded-content\" sandbox=\"allow-scripts\" security=\"restricted\" style=\"position: absolute; visibility: hidden;\" title=\"\u00abHondo pesar por la muerte de Lucas Fal\u00bb \u2014 HoyMercedes\" src=\"https:\/\/www.hoymercedes.com.ar\/principal\/2016\/04\/29\/hondo-pesar-por-la-muerte-de-lucas-fal\/embed\/#?secret=SQMQLZhlpd#?secret=OsYC7NceZI\" data-secret=\"OsYC7NceZI\" width=\"600\" height=\"338\" frameborder=\"0\" marginwidth=\"0\" marginheight=\"0\" scrolling=\"no\"><\/iframe>\n<\/div><\/figure>\n\n\n\n<figure class=\"wp-block-embed is-type-wp-embed is-provider-hoymercedes wp-block-embed-hoymercedes\"><div class=\"wp-block-embed__wrapper\">\n<blockquote class=\"wp-embedded-content\" data-secret=\"XUxxbWqWWG\"><a href=\"https:\/\/www.hoymercedes.com.ar\/principal\/2016\/04\/30\/despidieron-a-lucas-fal\/\">Despidieron a Lucas Fal<\/a><\/blockquote><iframe loading=\"lazy\" class=\"wp-embedded-content\" sandbox=\"allow-scripts\" security=\"restricted\" style=\"position: absolute; visibility: hidden;\" title=\"\u00abDespidieron a Lucas Fal\u00bb \u2014 HoyMercedes\" src=\"https:\/\/www.hoymercedes.com.ar\/principal\/2016\/04\/30\/despidieron-a-lucas-fal\/embed\/#?secret=GuM0s7OwJw#?secret=XUxxbWqWWG\" data-secret=\"XUxxbWqWWG\" width=\"600\" height=\"338\" frameborder=\"0\" marginwidth=\"0\" marginheight=\"0\" scrolling=\"no\"><\/iframe>\n<\/div><\/figure>\n","protected":false},"excerpt":{"rendered":"<p>Este 29 de abril se cumplen diez a\u00f1os del fallecimiento de Lucas Fal, dirigente pol\u00edtico mercedino cuya figura dej\u00f3 una &#8230; <a title=\"A diez a\u00f1os de la muerte de Lucas Fal\" class=\"read-more\" href=\"https:\/\/www.hoymercedes.com.ar\/principal\/2026\/04\/29\/a-diez-anos-de-la-muerte-de-lucas-fal\/\" aria-label=\"Leer m\u00e1s sobre A diez a\u00f1os de la muerte de Lucas Fal\">Leer m\u00e1s<\/a><\/p>\n","protected":false},"author":1,"featured_media":42870,"comment_status":"closed","ping_status":"open","sticky":false,"template":"","format":"standard","meta":{"_monsterinsights_skip_tracking":false,"_monsterinsights_sitenote_active":false,"_monsterinsights_sitenote_note":"","_monsterinsights_sitenote_category":0,"jetpack_post_was_ever_published":false,"_jetpack_newsletter_access":"","_jetpack_dont_email_post_to_subs":false,"_jetpack_newsletter_tier_id":0,"_jetpack_memberships_contains_paywalled_content":false,"_jetpack_memberships_contains_paid_content":false,"footnotes":"","jetpack_publicize_message":"","jetpack_publicize_feature_enabled":true,"jetpack_social_post_already_shared":true,"jetpack_social_options":{"image_generator_settings":{"template":"highway","default_image_id":0,"font":"","enabled":false},"version":2},"_wpas_customize_per_network":false},"categories":[5],"tags":[],"class_list":["post-195335","post","type-post","status-publish","format-standard","has-post-thumbnail","hentry","category-politica","generate-columns","tablet-grid-50","mobile-grid-100","grid-parent","grid-50"],"jetpack_publicize_connections":[],"jetpack_featured_media_url":"https:\/\/www.hoymercedes.com.ar\/principal\/wp-content\/uploads\/2015\/07\/lucasfal.jpg","wps_subtitle":"","jetpack_sharing_enabled":true,"_links":{"self":[{"href":"https:\/\/www.hoymercedes.com.ar\/principal\/wp-json\/wp\/v2\/posts\/195335","targetHints":{"allow":["GET"]}}],"collection":[{"href":"https:\/\/www.hoymercedes.com.ar\/principal\/wp-json\/wp\/v2\/posts"}],"about":[{"href":"https:\/\/www.hoymercedes.com.ar\/principal\/wp-json\/wp\/v2\/types\/post"}],"author":[{"embeddable":true,"href":"https:\/\/www.hoymercedes.com.ar\/principal\/wp-json\/wp\/v2\/users\/1"}],"replies":[{"embeddable":true,"href":"https:\/\/www.hoymercedes.com.ar\/principal\/wp-json\/wp\/v2\/comments?post=195335"}],"version-history":[{"count":1,"href":"https:\/\/www.hoymercedes.com.ar\/principal\/wp-json\/wp\/v2\/posts\/195335\/revisions"}],"predecessor-version":[{"id":195339,"href":"https:\/\/www.hoymercedes.com.ar\/principal\/wp-json\/wp\/v2\/posts\/195335\/revisions\/195339"}],"wp:featuredmedia":[{"embeddable":true,"href":"https:\/\/www.hoymercedes.com.ar\/principal\/wp-json\/wp\/v2\/media\/42870"}],"wp:attachment":[{"href":"https:\/\/www.hoymercedes.com.ar\/principal\/wp-json\/wp\/v2\/media?parent=195335"}],"wp:term":[{"taxonomy":"category","embeddable":true,"href":"https:\/\/www.hoymercedes.com.ar\/principal\/wp-json\/wp\/v2\/categories?post=195335"},{"taxonomy":"post_tag","embeddable":true,"href":"https:\/\/www.hoymercedes.com.ar\/principal\/wp-json\/wp\/v2\/tags?post=195335"}],"curies":[{"name":"wp","href":"https:\/\/api.w.org\/{rel}","templated":true}]}}