{"id":195340,"date":"2026-04-29T00:06:14","date_gmt":"2026-04-29T03:06:14","guid":{"rendered":"https:\/\/www.hoymercedes.com.ar\/principal\/?p=195340"},"modified":"2026-04-29T00:06:18","modified_gmt":"2026-04-29T03:06:18","slug":"jubilados-fueron-al-concejo-a-exponer-abandono-del-pami","status":"publish","type":"post","link":"https:\/\/www.hoymercedes.com.ar\/principal\/2026\/04\/29\/jubilados-fueron-al-concejo-a-exponer-abandono-del-pami\/","title":{"rendered":"Jubilados fueron al Concejo a exponer abandono del PAMI"},"content":{"rendered":"\n<figure class=\"wp-block-embed is-type-video is-provider-youtube wp-block-embed-youtube wp-embed-aspect-16-9 wp-has-aspect-ratio\"><div class=\"wp-block-embed__wrapper\">\n<span class=\"embed-youtube\" style=\"text-align:center; display: block;\"><iframe loading=\"lazy\" class=\"youtube-player\" width=\"1200\" height=\"675\" src=\"https:\/\/www.youtube.com\/embed\/ERwuYDw4RGQ?version=3&#038;rel=1&#038;showsearch=0&#038;showinfo=1&#038;iv_load_policy=1&#038;fs=1&#038;hl=es-ES&#038;autohide=2&#038;wmode=transparent\" allowfullscreen=\"true\" style=\"border:0;\" sandbox=\"allow-scripts allow-same-origin allow-popups allow-presentation allow-popups-to-escape-sandbox\"><\/iframe><\/span>\n<\/div><\/figure>\n\n\n\n<p>En la \u00faltima sesi\u00f3n del Honorable Concejo Deliberante de Mercedes, jubilados y pensionados autoconvocados hicieron uso de la Banca Participativa para exponer una realidad que atraviesan a diario, con especial preocupaci\u00f3n por el acceso a la salud.<\/p>\n\n\n\n<p>En particular, se hizo hincapi\u00e9 en las dificultades para acceder a prestaciones de salud, se\u00f1alando demoras, costos adicionales y trabas administrativas dentro del sistema, con especial menci\u00f3n al funcionamiento de PAMI.<\/p>\n\n\n\n<p>PAMI en el centro de los reclamos<\/p>\n\n\n\n<p>Uno de los ejes principales de la exposici\u00f3n fue el funcionamiento de PAMI, donde se se\u00f1alaron demoras, falta de cobertura efectiva y costos adicionales que terminan recayendo sobre los propios jubilados.<\/p>\n\n\n\n<p>Durante la jornada se describieron situaciones concretas vinculadas a turnos que tardan en llegar, pr\u00e1cticas m\u00e9dicas que requieren pagos extra y tr\u00e1mites que se vuelven cada vez m\u00e1s complejos, generando angustia y desprotecci\u00f3n en un sector que deber\u00eda contar con mayor respaldo.<\/p>\n\n\n\n<p>Planteos presentados en la Banca Participativa<\/p>\n\n\n\n<p>Queremos dejar en claro que los derechos respecto a nuestro bienestar son de cincuenta a\u00f1os adquiridos por el estado nacional. Hoy nos enfrentamos a diferentes problem\u00e1ticas dentro del ramo, tales como restricciones en terapias y reportes de servicios afiliados con discapacidad, Recortes a prestadores y riesgo de deserci\u00f3n masiva de profesionales, pues el PAMI hoy tiene una deuda millonaria con cl\u00ednicas y sanatorios. Cabe destacar que en el a\u00f1o dos mil veintitr\u00e9s contaba con un super\u00e1vit de doscientos cincuenta y cuatro mil millones, y el fondo de garant\u00eda prestacional con un super\u00e1vit de doscientos diecisiete mil millones de pesos. Recortes en la cobertura de medicamentos al cien por cien, y suspensi\u00f3n del programa nacional remediar, que abastec\u00eda a hospitales y salitas que garantizaban el acceso gratuito a medicamentos esenciales. Medidas de fuerzas de los m\u00e9dicos de cabecera en rechazo a la nueva normativa de pagos.<\/p>\n\n\n\n<p>Demoras y suspensi\u00f3n de turnos, y problemas en la atenci\u00f3n de diversas especialidades. Falta de insumo en las sedes de pago, que provocaban, por ejemplo, que no se entregasen \u00f3rdenes por no tener hojas para imprimirlas.<\/p>\n\n\n\n<p>Hoy se han reducido los elementos de fisiatr\u00eda y clarificaci\u00f3n, elementos cruciales para el tratamiento no quir\u00fargicos de patolog\u00edas que afectan la calidad de vida de todos los empleados.<\/p>\n\n\n\n<p>Conjuntamente, hoy, el promedio de trabajadores despedidos es de treinta y ocho trabajadores mensuales, sin contar los que no pasan por la secretar\u00eda del trabajo. Esta situaci\u00f3n impacta en la vida de los adultos mayores, ya que son nuestros hijos, nuestros nietos, los que han perdido la fuente de trabajo, y ya no pueden pagar el alquiler o darles de comer a sus amigos. Despu\u00e9s de una vida de trabajo y aportes, cumpliendo horarios, levantando persianas, manejando colectivos, ense\u00f1ando a ni\u00f1os, curando enfermos, construyendo calles. Despu\u00e9s de una vida de servicio, cuando al fin nos toca descansar, nos dicen que somos un gasto. Es muy penoso estar hoy pidiendo por nuestra salud una necesidad b\u00e1sica, como lo son el alimento, el techo.<\/p>\n","protected":false},"excerpt":{"rendered":"<p>En la \u00faltima sesi\u00f3n del Honorable Concejo Deliberante de Mercedes, jubilados y pensionados autoconvocados hicieron uso de la Banca Participativa &#8230; <a title=\"Jubilados fueron al Concejo a exponer abandono del PAMI\" class=\"read-more\" href=\"https:\/\/www.hoymercedes.com.ar\/principal\/2026\/04\/29\/jubilados-fueron-al-concejo-a-exponer-abandono-del-pami\/\" aria-label=\"Leer m\u00e1s sobre Jubilados fueron al Concejo a exponer abandono del PAMI\">Leer m\u00e1s<\/a><\/p>\n","protected":false},"author":1,"featured_media":195341,"comment_status":"closed","ping_status":"open","sticky":false,"template":"","format":"standard","meta":{"_monsterinsights_skip_tracking":false,"_monsterinsights_sitenote_active":false,"_monsterinsights_sitenote_note":"","_monsterinsights_sitenote_category":0,"jetpack_post_was_ever_published":false,"_jetpack_newsletter_access":"","_jetpack_dont_email_post_to_subs":false,"_jetpack_newsletter_tier_id":0,"_jetpack_memberships_contains_paywalled_content":false,"_jetpack_memberships_contains_paid_content":false,"footnotes":"","jetpack_publicize_message":"","jetpack_publicize_feature_enabled":true,"jetpack_social_post_already_shared":true,"jetpack_social_options":{"image_generator_settings":{"template":"highway","default_image_id":0,"font":"","enabled":false},"version":2},"_wpas_customize_per_network":false},"categories":[5],"tags":[236,21102],"class_list":["post-195340","post","type-post","status-publish","format-standard","has-post-thumbnail","hentry","category-politica","tag-concejo-deliberante","tag-reclamo-al-pami","generate-columns","tablet-grid-50","mobile-grid-100","grid-parent","grid-50"],"jetpack_publicize_connections":[],"jetpack_featured_media_url":"https:\/\/www.hoymercedes.com.ar\/principal\/wp-content\/uploads\/2026\/04\/Reclaman-por-el-Pami.png","wps_subtitle":"Legislativo","jetpack_sharing_enabled":true,"_links":{"self":[{"href":"https:\/\/www.hoymercedes.com.ar\/principal\/wp-json\/wp\/v2\/posts\/195340","targetHints":{"allow":["GET"]}}],"collection":[{"href":"https:\/\/www.hoymercedes.com.ar\/principal\/wp-json\/wp\/v2\/posts"}],"about":[{"href":"https:\/\/www.hoymercedes.com.ar\/principal\/wp-json\/wp\/v2\/types\/post"}],"author":[{"embeddable":true,"href":"https:\/\/www.hoymercedes.com.ar\/principal\/wp-json\/wp\/v2\/users\/1"}],"replies":[{"embeddable":true,"href":"https:\/\/www.hoymercedes.com.ar\/principal\/wp-json\/wp\/v2\/comments?post=195340"}],"version-history":[{"count":2,"href":"https:\/\/www.hoymercedes.com.ar\/principal\/wp-json\/wp\/v2\/posts\/195340\/revisions"}],"predecessor-version":[{"id":195343,"href":"https:\/\/www.hoymercedes.com.ar\/principal\/wp-json\/wp\/v2\/posts\/195340\/revisions\/195343"}],"wp:featuredmedia":[{"embeddable":true,"href":"https:\/\/www.hoymercedes.com.ar\/principal\/wp-json\/wp\/v2\/media\/195341"}],"wp:attachment":[{"href":"https:\/\/www.hoymercedes.com.ar\/principal\/wp-json\/wp\/v2\/media?parent=195340"}],"wp:term":[{"taxonomy":"category","embeddable":true,"href":"https:\/\/www.hoymercedes.com.ar\/principal\/wp-json\/wp\/v2\/categories?post=195340"},{"taxonomy":"post_tag","embeddable":true,"href":"https:\/\/www.hoymercedes.com.ar\/principal\/wp-json\/wp\/v2\/tags?post=195340"}],"curies":[{"name":"wp","href":"https:\/\/api.w.org\/{rel}","templated":true}]}}