{"id":195348,"date":"2026-04-29T06:54:00","date_gmt":"2026-04-29T09:54:00","guid":{"rendered":"https:\/\/www.hoymercedes.com.ar\/principal\/?p=195348"},"modified":"2026-04-29T01:09:40","modified_gmt":"2026-04-29T04:09:40","slug":"tragedia-una-menor-perdio-la-vida-tras-un-disparo","status":"publish","type":"post","link":"https:\/\/www.hoymercedes.com.ar\/principal\/2026\/04\/29\/tragedia-una-menor-perdio-la-vida-tras-un-disparo\/","title":{"rendered":"Tragedia: una menor perdi\u00f3 la vida tras un disparo"},"content":{"rendered":"\n<p>Una adolescente de nuestra ciudad falleci\u00f3 anoche en un confuso episodio. La joven sufri\u00f3 una herida de arma de fuego de tal gravedad que perdi\u00f3 la vida poco despu\u00e9s del incidente. En el lugar trabajaron con celeridad el equipo del SAME y el personal del Hospital Dubarry.<\/p>\n\n\n\n<p>Seg\u00fan los primeros datos extraoficiales, el hecho se habr\u00eda producido por la manipulaci\u00f3n de una escopeta, lo que deriv\u00f3 en el traslado de urgencia de la v\u00edctima.<\/p>\n\n\n\n<p>Si bien en un primer momento circularon versiones que situaban el incidente en una zona alejada, finalmente se confirm\u00f3 que ocurri\u00f3 en la intersecci\u00f3n de calle 13 y 52. En el sitio trabajaron hasta la madrugada la Polic\u00eda Cient\u00edfica, la Polic\u00eda Comunal y la Secretar\u00eda de Seguridad Municipal.<\/p>\n\n\n\n<p><strong>Noticia en desarrollo.<\/strong><\/p>\n","protected":false},"excerpt":{"rendered":"<p>Una adolescente de nuestra ciudad falleci\u00f3 anoche en un confuso episodio. La joven sufri\u00f3 una herida de arma de fuego &#8230; <a title=\"Tragedia: una menor perdi\u00f3 la vida tras un disparo\" class=\"read-more\" href=\"https:\/\/www.hoymercedes.com.ar\/principal\/2026\/04\/29\/tragedia-una-menor-perdio-la-vida-tras-un-disparo\/\" aria-label=\"Leer m\u00e1s sobre Tragedia: una menor perdi\u00f3 la vida tras un disparo\">Leer m\u00e1s<\/a><\/p>\n","protected":false},"author":1,"featured_media":118857,"comment_status":"closed","ping_status":"open","sticky":false,"template":"","format":"standard","meta":{"_monsterinsights_skip_tracking":false,"_monsterinsights_sitenote_active":false,"_monsterinsights_sitenote_note":"","_monsterinsights_sitenote_category":0,"jetpack_post_was_ever_published":false,"_jetpack_newsletter_access":"","_jetpack_dont_email_post_to_subs":false,"_jetpack_newsletter_tier_id":0,"_jetpack_memberships_contains_paywalled_content":false,"_jetpack_memberships_contains_paid_content":false,"footnotes":"","jetpack_publicize_message":"","jetpack_publicize_feature_enabled":true,"jetpack_social_post_already_shared":true,"jetpack_social_options":{"image_generator_settings":{"template":"highway","default_image_id":0,"font":"","enabled":false},"version":2},"_wpas_customize_per_network":false},"categories":[8,85],"tags":[21143,83,21144],"class_list":["post-195348","post","type-post","status-publish","format-standard","has-post-thumbnail","hentry","category-sociedad","category-policial","tag-herida-de-bala","tag-policia","tag-tragedia-en-mercedes","generate-columns","tablet-grid-50","mobile-grid-100","grid-parent","grid-50"],"jetpack_publicize_connections":[],"jetpack_featured_media_url":"https:\/\/www.hoymercedes.com.ar\/principal\/wp-content\/uploads\/2020\/10\/21-policia-bragado.jpg","wps_subtitle":"Dolor ","jetpack_sharing_enabled":true,"_links":{"self":[{"href":"https:\/\/www.hoymercedes.com.ar\/principal\/wp-json\/wp\/v2\/posts\/195348","targetHints":{"allow":["GET"]}}],"collection":[{"href":"https:\/\/www.hoymercedes.com.ar\/principal\/wp-json\/wp\/v2\/posts"}],"about":[{"href":"https:\/\/www.hoymercedes.com.ar\/principal\/wp-json\/wp\/v2\/types\/post"}],"author":[{"embeddable":true,"href":"https:\/\/www.hoymercedes.com.ar\/principal\/wp-json\/wp\/v2\/users\/1"}],"replies":[{"embeddable":true,"href":"https:\/\/www.hoymercedes.com.ar\/principal\/wp-json\/wp\/v2\/comments?post=195348"}],"version-history":[{"count":2,"href":"https:\/\/www.hoymercedes.com.ar\/principal\/wp-json\/wp\/v2\/posts\/195348\/revisions"}],"predecessor-version":[{"id":195350,"href":"https:\/\/www.hoymercedes.com.ar\/principal\/wp-json\/wp\/v2\/posts\/195348\/revisions\/195350"}],"wp:featuredmedia":[{"embeddable":true,"href":"https:\/\/www.hoymercedes.com.ar\/principal\/wp-json\/wp\/v2\/media\/118857"}],"wp:attachment":[{"href":"https:\/\/www.hoymercedes.com.ar\/principal\/wp-json\/wp\/v2\/media?parent=195348"}],"wp:term":[{"taxonomy":"category","embeddable":true,"href":"https:\/\/www.hoymercedes.com.ar\/principal\/wp-json\/wp\/v2\/categories?post=195348"},{"taxonomy":"post_tag","embeddable":true,"href":"https:\/\/www.hoymercedes.com.ar\/principal\/wp-json\/wp\/v2\/tags?post=195348"}],"curies":[{"name":"wp","href":"https:\/\/api.w.org\/{rel}","templated":true}]}}