{"id":195355,"date":"2026-04-29T21:13:52","date_gmt":"2026-04-30T00:13:52","guid":{"rendered":"https:\/\/www.hoymercedes.com.ar\/principal\/?p=195355"},"modified":"2026-04-29T21:13:54","modified_gmt":"2026-04-30T00:13:54","slug":"la-dra-julia-lembo-asumio-la-direccion-del-hospital-dubarry","status":"publish","type":"post","link":"https:\/\/www.hoymercedes.com.ar\/principal\/2026\/04\/29\/la-dra-julia-lembo-asumio-la-direccion-del-hospital-dubarry\/","title":{"rendered":"La Dra. Julia Lembo asumi\u00f3 la direcci\u00f3n del hospital Dubarry:"},"content":{"rendered":"\n<figure class=\"wp-block-image size-large is-resized\"><img loading=\"lazy\" decoding=\"async\" width=\"1024\" height=\"684\" data-attachment-id=\"195356\" data-permalink=\"https:\/\/www.hoymercedes.com.ar\/principal\/2026\/04\/29\/la-dra-julia-lembo-asumio-la-direccion-del-hospital-dubarry\/h-2\/#main\" data-orig-file=\"https:\/\/www.hoymercedes.com.ar\/principal\/wp-content\/uploads\/2026\/04\/H.png\" data-orig-size=\"1535,1025\" data-comments-opened=\"0\" data-image-meta=\"{&quot;aperture&quot;:&quot;0&quot;,&quot;credit&quot;:&quot;&quot;,&quot;camera&quot;:&quot;&quot;,&quot;caption&quot;:&quot;&quot;,&quot;created_timestamp&quot;:&quot;0&quot;,&quot;copyright&quot;:&quot;&quot;,&quot;focal_length&quot;:&quot;0&quot;,&quot;iso&quot;:&quot;0&quot;,&quot;shutter_speed&quot;:&quot;0&quot;,&quot;title&quot;:&quot;&quot;,&quot;orientation&quot;:&quot;0&quot;}\" data-image-title=\"La Dra. Julia Lembo asumi\u00f3 la direcci\u00f3n del hospital Dubarry:\" data-image-description=\"&lt;p&gt;La Dra. Julia Lembo asumi\u00f3 la direcci\u00f3n del hospital Dubarry:&lt;\/p&gt;\n\" data-image-caption=\"&lt;p&gt;La Dra. Julia Lembo asumi\u00f3 la direcci\u00f3n del hospital Dubarry:&lt;\/p&gt;\n\" data-large-file=\"https:\/\/www.hoymercedes.com.ar\/principal\/wp-content\/uploads\/2026\/04\/H-1024x684.png\" src=\"https:\/\/www.hoymercedes.com.ar\/principal\/wp-content\/uploads\/2026\/04\/H-1024x684.png\" alt=\"\" class=\"wp-image-195356\" style=\"width:1057px;height:auto\" srcset=\"https:\/\/www.hoymercedes.com.ar\/principal\/wp-content\/uploads\/2026\/04\/H-1024x684.png 1024w, https:\/\/www.hoymercedes.com.ar\/principal\/wp-content\/uploads\/2026\/04\/H-630x421.png 630w, https:\/\/www.hoymercedes.com.ar\/principal\/wp-content\/uploads\/2026\/04\/H-150x100.png 150w, https:\/\/www.hoymercedes.com.ar\/principal\/wp-content\/uploads\/2026\/04\/H.png 1535w\" sizes=\"auto, (max-width: 1024px) 100vw, 1024px\" \/><\/figure>\n\n\n\n<p>En un acto encabezado por autoridades sanitarias de la provincia de Buenos Aires, la neurocirujana Julia Lembo asumi\u00f3 como directora del nosocomio local. La profesional ya fue presentada a los equipos del Dubarry acompa\u00f1ada de Juan Riera, director provincial de Hospitales.<\/p>\n\n\n\n<p>El Hospital Blas L. Dubarry marc\u00f3 un punto importante tambi\u00e9n en su historia institucional con la asunci\u00f3n de la doctora Julia Lembo como directora ejecutiva. Se trata de la primera mujer en ocupar el m\u00e1ximo cargo de gesti\u00f3n en este centro de salud regional, un nombramiento que desde el Ministerio de la provincia de Buenos Aires.<\/p>\n\n\n\n<p><strong>Presentaci\u00f3n<\/strong><\/p>\n\n\n\n<p>El acto de presentaci\u00f3n cont\u00f3 con la participaci\u00f3n de la responsable de la Regi\u00f3n Sanitaria X, Carolina Di Napoli, y el director provincial de Hospitales, Juan Riera, quienes destacaron el perfil t\u00e9cnico y el compromiso de la nueva funcionaria con la salud p\u00fablica.<\/p>\n\n\n\n<p>Hubo tambi\u00e9n un agradecimiento al Dr. Walter Crema, por haber desarrollado una importante tarea durante este tiempo en un contexto tan complicado.<\/p>\n\n\n\n<figure class=\"wp-block-image size-large\"><img loading=\"lazy\" decoding=\"async\" width=\"1024\" height=\"682\" data-attachment-id=\"195357\" data-permalink=\"https:\/\/www.hoymercedes.com.ar\/principal\/2026\/04\/29\/la-dra-julia-lembo-asumio-la-direccion-del-hospital-dubarry\/c-11\/#main\" data-orig-file=\"https:\/\/www.hoymercedes.com.ar\/principal\/wp-content\/uploads\/2026\/04\/C-1.jpg\" data-orig-size=\"1319,879\" data-comments-opened=\"0\" data-image-meta=\"{&quot;aperture&quot;:&quot;0&quot;,&quot;credit&quot;:&quot;&quot;,&quot;camera&quot;:&quot;&quot;,&quot;caption&quot;:&quot;&quot;,&quot;created_timestamp&quot;:&quot;0&quot;,&quot;copyright&quot;:&quot;&quot;,&quot;focal_length&quot;:&quot;0&quot;,&quot;iso&quot;:&quot;0&quot;,&quot;shutter_speed&quot;:&quot;0&quot;,&quot;title&quot;:&quot;&quot;,&quot;orientation&quot;:&quot;0&quot;}\" data-image-title=\"C\" data-image-description=\"\" data-image-caption=\"\" data-large-file=\"https:\/\/www.hoymercedes.com.ar\/principal\/wp-content\/uploads\/2026\/04\/C-1-1024x682.jpg\" src=\"https:\/\/www.hoymercedes.com.ar\/principal\/wp-content\/uploads\/2026\/04\/C-1-1024x682.jpg\" alt=\"\" class=\"wp-image-195357\" srcset=\"https:\/\/www.hoymercedes.com.ar\/principal\/wp-content\/uploads\/2026\/04\/C-1-1024x682.jpg 1024w, https:\/\/www.hoymercedes.com.ar\/principal\/wp-content\/uploads\/2026\/04\/C-1-630x420.jpg 630w, https:\/\/www.hoymercedes.com.ar\/principal\/wp-content\/uploads\/2026\/04\/C-1-150x100.jpg 150w, https:\/\/www.hoymercedes.com.ar\/principal\/wp-content\/uploads\/2026\/04\/C-1.jpg 1319w\" sizes=\"auto, (max-width: 1024px) 100vw, 1024px\" \/><\/figure>\n\n\n\n<p><strong>Profesionalismo<\/strong><\/p>\n\n\n\n<p><strong>Carolina Di Napoli <\/strong>subray\u00f3 la importancia de este nombramiento no solo por la idoneidad de Lembo, sino por el simbolismo de su liderazgo. \u00abEs la primera mujer como directora ejecutiva de este hospital. Es un desaf\u00edo, pero nos da orgullo tener una compa\u00f1era capacitada en gesti\u00f3n que eligi\u00f3 Mercedes para seguir este camino de transformaci\u00f3n\u00bb, expres\u00f3 la funcionaria regional.<\/p>\n\n\n\n<p>Por su parte, <strong>Julia Lembo<\/strong>, quien ya se desempe\u00f1aba en el hospital como jefa del servicio de neurocirug\u00eda, manifest\u00f3 su profundo lazo emocional con la instituci\u00f3n. \u00abEl Dubarry me abri\u00f3 las puertas cuando lo necesit\u00e9. No puedo prometer soluciones m\u00e1gicas en este contexto socioecon\u00f3mico complejo, pero s\u00ed prometo capacidad de trabajo y el amor que le tengo a este hospital\u00bb, afirm\u00f3 la flamante directora, quien adem\u00e1s es m\u00e9dica legista con formaci\u00f3n en salud p\u00fablica.<\/p>\n\n\n\n<p><strong>Crisis<\/strong><\/p>\n\n\n\n<p>La asunci\u00f3n no estuvo exenta del an\u00e1lisis de la coyuntura pol\u00edtica y econ\u00f3mica. <strong>Juan Riera, Director Provincial<\/strong> <strong>de Hospitales<\/strong>, fue tajante al describir la situaci\u00f3n financiera que atraviesa la cartera sanitaria bonaerense debido a la falta de transferencias por parte del Gobierno Nacional.<\/p>\n\n\n\n<p>\u00abEstamos en el orden de los 15 billones de pesos que la Naci\u00f3n le adeuda a la Provincia\u00bb, se\u00f1al\u00f3 Riera. El funcionario explic\u00f3 que esta situaci\u00f3n, sumada al aumento desmedido en el precio de los medicamentos y la ca\u00edda del consumo de los mismos por parte de la poblaci\u00f3n, est\u00e1 tensionando los hospitales p\u00fablicos. \u00abLa gente que antes ten\u00eda obra social o que pod\u00eda pagar un laboratorio privado, hoy recae en el hospital p\u00fablico. Hacia all\u00ed dirigimos nuestra creatividad e inteligencia para que la poblaci\u00f3n est\u00e9 cuidada\u00bb, agreg\u00f3 al ser consultado por los medios.<\/p>\n\n\n\n<p><strong>Red<\/strong><\/p>\n\n\n\n<p>A pesar de las dificultades, las autoridades coincidieron en que el Hospital Dubarry sigue siendo el eje fundamental de la red sanitaria de la zona. Como hospital regional, su rol de referencia para los hospitales municipales vecinos es clave para sostener la atenci\u00f3n de complejidad.<\/p>\n\n\n\n<p><strong>Julia Lembo<\/strong> concluy\u00f3 destacando que su impronta ser\u00e1 la del acompa\u00f1amiento: \u00abNuestra especialidad (neurocirug\u00eda) nos ense\u00f1a que a veces no podemos resolver todo, pero lo que siempre podemos hacer es acompa\u00f1ar y estar presentes. Esa misma tarea es la que llevar\u00e9 adelante desde la direcci\u00f3n\u00bb.<\/p>\n","protected":false},"excerpt":{"rendered":"<p>En un acto encabezado por autoridades sanitarias de la provincia de Buenos Aires, la neurocirujana Julia Lembo asumi\u00f3 como directora &#8230; <a title=\"La Dra. Julia Lembo asumi\u00f3 la direcci\u00f3n del hospital Dubarry:\" class=\"read-more\" href=\"https:\/\/www.hoymercedes.com.ar\/principal\/2026\/04\/29\/la-dra-julia-lembo-asumio-la-direccion-del-hospital-dubarry\/\" aria-label=\"Leer m\u00e1s sobre La Dra. Julia Lembo asumi\u00f3 la direcci\u00f3n del hospital Dubarry:\">Leer m\u00e1s<\/a><\/p>\n","protected":false},"author":1,"featured_media":195356,"comment_status":"closed","ping_status":"open","sticky":false,"template":"","format":"standard","meta":{"_monsterinsights_skip_tracking":false,"_monsterinsights_sitenote_active":false,"_monsterinsights_sitenote_note":"","_monsterinsights_sitenote_category":0,"jetpack_post_was_ever_published":false,"_jetpack_newsletter_access":"","_jetpack_dont_email_post_to_subs":false,"_jetpack_newsletter_tier_id":0,"_jetpack_memberships_contains_paywalled_content":false,"_jetpack_memberships_contains_paid_content":false,"footnotes":"","jetpack_publicize_message":"","jetpack_publicize_feature_enabled":true,"jetpack_social_post_already_shared":true,"jetpack_social_options":{"image_generator_settings":{"template":"highway","default_image_id":0,"font":"","enabled":false},"version":2},"_wpas_customize_per_network":false},"categories":[9791],"tags":[21146,21147,140],"class_list":["post-195355","post","type-post","status-publish","format-standard","has-post-thumbnail","hentry","category-salud","tag-dra","tag-dra-julia-lembo","tag-hospital-dubarry","generate-columns","tablet-grid-50","mobile-grid-100","grid-parent","grid-50"],"jetpack_publicize_connections":[],"jetpack_featured_media_url":"https:\/\/www.hoymercedes.com.ar\/principal\/wp-content\/uploads\/2026\/04\/H.png","wps_subtitle":"","jetpack_sharing_enabled":true,"_links":{"self":[{"href":"https:\/\/www.hoymercedes.com.ar\/principal\/wp-json\/wp\/v2\/posts\/195355","targetHints":{"allow":["GET"]}}],"collection":[{"href":"https:\/\/www.hoymercedes.com.ar\/principal\/wp-json\/wp\/v2\/posts"}],"about":[{"href":"https:\/\/www.hoymercedes.com.ar\/principal\/wp-json\/wp\/v2\/types\/post"}],"author":[{"embeddable":true,"href":"https:\/\/www.hoymercedes.com.ar\/principal\/wp-json\/wp\/v2\/users\/1"}],"replies":[{"embeddable":true,"href":"https:\/\/www.hoymercedes.com.ar\/principal\/wp-json\/wp\/v2\/comments?post=195355"}],"version-history":[{"count":1,"href":"https:\/\/www.hoymercedes.com.ar\/principal\/wp-json\/wp\/v2\/posts\/195355\/revisions"}],"predecessor-version":[{"id":195358,"href":"https:\/\/www.hoymercedes.com.ar\/principal\/wp-json\/wp\/v2\/posts\/195355\/revisions\/195358"}],"wp:featuredmedia":[{"embeddable":true,"href":"https:\/\/www.hoymercedes.com.ar\/principal\/wp-json\/wp\/v2\/media\/195356"}],"wp:attachment":[{"href":"https:\/\/www.hoymercedes.com.ar\/principal\/wp-json\/wp\/v2\/media?parent=195355"}],"wp:term":[{"taxonomy":"category","embeddable":true,"href":"https:\/\/www.hoymercedes.com.ar\/principal\/wp-json\/wp\/v2\/categories?post=195355"},{"taxonomy":"post_tag","embeddable":true,"href":"https:\/\/www.hoymercedes.com.ar\/principal\/wp-json\/wp\/v2\/tags?post=195355"}],"curies":[{"name":"wp","href":"https:\/\/api.w.org\/{rel}","templated":true}]}}