{"id":195359,"date":"2026-04-29T22:15:00","date_gmt":"2026-04-30T01:15:00","guid":{"rendered":"https:\/\/www.hoymercedes.com.ar\/principal\/?p=195359"},"modified":"2026-04-29T22:44:49","modified_gmt":"2026-04-30T01:44:49","slug":"encuentro-de-cooperadoras-escolares-para-el-presupuesto-participativo-2026","status":"publish","type":"post","link":"https:\/\/www.hoymercedes.com.ar\/principal\/2026\/04\/29\/encuentro-de-cooperadoras-escolares-para-el-presupuesto-participativo-2026\/","title":{"rendered":"Encuentro de cooperadoras escolares para el Presupuesto Participativo 2026"},"content":{"rendered":"\n<figure class=\"wp-block-image size-large is-resized\"><img loading=\"lazy\" decoding=\"async\" width=\"1024\" height=\"518\" data-attachment-id=\"195360\" data-permalink=\"https:\/\/www.hoymercedes.com.ar\/principal\/2026\/04\/29\/encuentro-de-cooperadoras-escolares-para-el-presupuesto-participativo-2026\/ce\/#main\" data-orig-file=\"https:\/\/www.hoymercedes.com.ar\/principal\/wp-content\/uploads\/2026\/04\/CE.jpg\" data-orig-size=\"1600,809\" data-comments-opened=\"0\" data-image-meta=\"{&quot;aperture&quot;:&quot;0&quot;,&quot;credit&quot;:&quot;&quot;,&quot;camera&quot;:&quot;&quot;,&quot;caption&quot;:&quot;&quot;,&quot;created_timestamp&quot;:&quot;0&quot;,&quot;copyright&quot;:&quot;&quot;,&quot;focal_length&quot;:&quot;0&quot;,&quot;iso&quot;:&quot;0&quot;,&quot;shutter_speed&quot;:&quot;0&quot;,&quot;title&quot;:&quot;&quot;,&quot;orientation&quot;:&quot;0&quot;}\" data-image-title=\"Encuentro de cooperadoras escolares para el Presupuesto Participativo 2026\" data-image-description=\"&lt;p&gt;Encuentro de cooperadoras escolares para el Presupuesto Participativo 2026&lt;\/p&gt;\n\" data-image-caption=\"&lt;p&gt;Encuentro de cooperadoras escolares para el Presupuesto Participativo 2026&lt;\/p&gt;\n\" data-large-file=\"https:\/\/www.hoymercedes.com.ar\/principal\/wp-content\/uploads\/2026\/04\/CE-1024x518.jpg\" src=\"https:\/\/www.hoymercedes.com.ar\/principal\/wp-content\/uploads\/2026\/04\/CE-1024x518.jpg\" alt=\"\" class=\"wp-image-195360\" style=\"width:1069px;height:auto\" srcset=\"https:\/\/www.hoymercedes.com.ar\/principal\/wp-content\/uploads\/2026\/04\/CE-1024x518.jpg 1024w, https:\/\/www.hoymercedes.com.ar\/principal\/wp-content\/uploads\/2026\/04\/CE-630x319.jpg 630w, https:\/\/www.hoymercedes.com.ar\/principal\/wp-content\/uploads\/2026\/04\/CE-150x76.jpg 150w, https:\/\/www.hoymercedes.com.ar\/principal\/wp-content\/uploads\/2026\/04\/CE-1536x777.jpg 1536w, https:\/\/www.hoymercedes.com.ar\/principal\/wp-content\/uploads\/2026\/04\/CE.jpg 1600w\" sizes=\"auto, (max-width: 1024px) 100vw, 1024px\" \/><\/figure>\n\n\n\n<p>Con miras a otro a\u00f1o de trabajo junto a las comunidades educativas, el intendente Juani Ustarroz y el secretario de Educaci\u00f3n, Jos\u00e9 Luis Pisano, encabezaron el encuentro para la implementaci\u00f3n a trav\u00e9s de las cooperadoras escolares del Presupuesto Participativo 2026. Durante el evento se brind\u00f3 capacitaci\u00f3n sobre asambleas anuales y se invit\u00f3 a las instituciones a participar en la creaci\u00f3n de un nuevo C\u00f3digo de \u00c9tica y Transparencia local.<\/p>\n\n\n\n<p><strong>Articulaci\u00f3n<\/strong><\/p>\n\n\n\n<p>En una jornada marcada por la articulaci\u00f3n institucional, las instalaciones del Mart\u00edn Rodr\u00edguez fueron sede del primer encuentro del a\u00f1o entre cooperadoras escolares, el Municipio, el Consejo Escolar, la Jefatura Distrital y la Federaci\u00f3n de Cooperadoras. El objetivo central fue establecer las nuevas pautas y cronogramas para el Presupuesto Participativo de Cooperadoras Escolares 2026.<\/p>\n\n\n\n<p>Estuvieron presentes el inspector distrital, Cristian Ponce, la presidenta del Consejo Escolar, Maguy Oliva y la consejera Ver\u00f3nica Negro.<\/p>\n\n\n\n<p>Ustarroz destac\u00f3 la \u201cimportancia de generar procesos de decisi\u00f3n colectiva, destinando recursos e intervenciones en los aspectos que cada comunidad, deliberativa y democr\u00e1ticamente, deciden\u201d habiendo \u201ctenido una excelente experiencia el a\u00f1o pasado, realmente destacable\u201d.<\/p>\n\n\n\n<p><strong>Gesti\u00f3n<\/strong><\/p>\n\n\n\n<p>El encuentro puso especial \u00e9nfasis en las asambleas anuales que las cooperadoras deben llevar adelante obligatoriamente durante el mes de mayo. En este sentido, se brind\u00f3 una capacitaci\u00f3n espec\u00edfica sobre la documentaci\u00f3n y los procedimientos necesarios para regularizar la situaci\u00f3n de cada entidad.<\/p>\n\n\n\n<p><strong>Jos\u00e9 Luis Pisano<\/strong> destac\u00f3 que el nuevo cronograma del presupuesto participativo incorpora aprendizajes de ediciones anteriores para optimizar el proceso. Cabe recordar que el a\u00f1o pasado el programa cerr\u00f3 con un \u00e9xito rotundo<em>: <\/em><strong>46 proyectos ejecutados y una inversi\u00f3n cercana a los 200 millones de pesos.<\/strong><\/p>\n\n\n\n<p><em>\u00abEs fundamental el rol de los integrantes de las cooperadoras, quienes gestionan y manejan recursos p\u00fablicos de forma directa\u00bb<\/em>, se\u00f1al\u00f3 el secretario de Educaci\u00f3n, subrayando que este manejo requiere de herramientas t\u00e9cnicas y un compromiso constante.<\/p>\n\n\n\n<p><strong>Transparencia<\/strong><\/p>\n\n\n\n<p>Un punto clave de la jornada fue el reconocimiento a la transparencia en la ejecuci\u00f3n de fondos. Pisano transmiti\u00f3 el mensaje del Intendente, quien no solo destac\u00f3 la prolijidad administrativa de las cooperadoras, sino que tambi\u00e9n lanz\u00f3 una convocatoria ambiciosa: <strong>sumar a las instituciones educativas a la construcci\u00f3n colectiva de un nuevo C\u00f3digo de \u00c9tica y Transparencia para la ciudad.<\/strong><\/p>\n\n\n\n<p><em>\u00abLa participaci\u00f3n de la comunidad en las instituciones a trav\u00e9s de las cooperadoras es central a la hora de discutir la transparencia y la \u00e9tica en la funci\u00f3n p\u00fablica\u00bb<\/em>, afirm\u00f3 Pisano. De este modo, se busca que las cooperadoras no solo sean ejecutoras de proyectos edilicios o pedag\u00f3gicos, sino que formen parte activa del di\u00e1logo ciudadano que se desarrollar\u00e1 durante todo el 2026.<\/p>\n\n\n\n<p>Con esta primera reuni\u00f3n, el municipio reafirma su compromiso con la educaci\u00f3n p\u00fablica y la participaci\u00f3n ciudadana, estableciendo una hoja de ruta clara para el financiamiento de proyectos escolares a trav\u00e9s del consenso y la transparencia.<\/p>\n","protected":false},"excerpt":{"rendered":"<p>Con miras a otro a\u00f1o de trabajo junto a las comunidades educativas, el intendente Juani Ustarroz y el secretario de &#8230; <a title=\"Encuentro de cooperadoras escolares para el Presupuesto Participativo 2026\" class=\"read-more\" href=\"https:\/\/www.hoymercedes.com.ar\/principal\/2026\/04\/29\/encuentro-de-cooperadoras-escolares-para-el-presupuesto-participativo-2026\/\" aria-label=\"Leer m\u00e1s sobre Encuentro de cooperadoras escolares para el Presupuesto Participativo 2026\">Leer m\u00e1s<\/a><\/p>\n","protected":false},"author":1,"featured_media":195360,"comment_status":"closed","ping_status":"open","sticky":false,"template":"","format":"standard","meta":{"_monsterinsights_skip_tracking":false,"_monsterinsights_sitenote_active":false,"_monsterinsights_sitenote_note":"","_monsterinsights_sitenote_category":0,"jetpack_post_was_ever_published":false,"_jetpack_newsletter_access":"","_jetpack_dont_email_post_to_subs":false,"_jetpack_newsletter_tier_id":0,"_jetpack_memberships_contains_paywalled_content":false,"_jetpack_memberships_contains_paid_content":false,"footnotes":"","jetpack_publicize_message":"","jetpack_publicize_feature_enabled":true,"jetpack_social_post_already_shared":true,"jetpack_social_options":{"image_generator_settings":{"template":"highway","default_image_id":0,"font":"","enabled":false},"version":2},"_wpas_customize_per_network":false},"categories":[23],"tags":[18067,17615,585,19692,19174],"class_list":["post-195359","post","type-post","status-publish","format-standard","has-post-thumbnail","hentry","category-educacion","tag-cristian-ponce","tag-jose-luis-pisano-2","tag-juan-ustarroz","tag-magy-oliva","tag-secretaria-de-educacion","generate-columns","tablet-grid-50","mobile-grid-100","grid-parent","grid-50"],"jetpack_publicize_connections":[],"jetpack_featured_media_url":"https:\/\/www.hoymercedes.com.ar\/principal\/wp-content\/uploads\/2026\/04\/CE.jpg","wps_subtitle":"Roles institucionales","jetpack_sharing_enabled":true,"_links":{"self":[{"href":"https:\/\/www.hoymercedes.com.ar\/principal\/wp-json\/wp\/v2\/posts\/195359","targetHints":{"allow":["GET"]}}],"collection":[{"href":"https:\/\/www.hoymercedes.com.ar\/principal\/wp-json\/wp\/v2\/posts"}],"about":[{"href":"https:\/\/www.hoymercedes.com.ar\/principal\/wp-json\/wp\/v2\/types\/post"}],"author":[{"embeddable":true,"href":"https:\/\/www.hoymercedes.com.ar\/principal\/wp-json\/wp\/v2\/users\/1"}],"replies":[{"embeddable":true,"href":"https:\/\/www.hoymercedes.com.ar\/principal\/wp-json\/wp\/v2\/comments?post=195359"}],"version-history":[{"count":2,"href":"https:\/\/www.hoymercedes.com.ar\/principal\/wp-json\/wp\/v2\/posts\/195359\/revisions"}],"predecessor-version":[{"id":195362,"href":"https:\/\/www.hoymercedes.com.ar\/principal\/wp-json\/wp\/v2\/posts\/195359\/revisions\/195362"}],"wp:featuredmedia":[{"embeddable":true,"href":"https:\/\/www.hoymercedes.com.ar\/principal\/wp-json\/wp\/v2\/media\/195360"}],"wp:attachment":[{"href":"https:\/\/www.hoymercedes.com.ar\/principal\/wp-json\/wp\/v2\/media?parent=195359"}],"wp:term":[{"taxonomy":"category","embeddable":true,"href":"https:\/\/www.hoymercedes.com.ar\/principal\/wp-json\/wp\/v2\/categories?post=195359"},{"taxonomy":"post_tag","embeddable":true,"href":"https:\/\/www.hoymercedes.com.ar\/principal\/wp-json\/wp\/v2\/tags?post=195359"}],"curies":[{"name":"wp","href":"https:\/\/api.w.org\/{rel}","templated":true}]}}