{"id":195363,"date":"2026-04-30T07:02:00","date_gmt":"2026-04-30T10:02:00","guid":{"rendered":"https:\/\/www.hoymercedes.com.ar\/principal\/?p=195363"},"modified":"2026-04-29T23:12:27","modified_gmt":"2026-04-30T02:12:27","slug":"larroque-denuncio-que-nacion-adeuda-220-mil-millones-en-alimentos","status":"publish","type":"post","link":"https:\/\/www.hoymercedes.com.ar\/principal\/2026\/04\/30\/larroque-denuncio-que-nacion-adeuda-220-mil-millones-en-alimentos\/","title":{"rendered":"Larroque denunci\u00f3 que Naci\u00f3n adeuda $220 mil millones en alimentos"},"content":{"rendered":"\n<figure class=\"wp-block-image size-full is-resized\"><img loading=\"lazy\" decoding=\"async\" width=\"679\" height=\"453\" data-attachment-id=\"195364\" data-permalink=\"https:\/\/www.hoymercedes.com.ar\/principal\/2026\/04\/30\/larroque-denuncio-que-nacion-adeuda-220-mil-millones-en-alimentos\/andreslarroque-alimentos\/#main\" data-orig-file=\"https:\/\/www.hoymercedes.com.ar\/principal\/wp-content\/uploads\/2026\/04\/AndresLarroque-Alimentos.jpg\" data-orig-size=\"679,453\" data-comments-opened=\"0\" data-image-meta=\"{&quot;aperture&quot;:&quot;0&quot;,&quot;credit&quot;:&quot;&quot;,&quot;camera&quot;:&quot;&quot;,&quot;caption&quot;:&quot;&quot;,&quot;created_timestamp&quot;:&quot;0&quot;,&quot;copyright&quot;:&quot;&quot;,&quot;focal_length&quot;:&quot;0&quot;,&quot;iso&quot;:&quot;0&quot;,&quot;shutter_speed&quot;:&quot;0&quot;,&quot;title&quot;:&quot;&quot;,&quot;orientation&quot;:&quot;0&quot;}\" data-image-title=\"AndresLarroque-Alimentos\" data-image-description=\"&lt;p&gt;Larroque denunci\u00f3 que Naci\u00f3n adeuda $220 mil millones en alimentos&lt;\/p&gt;\n\" data-image-caption=\"&lt;p&gt;Larroque denunci\u00f3 que Naci\u00f3n adeuda $220 mil millones en alimentos&lt;\/p&gt;\n\" data-large-file=\"https:\/\/www.hoymercedes.com.ar\/principal\/wp-content\/uploads\/2026\/04\/AndresLarroque-Alimentos.jpg\" src=\"https:\/\/www.hoymercedes.com.ar\/principal\/wp-content\/uploads\/2026\/04\/AndresLarroque-Alimentos.jpg\" alt=\"\" class=\"wp-image-195364\" style=\"width:1069px;height:auto\" srcset=\"https:\/\/www.hoymercedes.com.ar\/principal\/wp-content\/uploads\/2026\/04\/AndresLarroque-Alimentos.jpg 679w, https:\/\/www.hoymercedes.com.ar\/principal\/wp-content\/uploads\/2026\/04\/AndresLarroque-Alimentos-630x420.jpg 630w, https:\/\/www.hoymercedes.com.ar\/principal\/wp-content\/uploads\/2026\/04\/AndresLarroque-Alimentos-150x100.jpg 150w\" sizes=\"auto, (max-width: 679px) 100vw, 679px\" \/><\/figure>\n\n\n\n<p>El ministro de Desarrollo a la Comunidad de la Provincia, Andr\u00e9s Larroque, advirti\u00f3 sobre la cr\u00edtica situaci\u00f3n social y alimentaria tras la movilizaci\u00f3n realizada junto a intendentes bonaerenses al Ministerio de Capital Humano. Seg\u00fan el funcionario, el Gobierno Nacional mantiene una deuda que asciende a los 220 mil millones de pesos en concepto de asistencia alimentaria.<\/p>\n\n\n\n<p>\u00abEstamos frente a una crisis econ\u00f3mica y social acuciante que golpea con fuerza a la provincia de Buenos Aires\u00bb, se\u00f1al\u00f3 Larroque en declaraciones a <em>La Tecla<\/em>. El ministro explic\u00f3 que, de los siete programas que se coordinaban con Naci\u00f3n antes de la gesti\u00f3n de Javier Milei, hoy solo persiste el apoyo al Servicio Alimentario Escolar (SAE), aunque en una proporci\u00f3n muy inferior: \u00abNaci\u00f3n cubre menos del 5% de lo que hoy invierte nuestro ministerio en pol\u00edtica alimentaria\u00bb, detall\u00f3.<\/p>\n\n\n\n<p>Larroque cuestion\u00f3 la falta de di\u00e1logo con las autoridades nacionales, denunciando que durante la marcha los funcionarios no fueron recibidos y que incluso hubo \u00abprovocaciones\u00bb por parte de la cartera que conduce Sandra Pettovello. \u00abEs algo sin precedentes. No pudimos hablar con ning\u00fan funcionario; el Estado Nacional se repliega y nos deja solos\u00bb, concluy\u00f3.<\/p>\n\n\n\n<p>La movilizaci\u00f3n cont\u00f3 con el respaldo del gobernador Axel Kicillof y una nutrida presencia de jefes comunales, quienes entregaron un petitorio exigiendo la regularizaci\u00f3n de los fondos para sostener los comedores escolares y comunitarios en los distritos.<\/p>\n\n\n\n<p><\/p>\n","protected":false},"excerpt":{"rendered":"<p>El ministro de Desarrollo a la Comunidad de la Provincia, Andr\u00e9s Larroque, advirti\u00f3 sobre la cr\u00edtica situaci\u00f3n social y alimentaria &#8230; <a title=\"Larroque denunci\u00f3 que Naci\u00f3n adeuda $220 mil millones en alimentos\" class=\"read-more\" href=\"https:\/\/www.hoymercedes.com.ar\/principal\/2026\/04\/30\/larroque-denuncio-que-nacion-adeuda-220-mil-millones-en-alimentos\/\" aria-label=\"Leer m\u00e1s sobre Larroque denunci\u00f3 que Naci\u00f3n adeuda $220 mil millones en alimentos\">Leer m\u00e1s<\/a><\/p>\n","protected":false},"author":1,"featured_media":195364,"comment_status":"closed","ping_status":"open","sticky":false,"template":"","format":"standard","meta":{"_monsterinsights_skip_tracking":false,"_monsterinsights_sitenote_active":false,"_monsterinsights_sitenote_note":"","_monsterinsights_sitenote_category":0,"jetpack_post_was_ever_published":false,"_jetpack_newsletter_access":"","_jetpack_dont_email_post_to_subs":false,"_jetpack_newsletter_tier_id":0,"_jetpack_memberships_contains_paywalled_content":false,"_jetpack_memberships_contains_paid_content":false,"footnotes":"","jetpack_publicize_message":"","jetpack_publicize_feature_enabled":true,"jetpack_social_post_already_shared":true,"jetpack_social_options":{"image_generator_settings":{"template":"highway","default_image_id":0,"font":"","enabled":false},"version":2},"_wpas_customize_per_network":false},"categories":[8881],"tags":[16481,21148,21149],"class_list":["post-195363","post","type-post","status-publish","format-standard","has-post-thumbnail","hentry","category-provincia","tag-alimentos","tag-deuda-nacional","tag-programa-mesa","generate-columns","tablet-grid-50","mobile-grid-100","grid-parent","grid-50"],"jetpack_publicize_connections":[],"jetpack_featured_media_url":"https:\/\/www.hoymercedes.com.ar\/principal\/wp-content\/uploads\/2026\/04\/AndresLarroque-Alimentos.jpg","wps_subtitle":"Preocupante","jetpack_sharing_enabled":true,"_links":{"self":[{"href":"https:\/\/www.hoymercedes.com.ar\/principal\/wp-json\/wp\/v2\/posts\/195363","targetHints":{"allow":["GET"]}}],"collection":[{"href":"https:\/\/www.hoymercedes.com.ar\/principal\/wp-json\/wp\/v2\/posts"}],"about":[{"href":"https:\/\/www.hoymercedes.com.ar\/principal\/wp-json\/wp\/v2\/types\/post"}],"author":[{"embeddable":true,"href":"https:\/\/www.hoymercedes.com.ar\/principal\/wp-json\/wp\/v2\/users\/1"}],"replies":[{"embeddable":true,"href":"https:\/\/www.hoymercedes.com.ar\/principal\/wp-json\/wp\/v2\/comments?post=195363"}],"version-history":[{"count":2,"href":"https:\/\/www.hoymercedes.com.ar\/principal\/wp-json\/wp\/v2\/posts\/195363\/revisions"}],"predecessor-version":[{"id":195366,"href":"https:\/\/www.hoymercedes.com.ar\/principal\/wp-json\/wp\/v2\/posts\/195363\/revisions\/195366"}],"wp:featuredmedia":[{"embeddable":true,"href":"https:\/\/www.hoymercedes.com.ar\/principal\/wp-json\/wp\/v2\/media\/195364"}],"wp:attachment":[{"href":"https:\/\/www.hoymercedes.com.ar\/principal\/wp-json\/wp\/v2\/media?parent=195363"}],"wp:term":[{"taxonomy":"category","embeddable":true,"href":"https:\/\/www.hoymercedes.com.ar\/principal\/wp-json\/wp\/v2\/categories?post=195363"},{"taxonomy":"post_tag","embeddable":true,"href":"https:\/\/www.hoymercedes.com.ar\/principal\/wp-json\/wp\/v2\/tags?post=195363"}],"curies":[{"name":"wp","href":"https:\/\/api.w.org\/{rel}","templated":true}]}}