{"id":195367,"date":"2026-04-30T08:12:00","date_gmt":"2026-04-30T11:12:00","guid":{"rendered":"https:\/\/www.hoymercedes.com.ar\/principal\/?p=195367"},"modified":"2026-04-30T00:00:34","modified_gmt":"2026-04-30T03:00:34","slug":"el-jardin-maternal-municipal-n2-celebro-sus-15-anos","status":"publish","type":"post","link":"https:\/\/www.hoymercedes.com.ar\/principal\/2026\/04\/30\/el-jardin-maternal-municipal-n2-celebro-sus-15-anos\/","title":{"rendered":"El Jard\u00edn Maternal Municipal N\u00b02 celebr\u00f3 sus 15 a\u00f1os"},"content":{"rendered":"\n<figure class=\"wp-block-image size-large is-resized\"><img loading=\"lazy\" decoding=\"async\" width=\"1024\" height=\"683\" data-attachment-id=\"195368\" data-permalink=\"https:\/\/www.hoymercedes.com.ar\/principal\/2026\/04\/30\/el-jardin-maternal-municipal-n2-celebro-sus-15-anos\/jm1\/#main\" data-orig-file=\"https:\/\/www.hoymercedes.com.ar\/principal\/wp-content\/uploads\/2026\/04\/JM1.jpg\" data-orig-size=\"2048,1365\" data-comments-opened=\"0\" data-image-meta=\"{&quot;aperture&quot;:&quot;0&quot;,&quot;credit&quot;:&quot;&quot;,&quot;camera&quot;:&quot;&quot;,&quot;caption&quot;:&quot;&quot;,&quot;created_timestamp&quot;:&quot;0&quot;,&quot;copyright&quot;:&quot;&quot;,&quot;focal_length&quot;:&quot;0&quot;,&quot;iso&quot;:&quot;0&quot;,&quot;shutter_speed&quot;:&quot;0&quot;,&quot;title&quot;:&quot;&quot;,&quot;orientation&quot;:&quot;0&quot;}\" data-image-title=\"JM1\" data-image-description=\"&lt;p&gt;Jardines maternales&lt;\/p&gt;\n\" data-image-caption=\"&lt;p&gt;Jardines maternales&lt;\/p&gt;\n\" data-large-file=\"https:\/\/www.hoymercedes.com.ar\/principal\/wp-content\/uploads\/2026\/04\/JM1-1024x683.jpg\" src=\"https:\/\/www.hoymercedes.com.ar\/principal\/wp-content\/uploads\/2026\/04\/JM1-1024x683.jpg\" alt=\"\" class=\"wp-image-195368\" style=\"width:1069px;height:auto\" srcset=\"https:\/\/www.hoymercedes.com.ar\/principal\/wp-content\/uploads\/2026\/04\/JM1-1024x683.jpg 1024w, https:\/\/www.hoymercedes.com.ar\/principal\/wp-content\/uploads\/2026\/04\/JM1-630x420.jpg 630w, https:\/\/www.hoymercedes.com.ar\/principal\/wp-content\/uploads\/2026\/04\/JM1-150x100.jpg 150w, https:\/\/www.hoymercedes.com.ar\/principal\/wp-content\/uploads\/2026\/04\/JM1-1536x1024.jpg 1536w, https:\/\/www.hoymercedes.com.ar\/principal\/wp-content\/uploads\/2026\/04\/JM1.jpg 2048w\" sizes=\"auto, (max-width: 1024px) 100vw, 1024px\" \/><\/figure>\n\n\n\n<p>En el marco de un nuevo aniversario, autoridades municipales, familias y fundadores de la instituci\u00f3n se reunieron para destacar el compromiso con la educaci\u00f3n inicial y el trabajo conjunto con la comunidad.<br>El Jard\u00edn Maternal Municipal N\u00b02 vivi\u00f3 una jornada de celebraci\u00f3n al cumplir 15 a\u00f1os de vida institucional. El festejo cont\u00f3 con una masiva participaci\u00f3n de la comunidad educativa y la presencia de autoridades locales, quienes coincidieron en se\u00f1alar al establecimiento como un pilar fundamental para la primera infancia en la ciudad.<\/p>\n\n\n\n<p>Gesti\u00f3n<br>Durante el evento, la directora de la instituci\u00f3n, Paula Ferrandiz, realiz\u00f3 un recorrido por la trayectoria del jard\u00edn desde su inauguraci\u00f3n hasta la actualidad. Por su parte, el secretario de Educaci\u00f3n, Jos\u00e9 Pisano, aprovech\u00f3 su intervenci\u00f3n para rendir homenaje a quienes dieron los primeros pasos en este proyecto.<\/p>\n\n\n\n<p>\u00abAgradecemos la presencia de los fundadores en t\u00e9rminos de gesti\u00f3n, como el profesor Fernando Pachiani, quienes tuvieron la visi\u00f3n de iniciar esta experiencia para ni\u00f1os y ni\u00f1as de temprana edad en un momento donde la oferta educativa para ese sector no exist\u00eda\u00bb, expres\u00f3 Pisano.<\/p>\n\n\n\n<p>Compromiso<br>Uno de los puntos destacados de la jornada fue la menci\u00f3n al Programa de Educaci\u00f3n Inicial Integral, que se lleva adelante en articulaci\u00f3n con la provincia de Buenos Aires. Si bien Pisano reconoci\u00f3 que estas nuevas normativas generaron modificaciones estructurales y algunos desaf\u00edos en la organizaci\u00f3n de las salas, resalt\u00f3 la resiliencia del equipo docente.<\/p>\n\n\n\n<p>Participaci\u00f3n activa: Se subray\u00f3 el rol de la Cooperadora del jard\u00edn, descrita como una de las m\u00e1s presentes y din\u00e1micas del sistema municipal. Continuidad del servicio: Pese a los cambios en la estructura, el funcionario asegur\u00f3 que el jard\u00edn sigue funcionando con la misma calidez y compromiso de siempre. Fortalecimiento institucional: Participaron tambi\u00e9n la coordinadora de Educaci\u00f3n y responsable de los maternales, Pamela Herrera, junto a integrantes de la cooperadora y familias.<\/p>\n\n\n\n<p>Orgullo<br>Para finalizar, Pisano reafirm\u00f3 el compromiso de la gesti\u00f3n local con la educaci\u00f3n p\u00fablica desde el inicio de la escolarizaci\u00f3n. \u00abEs un orgullo para nosotros seguir trabajando en pos de fortalecer la educaci\u00f3n inicial maternal, acompa\u00f1ando siempre las necesidades de cada familia\u00bb, concluy\u00f3 el secretario.<\/p>\n","protected":false},"excerpt":{"rendered":"<p>En el marco de un nuevo aniversario, autoridades municipales, familias y fundadores de la instituci\u00f3n se reunieron para destacar el &#8230; <a title=\"El Jard\u00edn Maternal Municipal N\u00b02 celebr\u00f3 sus 15 a\u00f1os\" class=\"read-more\" href=\"https:\/\/www.hoymercedes.com.ar\/principal\/2026\/04\/30\/el-jardin-maternal-municipal-n2-celebro-sus-15-anos\/\" aria-label=\"Leer m\u00e1s sobre El Jard\u00edn Maternal Municipal N\u00b02 celebr\u00f3 sus 15 a\u00f1os\">Leer m\u00e1s<\/a><\/p>\n","protected":false},"author":1,"featured_media":195368,"comment_status":"closed","ping_status":"open","sticky":false,"template":"","format":"standard","meta":{"_monsterinsights_skip_tracking":false,"_monsterinsights_sitenote_active":false,"_monsterinsights_sitenote_note":"","_monsterinsights_sitenote_category":0,"jetpack_post_was_ever_published":false,"_jetpack_newsletter_access":"","_jetpack_dont_email_post_to_subs":false,"_jetpack_newsletter_tier_id":0,"_jetpack_memberships_contains_paywalled_content":false,"_jetpack_memberships_contains_paid_content":false,"footnotes":"","jetpack_publicize_message":"","jetpack_publicize_feature_enabled":true,"jetpack_social_post_already_shared":true,"jetpack_social_options":{"image_generator_settings":{"template":"highway","default_image_id":0,"font":"","enabled":false},"version":2},"_wpas_customize_per_network":false},"categories":[23],"tags":[1531,17615],"class_list":["post-195367","post","type-post","status-publish","format-standard","has-post-thumbnail","hentry","category-educacion","tag-jardines-maternales","tag-jose-luis-pisano-2","generate-columns","tablet-grid-50","mobile-grid-100","grid-parent","grid-50"],"jetpack_publicize_connections":[],"jetpack_featured_media_url":"https:\/\/www.hoymercedes.com.ar\/principal\/wp-content\/uploads\/2026\/04\/JM1.jpg","wps_subtitle":"Cuidado de la ni\u00f1ez","jetpack_sharing_enabled":true,"_links":{"self":[{"href":"https:\/\/www.hoymercedes.com.ar\/principal\/wp-json\/wp\/v2\/posts\/195367","targetHints":{"allow":["GET"]}}],"collection":[{"href":"https:\/\/www.hoymercedes.com.ar\/principal\/wp-json\/wp\/v2\/posts"}],"about":[{"href":"https:\/\/www.hoymercedes.com.ar\/principal\/wp-json\/wp\/v2\/types\/post"}],"author":[{"embeddable":true,"href":"https:\/\/www.hoymercedes.com.ar\/principal\/wp-json\/wp\/v2\/users\/1"}],"replies":[{"embeddable":true,"href":"https:\/\/www.hoymercedes.com.ar\/principal\/wp-json\/wp\/v2\/comments?post=195367"}],"version-history":[{"count":2,"href":"https:\/\/www.hoymercedes.com.ar\/principal\/wp-json\/wp\/v2\/posts\/195367\/revisions"}],"predecessor-version":[{"id":195370,"href":"https:\/\/www.hoymercedes.com.ar\/principal\/wp-json\/wp\/v2\/posts\/195367\/revisions\/195370"}],"wp:featuredmedia":[{"embeddable":true,"href":"https:\/\/www.hoymercedes.com.ar\/principal\/wp-json\/wp\/v2\/media\/195368"}],"wp:attachment":[{"href":"https:\/\/www.hoymercedes.com.ar\/principal\/wp-json\/wp\/v2\/media?parent=195367"}],"wp:term":[{"taxonomy":"category","embeddable":true,"href":"https:\/\/www.hoymercedes.com.ar\/principal\/wp-json\/wp\/v2\/categories?post=195367"},{"taxonomy":"post_tag","embeddable":true,"href":"https:\/\/www.hoymercedes.com.ar\/principal\/wp-json\/wp\/v2\/tags?post=195367"}],"curies":[{"name":"wp","href":"https:\/\/api.w.org\/{rel}","templated":true}]}}