{"id":195373,"date":"2026-04-30T09:34:00","date_gmt":"2026-04-30T12:34:00","guid":{"rendered":"https:\/\/www.hoymercedes.com.ar\/principal\/?p=195373"},"modified":"2026-04-30T08:37:28","modified_gmt":"2026-04-30T11:37:28","slug":"maraton-y-fiesta-este-1-de-mayo-en-agote","status":"publish","type":"post","link":"https:\/\/www.hoymercedes.com.ar\/principal\/2026\/04\/30\/maraton-y-fiesta-este-1-de-mayo-en-agote\/","title":{"rendered":"Marat\u00f3n y fiesta este 1 de mayo en Agote"},"content":{"rendered":"\n<figure class=\"wp-block-image size-full is-resized\"><img loading=\"lazy\" decoding=\"async\" width=\"640\" height=\"427\" data-attachment-id=\"195374\" data-permalink=\"https:\/\/www.hoymercedes.com.ar\/principal\/2026\/04\/30\/maraton-y-fiesta-este-1-de-mayo-en-agote\/maraton-agote\/#main\" data-orig-file=\"https:\/\/www.hoymercedes.com.ar\/principal\/wp-content\/uploads\/2026\/04\/Maraton-Agote.jpg\" data-orig-size=\"640,427\" data-comments-opened=\"0\" data-image-meta=\"{&quot;aperture&quot;:&quot;0&quot;,&quot;credit&quot;:&quot;&quot;,&quot;camera&quot;:&quot;&quot;,&quot;caption&quot;:&quot;&quot;,&quot;created_timestamp&quot;:&quot;0&quot;,&quot;copyright&quot;:&quot;&quot;,&quot;focal_length&quot;:&quot;0&quot;,&quot;iso&quot;:&quot;0&quot;,&quot;shutter_speed&quot;:&quot;0&quot;,&quot;title&quot;:&quot;&quot;,&quot;orientation&quot;:&quot;0&quot;}\" data-image-title=\"Maraton-Agote\" data-image-description=\"&lt;p&gt;Marat\u00f3n y fiesta este 1 de mayo en Agote&lt;\/p&gt;\n\" data-image-caption=\"&lt;p&gt;Marat\u00f3n y fiesta este 1 de mayo en Agote&lt;\/p&gt;\n\" data-large-file=\"https:\/\/www.hoymercedes.com.ar\/principal\/wp-content\/uploads\/2026\/04\/Maraton-Agote.jpg\" src=\"https:\/\/www.hoymercedes.com.ar\/principal\/wp-content\/uploads\/2026\/04\/Maraton-Agote.jpg\" alt=\"\" class=\"wp-image-195374\" style=\"width:1128px;height:auto\" srcset=\"https:\/\/www.hoymercedes.com.ar\/principal\/wp-content\/uploads\/2026\/04\/Maraton-Agote.jpg 640w, https:\/\/www.hoymercedes.com.ar\/principal\/wp-content\/uploads\/2026\/04\/Maraton-Agote-630x420.jpg 630w, https:\/\/www.hoymercedes.com.ar\/principal\/wp-content\/uploads\/2026\/04\/Maraton-Agote-150x100.jpg 150w\" sizes=\"auto, (max-width: 640px) 100vw, 640px\" \/><\/figure>\n\n\n\n<p>Este viernes 1 de mayo, feriado por el D\u00eda del Trabajador y la Trabajadora, se llevar\u00e1 adelante la carrera que qued\u00f3 pendiente en marzo en la Fiesta del Arraigo. Adem\u00e1s, habr\u00e1 n\u00fameros musicales. Todo gratis, s\u00f3lo habr\u00e1 un bono contribuci\u00f3n para el estacionamiento.<\/p>\n\n\n\n<p><br>\u201cQue nadie se Agote\u201d finalmente se concretar\u00e1 este vienes desde las 11 de la ma\u00f1ana. La acreditaci\u00f3n comenzar\u00e1 a las 9 y las distancias a recorrer ser\u00e1n: 10 K competitivo y 3 K de correcaminata. Todo comenzar\u00e1 en el predio del Arraigo en Agote. La carrera tendr\u00e1 un cierre especial bailando zumba con Jhony.<br><\/p>\n\n\n\n<p>A partir de las 13.30 dar\u00e1 inicio la pe\u00f1a que contar\u00e1 con la animaci\u00f3n de Mat\u00edas Mill\u00e1n. El cierre ser\u00e1 a las 18.30 con Max Alexander. Luego ser\u00e1 el comienzo de la m\u00fasica tropical con las actuaciones de \u201cPa que bailen\u201d y \u201cLa Capaccio\u201d.<\/p>\n\n\n\n<p><\/p>\n","protected":false},"excerpt":{"rendered":"<p>Este viernes 1 de mayo, feriado por el D\u00eda del Trabajador y la Trabajadora, se llevar\u00e1 adelante la carrera que &#8230; <a title=\"Marat\u00f3n y fiesta este 1 de mayo en Agote\" class=\"read-more\" href=\"https:\/\/www.hoymercedes.com.ar\/principal\/2026\/04\/30\/maraton-y-fiesta-este-1-de-mayo-en-agote\/\" aria-label=\"Leer m\u00e1s sobre Marat\u00f3n y fiesta este 1 de mayo en Agote\">Leer m\u00e1s<\/a><\/p>\n","protected":false},"author":1,"featured_media":195374,"comment_status":"closed","ping_status":"open","sticky":false,"template":"","format":"standard","meta":{"_monsterinsights_skip_tracking":false,"_monsterinsights_sitenote_active":false,"_monsterinsights_sitenote_note":"","_monsterinsights_sitenote_category":0,"jetpack_post_was_ever_published":false,"_jetpack_newsletter_access":"","_jetpack_dont_email_post_to_subs":false,"_jetpack_newsletter_tier_id":0,"_jetpack_memberships_contains_paywalled_content":false,"_jetpack_memberships_contains_paid_content":false,"footnotes":"","jetpack_publicize_message":"","jetpack_publicize_feature_enabled":true,"jetpack_social_post_already_shared":true,"jetpack_social_options":{"image_generator_settings":{"template":"highway","default_image_id":0,"font":"","enabled":false},"version":2},"_wpas_customize_per_network":false},"categories":[21],"tags":[7298,1981,9570],"class_list":["post-195373","post","type-post","status-publish","format-standard","has-post-thumbnail","hentry","category-deportes","tag-1-de-mayo","tag-agote","tag-maraton","generate-columns","tablet-grid-50","mobile-grid-100","grid-parent","grid-50"],"jetpack_publicize_connections":[],"jetpack_featured_media_url":"https:\/\/www.hoymercedes.com.ar\/principal\/wp-content\/uploads\/2026\/04\/Maraton-Agote.jpg","wps_subtitle":"Turismo Rural","jetpack_sharing_enabled":true,"_links":{"self":[{"href":"https:\/\/www.hoymercedes.com.ar\/principal\/wp-json\/wp\/v2\/posts\/195373","targetHints":{"allow":["GET"]}}],"collection":[{"href":"https:\/\/www.hoymercedes.com.ar\/principal\/wp-json\/wp\/v2\/posts"}],"about":[{"href":"https:\/\/www.hoymercedes.com.ar\/principal\/wp-json\/wp\/v2\/types\/post"}],"author":[{"embeddable":true,"href":"https:\/\/www.hoymercedes.com.ar\/principal\/wp-json\/wp\/v2\/users\/1"}],"replies":[{"embeddable":true,"href":"https:\/\/www.hoymercedes.com.ar\/principal\/wp-json\/wp\/v2\/comments?post=195373"}],"version-history":[{"count":2,"href":"https:\/\/www.hoymercedes.com.ar\/principal\/wp-json\/wp\/v2\/posts\/195373\/revisions"}],"predecessor-version":[{"id":195376,"href":"https:\/\/www.hoymercedes.com.ar\/principal\/wp-json\/wp\/v2\/posts\/195373\/revisions\/195376"}],"wp:featuredmedia":[{"embeddable":true,"href":"https:\/\/www.hoymercedes.com.ar\/principal\/wp-json\/wp\/v2\/media\/195374"}],"wp:attachment":[{"href":"https:\/\/www.hoymercedes.com.ar\/principal\/wp-json\/wp\/v2\/media?parent=195373"}],"wp:term":[{"taxonomy":"category","embeddable":true,"href":"https:\/\/www.hoymercedes.com.ar\/principal\/wp-json\/wp\/v2\/categories?post=195373"},{"taxonomy":"post_tag","embeddable":true,"href":"https:\/\/www.hoymercedes.com.ar\/principal\/wp-json\/wp\/v2\/tags?post=195373"}],"curies":[{"name":"wp","href":"https:\/\/api.w.org\/{rel}","templated":true}]}}