{"id":195379,"date":"2026-04-30T13:37:38","date_gmt":"2026-04-30T16:37:38","guid":{"rendered":"https:\/\/www.hoymercedes.com.ar\/principal\/?p=195379"},"modified":"2026-04-30T13:37:42","modified_gmt":"2026-04-30T16:37:42","slug":"abre-sus-puertas-fuera-de-juego-un-espacio-de-primera-calidad-para-el-deporte","status":"publish","type":"post","link":"https:\/\/www.hoymercedes.com.ar\/principal\/2026\/04\/30\/abre-sus-puertas-fuera-de-juego-un-espacio-de-primera-calidad-para-el-deporte\/","title":{"rendered":"Abre sus puertas \u00abFuera de Juego\u201d, un espacio de primera calidad para el deporte"},"content":{"rendered":"\n<figure class=\"wp-block-embed is-type-video is-provider-youtube wp-block-embed-youtube wp-embed-aspect-16-9 wp-has-aspect-ratio\"><div class=\"wp-block-embed__wrapper\">\n<span class=\"embed-youtube\" style=\"text-align:center; display: block;\"><iframe loading=\"lazy\" class=\"youtube-player\" width=\"1200\" height=\"675\" src=\"https:\/\/www.youtube.com\/embed\/EhjPAyPMiQM?version=3&#038;rel=1&#038;showsearch=0&#038;showinfo=1&#038;iv_load_policy=1&#038;fs=1&#038;hl=es-ES&#038;autohide=2&#038;wmode=transparent\" allowfullscreen=\"true\" style=\"border:0;\" sandbox=\"allow-scripts allow-same-origin allow-popups allow-presentation allow-popups-to-escape-sandbox\"><\/iframe><\/span>\n<\/div><\/figure>\n\n\n\n<p>Con una infraestructura de primera l\u00ednea, construida \u00edntegramente desde cero, este viernes 1 de mayo se inaugura el complejo deportivo ubicado en calle 29 entre 4 y 6. El espacio promete ser un punto de encuentro clave para los apasionados del f\u00fatbol y la recreaci\u00f3n en la ciudad.<\/p>\n\n\n\n<p>La oferta deportiva y recreativa de nuestra ciudad sigue creciendo, y esta vez lo hace con una apuesta de primer nivel. Este viernes, a partir de las <strong>18:00 horas<\/strong>, quedar\u00e1 oficialmente inaugurado <strong>\u00abFuera de Juego\u00bb<\/strong>, un nuevo complejo que se destaca por haber sido proyectado y edificado con est\u00e1ndares de alta calidad desde sus cimientos.<\/p>\n\n\n\n<p>El predio, ubicado estrat\u00e9gicamente en la <strong>Calle 29 e\/ 4 y 6<\/strong>, no es solo una cancha de f\u00fatbol; es un proyecto integral que busca jerarquizar la pr\u00e1ctica deportiva y el entretenimiento local.<\/p>\n\n\n\n<p>&nbsp;Entre sus puntos fuertes, el complejo cuenta con c\u00e9sped sint\u00e9tico de \u00faltima generaci\u00f3n, iluminaci\u00f3n LED de alta potencia y vestuarios con terminaciones modernas y funcionales, dise\u00f1ados para ofrecer el m\u00e1ximo confort a los usuarios, tambi\u00e9n un excelente buffet con hermosas instalaciones para disfrutar.<\/p>\n\n\n\n<p><strong>Deporte, arte y pertenencia<\/strong><\/p>\n\n\n\n<p>Uno de los aspectos que m\u00e1s llama la atenci\u00f3n de quienes transitan por la zona es el imponente impacto visual del lugar. El complejo rinde homenaje a la cultura futbol\u00edstica argentina con <strong>murales art\u00edsticos de gran escala<\/strong> que retratan a \u00eddolos m\u00e1ximos como Diego Maradona, Lionel Messi y \u00c1ngel Di Mar\u00eda, vinculando la infraestructura moderna con el sentimiento popular.<\/p>\n\n\n\n<p>Adem\u00e1s de la pr\u00e1ctica de f\u00fatbol, el espacio ofrece \u00e1reas de esparcimiento que incluyen mesas de metegol y un sector de servicios pensado para el \u00abpost partido\u00bb entre amigos y familias.<\/p>\n","protected":false},"excerpt":{"rendered":"<p>Con una infraestructura de primera l\u00ednea, construida \u00edntegramente desde cero, este viernes 1 de mayo se inaugura el complejo deportivo &#8230; <a title=\"Abre sus puertas \u00abFuera de Juego\u201d, un espacio de primera calidad para el deporte\" class=\"read-more\" href=\"https:\/\/www.hoymercedes.com.ar\/principal\/2026\/04\/30\/abre-sus-puertas-fuera-de-juego-un-espacio-de-primera-calidad-para-el-deporte\/\" aria-label=\"Leer m\u00e1s sobre Abre sus puertas \u00abFuera de Juego\u201d, un espacio de primera calidad para el deporte\">Leer m\u00e1s<\/a><\/p>\n","protected":false},"author":1,"featured_media":195380,"comment_status":"closed","ping_status":"open","sticky":false,"template":"","format":"standard","meta":{"_monsterinsights_skip_tracking":false,"_monsterinsights_sitenote_active":false,"_monsterinsights_sitenote_note":"","_monsterinsights_sitenote_category":0,"jetpack_post_was_ever_published":false,"_jetpack_newsletter_access":"","_jetpack_dont_email_post_to_subs":false,"_jetpack_newsletter_tier_id":0,"_jetpack_memberships_contains_paywalled_content":false,"_jetpack_memberships_contains_paid_content":false,"footnotes":"","jetpack_publicize_message":"","jetpack_publicize_feature_enabled":true,"jetpack_social_post_already_shared":true,"jetpack_social_options":{"image_generator_settings":{"template":"highway","default_image_id":0,"font":"","enabled":false},"version":2},"_wpas_customize_per_network":false},"categories":[21],"tags":[21150],"class_list":["post-195379","post","type-post","status-publish","format-standard","has-post-thumbnail","hentry","category-deportes","tag-complejo-fuera-de-juego","generate-columns","tablet-grid-50","mobile-grid-100","grid-parent","grid-50"],"jetpack_publicize_connections":[],"jetpack_featured_media_url":"https:\/\/www.hoymercedes.com.ar\/principal\/wp-content\/uploads\/2026\/04\/Fuera-de-Juego.jpg","wps_subtitle":"","jetpack_sharing_enabled":true,"_links":{"self":[{"href":"https:\/\/www.hoymercedes.com.ar\/principal\/wp-json\/wp\/v2\/posts\/195379","targetHints":{"allow":["GET"]}}],"collection":[{"href":"https:\/\/www.hoymercedes.com.ar\/principal\/wp-json\/wp\/v2\/posts"}],"about":[{"href":"https:\/\/www.hoymercedes.com.ar\/principal\/wp-json\/wp\/v2\/types\/post"}],"author":[{"embeddable":true,"href":"https:\/\/www.hoymercedes.com.ar\/principal\/wp-json\/wp\/v2\/users\/1"}],"replies":[{"embeddable":true,"href":"https:\/\/www.hoymercedes.com.ar\/principal\/wp-json\/wp\/v2\/comments?post=195379"}],"version-history":[{"count":1,"href":"https:\/\/www.hoymercedes.com.ar\/principal\/wp-json\/wp\/v2\/posts\/195379\/revisions"}],"predecessor-version":[{"id":195381,"href":"https:\/\/www.hoymercedes.com.ar\/principal\/wp-json\/wp\/v2\/posts\/195379\/revisions\/195381"}],"wp:featuredmedia":[{"embeddable":true,"href":"https:\/\/www.hoymercedes.com.ar\/principal\/wp-json\/wp\/v2\/media\/195380"}],"wp:attachment":[{"href":"https:\/\/www.hoymercedes.com.ar\/principal\/wp-json\/wp\/v2\/media?parent=195379"}],"wp:term":[{"taxonomy":"category","embeddable":true,"href":"https:\/\/www.hoymercedes.com.ar\/principal\/wp-json\/wp\/v2\/categories?post=195379"},{"taxonomy":"post_tag","embeddable":true,"href":"https:\/\/www.hoymercedes.com.ar\/principal\/wp-json\/wp\/v2\/tags?post=195379"}],"curies":[{"name":"wp","href":"https:\/\/api.w.org\/{rel}","templated":true}]}}