{"id":195438,"date":"2026-05-01T13:27:34","date_gmt":"2026-05-01T16:27:34","guid":{"rendered":"https:\/\/www.hoymercedes.com.ar\/principal\/?p=195438"},"modified":"2026-05-01T13:27:37","modified_gmt":"2026-05-01T16:27:37","slug":"el-diablo-la-moda-y-michael-en-la-pantalla-local","status":"publish","type":"post","link":"https:\/\/www.hoymercedes.com.ar\/principal\/2026\/05\/01\/el-diablo-la-moda-y-michael-en-la-pantalla-local\/","title":{"rendered":"El Diablo, la Moda y Michael en la pantalla local"},"content":{"rendered":"\n<p>El Cine Mercedes presenta en su pantalla dos pel\u00edculas. Una semana m\u00e1s sigue la biopic de Michael y llega el estreno de la semana El Diaglo Viste a la Moda 2 , secuela esperada por fan\u00e1ticos. <\/p>\n\n\n<div class=\"wp-block-image\">\n<figure class=\"aligncenter size-full\"><img loading=\"lazy\" decoding=\"async\" width=\"827\" height=\"874\" data-attachment-id=\"195440\" data-permalink=\"https:\/\/www.hoymercedes.com.ar\/principal\/2026\/05\/01\/el-diablo-la-moda-y-michael-en-la-pantalla-local\/gacetilla-cine-mercedes-55-2\/#main\" data-orig-file=\"https:\/\/www.hoymercedes.com.ar\/principal\/wp-content\/uploads\/2026\/05\/Gacetilla-Cine-Mercedes-55.png\" data-orig-size=\"827,874\" data-comments-opened=\"0\" data-image-meta=\"{&quot;aperture&quot;:&quot;0&quot;,&quot;credit&quot;:&quot;&quot;,&quot;camera&quot;:&quot;&quot;,&quot;caption&quot;:&quot;&quot;,&quot;created_timestamp&quot;:&quot;0&quot;,&quot;copyright&quot;:&quot;&quot;,&quot;focal_length&quot;:&quot;0&quot;,&quot;iso&quot;:&quot;0&quot;,&quot;shutter_speed&quot;:&quot;0&quot;,&quot;title&quot;:&quot;&quot;,&quot;orientation&quot;:&quot;0&quot;}\" data-image-title=\"Gacetilla Cine Mercedes (55)\" data-image-description=\"\" data-image-caption=\"\" data-large-file=\"https:\/\/www.hoymercedes.com.ar\/principal\/wp-content\/uploads\/2026\/05\/Gacetilla-Cine-Mercedes-55.png\" src=\"https:\/\/www.hoymercedes.com.ar\/principal\/wp-content\/uploads\/2026\/05\/Gacetilla-Cine-Mercedes-55.png\" alt=\"\" class=\"wp-image-195440\" srcset=\"https:\/\/www.hoymercedes.com.ar\/principal\/wp-content\/uploads\/2026\/05\/Gacetilla-Cine-Mercedes-55.png 827w, https:\/\/www.hoymercedes.com.ar\/principal\/wp-content\/uploads\/2026\/05\/Gacetilla-Cine-Mercedes-55-587x620.png 587w, https:\/\/www.hoymercedes.com.ar\/principal\/wp-content\/uploads\/2026\/05\/Gacetilla-Cine-Mercedes-55-142x150.png 142w\" sizes=\"auto, (max-width: 827px) 100vw, 827px\" \/><\/figure>\n<\/div>\n\n\n<p>Sinopsis \u00abMichael\u00bb: El viaje de Michael Jackson m\u00e1s all\u00e1 de la m\u00fasica, desde el descubrimiento de su extraordinario talento como l\u00edder de los Jackson Five hasta convertirse en una visionaria estrella cuya ambici\u00f3n creativa despert\u00f3 un incansable af\u00e1n por consagrarse como el mayor icono de la industria del entretenimiento.<\/p>\n\n\n\n<p>Sinopsis \u00abEl Diablo Viste a la Moda 2\u00bb: La lucha de Miranda Priestly contra Emily Charlton, su exasistente convertida en ejecutiva rival, mientras compiten por los ingresos por publicidad en medio de la decadencia de los medios impresos y Miranda se acerca a la jubilaci\u00f3n. (FILMAFFINITY)<\/p>\n","protected":false},"excerpt":{"rendered":"<p>El Cine Mercedes presenta en su pantalla dos pel\u00edculas. Una semana m\u00e1s sigue la biopic de Michael y llega el &#8230; <a title=\"El Diablo, la Moda y Michael en la pantalla local\" class=\"read-more\" href=\"https:\/\/www.hoymercedes.com.ar\/principal\/2026\/05\/01\/el-diablo-la-moda-y-michael-en-la-pantalla-local\/\" aria-label=\"Leer m\u00e1s sobre El Diablo, la Moda y Michael en la pantalla local\">Leer m\u00e1s<\/a><\/p>\n","protected":false},"author":1,"featured_media":195439,"comment_status":"closed","ping_status":"open","sticky":false,"template":"","format":"standard","meta":{"_monsterinsights_skip_tracking":false,"_monsterinsights_sitenote_active":false,"_monsterinsights_sitenote_note":"","_monsterinsights_sitenote_category":0,"jetpack_post_was_ever_published":false,"_jetpack_newsletter_access":"","_jetpack_dont_email_post_to_subs":false,"_jetpack_newsletter_tier_id":0,"_jetpack_memberships_contains_paywalled_content":false,"_jetpack_memberships_contains_paid_content":false,"footnotes":"","jetpack_publicize_message":"","jetpack_publicize_feature_enabled":true,"jetpack_social_post_already_shared":true,"jetpack_social_options":{"image_generator_settings":{"template":"highway","default_image_id":0,"font":"","enabled":false},"version":2},"_wpas_customize_per_network":false},"categories":[8],"tags":[],"class_list":["post-195438","post","type-post","status-publish","format-standard","has-post-thumbnail","hentry","category-sociedad","generate-columns","tablet-grid-50","mobile-grid-100","grid-parent","grid-50"],"jetpack_publicize_connections":[],"jetpack_featured_media_url":"https:\/\/www.hoymercedes.com.ar\/principal\/wp-content\/uploads\/2026\/05\/El-diablo-viste-a-la-moda-2-819x1024-1.jpeg","wps_subtitle":"","jetpack_sharing_enabled":true,"_links":{"self":[{"href":"https:\/\/www.hoymercedes.com.ar\/principal\/wp-json\/wp\/v2\/posts\/195438","targetHints":{"allow":["GET"]}}],"collection":[{"href":"https:\/\/www.hoymercedes.com.ar\/principal\/wp-json\/wp\/v2\/posts"}],"about":[{"href":"https:\/\/www.hoymercedes.com.ar\/principal\/wp-json\/wp\/v2\/types\/post"}],"author":[{"embeddable":true,"href":"https:\/\/www.hoymercedes.com.ar\/principal\/wp-json\/wp\/v2\/users\/1"}],"replies":[{"embeddable":true,"href":"https:\/\/www.hoymercedes.com.ar\/principal\/wp-json\/wp\/v2\/comments?post=195438"}],"version-history":[{"count":1,"href":"https:\/\/www.hoymercedes.com.ar\/principal\/wp-json\/wp\/v2\/posts\/195438\/revisions"}],"predecessor-version":[{"id":195441,"href":"https:\/\/www.hoymercedes.com.ar\/principal\/wp-json\/wp\/v2\/posts\/195438\/revisions\/195441"}],"wp:featuredmedia":[{"embeddable":true,"href":"https:\/\/www.hoymercedes.com.ar\/principal\/wp-json\/wp\/v2\/media\/195439"}],"wp:attachment":[{"href":"https:\/\/www.hoymercedes.com.ar\/principal\/wp-json\/wp\/v2\/media?parent=195438"}],"wp:term":[{"taxonomy":"category","embeddable":true,"href":"https:\/\/www.hoymercedes.com.ar\/principal\/wp-json\/wp\/v2\/categories?post=195438"},{"taxonomy":"post_tag","embeddable":true,"href":"https:\/\/www.hoymercedes.com.ar\/principal\/wp-json\/wp\/v2\/tags?post=195438"}],"curies":[{"name":"wp","href":"https:\/\/api.w.org\/{rel}","templated":true}]}}