{"id":195442,"date":"2026-05-01T14:41:00","date_gmt":"2026-05-01T17:41:00","guid":{"rendered":"https:\/\/www.hoymercedes.com.ar\/principal\/?p=195442"},"modified":"2026-05-01T13:43:57","modified_gmt":"2026-05-01T16:43:57","slug":"ingenieros-reclaman-la-intervencion-de-kicillof-ante-la-paralisis-de-catastro","status":"publish","type":"post","link":"https:\/\/www.hoymercedes.com.ar\/principal\/2026\/05\/01\/ingenieros-reclaman-la-intervencion-de-kicillof-ante-la-paralisis-de-catastro\/","title":{"rendered":"Ingenieros reclaman la intervenci\u00f3n de Kicillof ante la paralisis de Catastro"},"content":{"rendered":"\n<p>La situaci\u00f3n en la Agencia de Recaudaci\u00f3n de la Provincia de Buenos Aires (ARBA), y espec\u00edficamente en la Direcci\u00f3n Provincial de Catastro Territorial, impacta negativamente en el trabajo ligado a las actividades de mensura e inmobiliaria de la provincia, advirtieron desde el Colegio de Ingenieros.<\/p>\n\n\n\n<p>A trav\u00e9s de un comunicado, recordaron que desde fines de febrero de 2026, una medida de fuerza sostenida por el gremio ATE \u2014que incluye asambleas prolongadas y retenci\u00f3n de tareas\u2014 mantiene virtualmente paralizado un organismo vital para el desarrollo econ\u00f3mico y profesional de todo el territorio bonaerense.<\/p>\n\n\n\n<p>Para los Ingenieros matriculados en el CIPBA, esta situaci\u00f3n es un bloqueo directo a su derecho constitucional de trabajar. Las tareas de mensura, base fundamental de cualquier ordenamiento territorial y seguridad jur\u00eddica al ciudadano, se encuentran en un estado de detenci\u00f3n burocr\u00e1tica, ya que, sin la aprobaci\u00f3n de planos ni registraci\u00f3n de estados parcelarios, el profesional queda imposibilitado de concluir su labor, afectando directamente sus ingresos y dejando su prestigio afectado frente a los comitentes, puntualizaron los profesionales.<\/p>\n\n\n\n<p>En el mismo sentido remarcaron que el impacto se extiende como una onda expansiva hacia el mercado inmobiliario generando que una gran cantidad de escrituraciones se encuentren frenadas por la falta de informes catastrales y certificados actualizados que impide que los escribanos concreten las operaciones de compraventa, creando una Incertidumbre jur\u00eddica que pone en riesgo la transparencia de las transacciones y la correcta valuaci\u00f3n fiscal de los inmuebles.<\/p>\n\n\n\n<p>Esta situaci\u00f3n genera un evidente y claro perjuicio al contribuyente que necesita regularizar su propiedad o subdividir para construir y que no puede ejercer sus derechos constitucionales al encontrarse atrapado en un conflicto ajeno que el Estado provincial a\u00fan no ha podido resolver.<\/p>\n\n\n\n<p>Para los ingenieros, resulta parad\u00f3jico que un organismo dise\u00f1ado para la eficiencia recaudatoria sea hoy el principal obst\u00e1culo para la circulaci\u00f3n de capitales en la provincia, y advirtieron que la legitimidad de los reclamos gremiales no puede ser moneda de cambio para el cese total de un servicio p\u00fablico esencial.<\/p>\n\n\n\n<p>Finalmente y frente a este panorama, desde el CIPBA consideraron que el gobernador Axel Kicillof debe intervenir sin m\u00e1s demoras y actuando con la celeridad que la situaci\u00f3n le reclama para restablecer el funcionamiento pleno de Catastro.<\/p>\n\n\n\n<p>\u00abLos ingenieros del CIPBA y la sociedad bonaerense en su conjunto no pueden seguir pagando el costo de la ineficiencia de funcionarios y sindicalistas que una vez m\u00e1s desatienden los intereses de la sociedad para seguir una agenda propia electoral, que d\u00eda tras d\u00eda solo provoca que se degrade la actividad profesional y comercial de todos los sectores involucrados congelando la actividad que ya viene golpeada\u00bb, concluye el mensaje.<\/p>\n\n\n\n<p>Fuente: Colegio de Ingenieros de la Provincia de Buenos Aires. <\/p>\n\n\n\n<p><\/p>\n","protected":false},"excerpt":{"rendered":"<p>La situaci\u00f3n en la Agencia de Recaudaci\u00f3n de la Provincia de Buenos Aires (ARBA), y espec\u00edficamente en la Direcci\u00f3n Provincial &#8230; <a title=\"Ingenieros reclaman la intervenci\u00f3n de Kicillof ante la paralisis de Catastro\" class=\"read-more\" href=\"https:\/\/www.hoymercedes.com.ar\/principal\/2026\/05\/01\/ingenieros-reclaman-la-intervencion-de-kicillof-ante-la-paralisis-de-catastro\/\" aria-label=\"Leer m\u00e1s sobre Ingenieros reclaman la intervenci\u00f3n de Kicillof ante la paralisis de Catastro\">Leer m\u00e1s<\/a><\/p>\n","protected":false},"author":1,"featured_media":195443,"comment_status":"closed","ping_status":"open","sticky":false,"template":"","format":"standard","meta":{"_monsterinsights_skip_tracking":false,"_monsterinsights_sitenote_active":false,"_monsterinsights_sitenote_note":"","_monsterinsights_sitenote_category":0,"jetpack_post_was_ever_published":false,"_jetpack_newsletter_access":"","_jetpack_dont_email_post_to_subs":false,"_jetpack_newsletter_tier_id":0,"_jetpack_memberships_contains_paywalled_content":false,"_jetpack_memberships_contains_paid_content":false,"footnotes":"","jetpack_publicize_message":"","jetpack_publicize_feature_enabled":true,"jetpack_social_post_already_shared":true,"jetpack_social_options":{"image_generator_settings":{"template":"highway","default_image_id":0,"font":"","enabled":false},"version":2},"_wpas_customize_per_network":false},"categories":[8881],"tags":[16464,10017,1803,100],"class_list":["post-195442","post","type-post","status-publish","format-standard","has-post-thumbnail","hentry","category-provincia","tag-arba","tag-colegio-de-ingenieros","tag-provincia","tag-reclamo","generate-columns","tablet-grid-50","mobile-grid-100","grid-parent","grid-50"],"jetpack_publicize_connections":[],"jetpack_featured_media_url":"https:\/\/www.hoymercedes.com.ar\/principal\/wp-content\/uploads\/2026\/05\/kici-arba.jpg","wps_subtitle":"","jetpack_sharing_enabled":true,"_links":{"self":[{"href":"https:\/\/www.hoymercedes.com.ar\/principal\/wp-json\/wp\/v2\/posts\/195442","targetHints":{"allow":["GET"]}}],"collection":[{"href":"https:\/\/www.hoymercedes.com.ar\/principal\/wp-json\/wp\/v2\/posts"}],"about":[{"href":"https:\/\/www.hoymercedes.com.ar\/principal\/wp-json\/wp\/v2\/types\/post"}],"author":[{"embeddable":true,"href":"https:\/\/www.hoymercedes.com.ar\/principal\/wp-json\/wp\/v2\/users\/1"}],"replies":[{"embeddable":true,"href":"https:\/\/www.hoymercedes.com.ar\/principal\/wp-json\/wp\/v2\/comments?post=195442"}],"version-history":[{"count":1,"href":"https:\/\/www.hoymercedes.com.ar\/principal\/wp-json\/wp\/v2\/posts\/195442\/revisions"}],"predecessor-version":[{"id":195444,"href":"https:\/\/www.hoymercedes.com.ar\/principal\/wp-json\/wp\/v2\/posts\/195442\/revisions\/195444"}],"wp:featuredmedia":[{"embeddable":true,"href":"https:\/\/www.hoymercedes.com.ar\/principal\/wp-json\/wp\/v2\/media\/195443"}],"wp:attachment":[{"href":"https:\/\/www.hoymercedes.com.ar\/principal\/wp-json\/wp\/v2\/media?parent=195442"}],"wp:term":[{"taxonomy":"category","embeddable":true,"href":"https:\/\/www.hoymercedes.com.ar\/principal\/wp-json\/wp\/v2\/categories?post=195442"},{"taxonomy":"post_tag","embeddable":true,"href":"https:\/\/www.hoymercedes.com.ar\/principal\/wp-json\/wp\/v2\/tags?post=195442"}],"curies":[{"name":"wp","href":"https:\/\/api.w.org\/{rel}","templated":true}]}}