{"id":195445,"date":"2026-05-01T17:02:54","date_gmt":"2026-05-01T20:02:54","guid":{"rendered":"https:\/\/www.hoymercedes.com.ar\/principal\/?p=195445"},"modified":"2026-05-01T17:02:57","modified_gmt":"2026-05-01T20:02:57","slug":"ruta-5-zubeldia-cuestiona-el-sistema-de-peajes-y-advierte-sobre-riesgos-en-el-nuevo-esquema-de-concesion","status":"publish","type":"post","link":"https:\/\/www.hoymercedes.com.ar\/principal\/2026\/05\/01\/ruta-5-zubeldia-cuestiona-el-sistema-de-peajes-y-advierte-sobre-riesgos-en-el-nuevo-esquema-de-concesion\/","title":{"rendered":"Ruta 5: Zubeld\u00eda cuestiona el sistema de peajes y advierte sobre riesgos en el nuevo esquema de concesi\u00f3n"},"content":{"rendered":"\n<figure class=\"wp-block-image size-full\"><img loading=\"lazy\" decoding=\"async\" width=\"800\" height=\"627\" data-attachment-id=\"195446\" data-permalink=\"https:\/\/www.hoymercedes.com.ar\/principal\/2026\/05\/01\/ruta-5-zubeldia-cuestiona-el-sistema-de-peajes-y-advierte-sobre-riesgos-en-el-nuevo-esquema-de-concesion\/image-466\/#main\" data-orig-file=\"https:\/\/www.hoymercedes.com.ar\/principal\/wp-content\/uploads\/2026\/05\/image.png\" data-orig-size=\"800,627\" data-comments-opened=\"0\" data-image-meta=\"{&quot;aperture&quot;:&quot;0&quot;,&quot;credit&quot;:&quot;&quot;,&quot;camera&quot;:&quot;&quot;,&quot;caption&quot;:&quot;&quot;,&quot;created_timestamp&quot;:&quot;0&quot;,&quot;copyright&quot;:&quot;&quot;,&quot;focal_length&quot;:&quot;0&quot;,&quot;iso&quot;:&quot;0&quot;,&quot;shutter_speed&quot;:&quot;0&quot;,&quot;title&quot;:&quot;&quot;,&quot;orientation&quot;:&quot;0&quot;}\" data-image-title=\"image\" data-image-description=\"\" data-image-caption=\"\" data-large-file=\"https:\/\/www.hoymercedes.com.ar\/principal\/wp-content\/uploads\/2026\/05\/image.png\" src=\"https:\/\/www.hoymercedes.com.ar\/principal\/wp-content\/uploads\/2026\/05\/image.png\" alt=\"\" class=\"wp-image-195446\" srcset=\"https:\/\/www.hoymercedes.com.ar\/principal\/wp-content\/uploads\/2026\/05\/image.png 800w, https:\/\/www.hoymercedes.com.ar\/principal\/wp-content\/uploads\/2026\/05\/image-630x494.png 630w, https:\/\/www.hoymercedes.com.ar\/principal\/wp-content\/uploads\/2026\/05\/image-150x118.png 150w\" sizes=\"auto, (max-width: 800px) 100vw, 800px\" \/><\/figure>\n\n\n\n<p>El concejal Bernardo Zubeld\u00eda, del bloque Vecinos por Mercedes, expres\u00f3 su preocupaci\u00f3n por la situaci\u00f3n de la Ruta Nacional N\u00ba 5 y cuestion\u00f3 el actual sistema de peajes, al que calific\u00f3 como un \u201cimpuesto al tr\u00e1nsito\u201d que no se traduce en mejoras concretas para los usuarios.<\/p>\n\n\n\n<p>En sinton\u00eda con planteos hist\u00f3ricos de organizaciones de defensa vial, el edil se\u00f1al\u00f3 que el cobro de peajes deber\u00eda estar vinculado a beneficios directos para quienes circulan, como mejores condiciones de la traza o ahorro en costos de transporte. En ese sentido, sostuvo que en la actualidad \u201cno se observan obras ni mejoras significativas que justifiquen el pago\u201d, y remarc\u00f3 la importancia de garantizar alternativas de circulaci\u00f3n libres y gratuitas.<\/p>\n\n\n\n<p>Zubeld\u00eda tambi\u00e9n se refiri\u00f3 al Decreto 253\/2026 del Gobierno Nacional, que impulsa cambios en la administraci\u00f3n de rutas, y manifest\u00f3 reparos sobre su implementaci\u00f3n. Seg\u00fan indic\u00f3, la medida podr\u00eda generar conflictos en relaci\u00f3n a lo establecido por la Constituci\u00f3n Nacional, al tiempo que cuestion\u00f3 el destino de los fondos provenientes del impuesto a los combustibles, que \u2014seg\u00fan afirm\u00f3\u2014 deber\u00edan destinarse al mantenimiento vial.<\/p>\n\n\n\n<p>En relaci\u00f3n al nuevo esquema de concesi\u00f3n de la Ruta 5, el concejal advirti\u00f3 sobre distintos aspectos que generan inquietud a nivel local. Entre ellos, mencion\u00f3 la posibilidad de incremento en los costos de peaje, la instalaci\u00f3n de nuevas cabinas en el tramo cercano a Mercedes y la falta de precisiones sobre obras de infraestructura de mayor envergadura, como la transformaci\u00f3n en autov\u00eda.<\/p>\n\n\n\n<p>Otro de los puntos se\u00f1alados fue la situaci\u00f3n del tramo Mercedes\u2013Suipacha, donde, seg\u00fan expres\u00f3, se encuentran paralizadas obras que contaban con financiamiento internacional. En ese marco, subray\u00f3 el impacto que esta situaci\u00f3n tiene en la seguridad vial y en la conectividad de la regi\u00f3n.<\/p>\n\n\n\n<p>Finalmente, Zubeld\u00eda destac\u00f3 la continuidad de los reclamos impulsados por distintos sectores de la comunidad en torno a la problem\u00e1tica vial, y valor\u00f3 el trabajo sostenido de vecinos y referentes como Marcelo Su\u00e1rez que desde hace a\u00f1os promueven mejoras en las rutas nacionales.<\/p>\n","protected":false},"excerpt":{"rendered":"<p>El concejal Bernardo Zubeld\u00eda, del bloque Vecinos por Mercedes, expres\u00f3 su preocupaci\u00f3n por la situaci\u00f3n de la Ruta Nacional N\u00ba &#8230; <a title=\"Ruta 5: Zubeld\u00eda cuestiona el sistema de peajes y advierte sobre riesgos en el nuevo esquema de concesi\u00f3n\" class=\"read-more\" href=\"https:\/\/www.hoymercedes.com.ar\/principal\/2026\/05\/01\/ruta-5-zubeldia-cuestiona-el-sistema-de-peajes-y-advierte-sobre-riesgos-en-el-nuevo-esquema-de-concesion\/\" aria-label=\"Leer m\u00e1s sobre Ruta 5: Zubeld\u00eda cuestiona el sistema de peajes y advierte sobre riesgos en el nuevo esquema de concesi\u00f3n\">Leer m\u00e1s<\/a><\/p>\n","protected":false},"author":1,"featured_media":195446,"comment_status":"closed","ping_status":"open","sticky":false,"template":"","format":"standard","meta":{"_monsterinsights_skip_tracking":false,"_monsterinsights_sitenote_active":false,"_monsterinsights_sitenote_note":"","_monsterinsights_sitenote_category":0,"jetpack_post_was_ever_published":false,"_jetpack_newsletter_access":"","_jetpack_dont_email_post_to_subs":false,"_jetpack_newsletter_tier_id":0,"_jetpack_memberships_contains_paywalled_content":false,"_jetpack_memberships_contains_paid_content":false,"footnotes":"","jetpack_publicize_message":"","jetpack_publicize_feature_enabled":true,"jetpack_social_post_already_shared":true,"jetpack_social_options":{"image_generator_settings":{"template":"highway","default_image_id":0,"font":"","enabled":false},"version":2},"_wpas_customize_per_network":false},"categories":[5],"tags":[],"class_list":["post-195445","post","type-post","status-publish","format-standard","has-post-thumbnail","hentry","category-politica","generate-columns","tablet-grid-50","mobile-grid-100","grid-parent","grid-50"],"jetpack_publicize_connections":[],"jetpack_featured_media_url":"https:\/\/www.hoymercedes.com.ar\/principal\/wp-content\/uploads\/2026\/05\/image.png","wps_subtitle":"","jetpack_sharing_enabled":true,"_links":{"self":[{"href":"https:\/\/www.hoymercedes.com.ar\/principal\/wp-json\/wp\/v2\/posts\/195445","targetHints":{"allow":["GET"]}}],"collection":[{"href":"https:\/\/www.hoymercedes.com.ar\/principal\/wp-json\/wp\/v2\/posts"}],"about":[{"href":"https:\/\/www.hoymercedes.com.ar\/principal\/wp-json\/wp\/v2\/types\/post"}],"author":[{"embeddable":true,"href":"https:\/\/www.hoymercedes.com.ar\/principal\/wp-json\/wp\/v2\/users\/1"}],"replies":[{"embeddable":true,"href":"https:\/\/www.hoymercedes.com.ar\/principal\/wp-json\/wp\/v2\/comments?post=195445"}],"version-history":[{"count":1,"href":"https:\/\/www.hoymercedes.com.ar\/principal\/wp-json\/wp\/v2\/posts\/195445\/revisions"}],"predecessor-version":[{"id":195447,"href":"https:\/\/www.hoymercedes.com.ar\/principal\/wp-json\/wp\/v2\/posts\/195445\/revisions\/195447"}],"wp:featuredmedia":[{"embeddable":true,"href":"https:\/\/www.hoymercedes.com.ar\/principal\/wp-json\/wp\/v2\/media\/195446"}],"wp:attachment":[{"href":"https:\/\/www.hoymercedes.com.ar\/principal\/wp-json\/wp\/v2\/media?parent=195445"}],"wp:term":[{"taxonomy":"category","embeddable":true,"href":"https:\/\/www.hoymercedes.com.ar\/principal\/wp-json\/wp\/v2\/categories?post=195445"},{"taxonomy":"post_tag","embeddable":true,"href":"https:\/\/www.hoymercedes.com.ar\/principal\/wp-json\/wp\/v2\/tags?post=195445"}],"curies":[{"name":"wp","href":"https:\/\/api.w.org\/{rel}","templated":true}]}}