{"id":195463,"date":"2026-05-03T08:09:00","date_gmt":"2026-05-03T11:09:00","guid":{"rendered":"https:\/\/www.hoymercedes.com.ar\/principal\/?p=195463"},"modified":"2026-05-01T19:09:57","modified_gmt":"2026-05-01T22:09:57","slug":"referentes-de-la-libertad-avanza-de-mercedes-estuvieron-presentes-en-el-informe-de-adorni-ante-diputados","status":"publish","type":"post","link":"https:\/\/www.hoymercedes.com.ar\/principal\/2026\/05\/03\/referentes-de-la-libertad-avanza-de-mercedes-estuvieron-presentes-en-el-informe-de-adorni-ante-diputados\/","title":{"rendered":"Referentes de La Libertad Avanza de Mercedes estuvieron presentes en el informe de Adorni ante Diputados"},"content":{"rendered":"\n<figure class=\"wp-block-image size-full\"><img loading=\"lazy\" decoding=\"async\" width=\"707\" height=\"504\" data-attachment-id=\"195464\" data-permalink=\"https:\/\/www.hoymercedes.com.ar\/principal\/2026\/05\/03\/referentes-de-la-libertad-avanza-de-mercedes-estuvieron-presentes-en-el-informe-de-adorni-ante-diputados\/image-469\/#main\" data-orig-file=\"https:\/\/www.hoymercedes.com.ar\/principal\/wp-content\/uploads\/2026\/05\/image-3.png\" data-orig-size=\"707,504\" data-comments-opened=\"0\" data-image-meta=\"{&quot;aperture&quot;:&quot;0&quot;,&quot;credit&quot;:&quot;&quot;,&quot;camera&quot;:&quot;&quot;,&quot;caption&quot;:&quot;&quot;,&quot;created_timestamp&quot;:&quot;0&quot;,&quot;copyright&quot;:&quot;&quot;,&quot;focal_length&quot;:&quot;0&quot;,&quot;iso&quot;:&quot;0&quot;,&quot;shutter_speed&quot;:&quot;0&quot;,&quot;title&quot;:&quot;&quot;,&quot;orientation&quot;:&quot;0&quot;}\" data-image-title=\"image\" data-image-description=\"\" data-image-caption=\"\" data-large-file=\"https:\/\/www.hoymercedes.com.ar\/principal\/wp-content\/uploads\/2026\/05\/image-3.png\" src=\"https:\/\/www.hoymercedes.com.ar\/principal\/wp-content\/uploads\/2026\/05\/image-3.png\" alt=\"\" class=\"wp-image-195464\" srcset=\"https:\/\/www.hoymercedes.com.ar\/principal\/wp-content\/uploads\/2026\/05\/image-3.png 707w, https:\/\/www.hoymercedes.com.ar\/principal\/wp-content\/uploads\/2026\/05\/image-3-630x449.png 630w, https:\/\/www.hoymercedes.com.ar\/principal\/wp-content\/uploads\/2026\/05\/image-3-150x107.png 150w\" sizes=\"auto, (max-width: 707px) 100vw, 707px\" \/><\/figure>\n\n\n\n<p>El jefe de Gabinete de Ministros, Manuel Adorni, se present\u00f3 ante la C\u00e1mara de Diputados para cumplir con su obligaci\u00f3n constitucional de informar sobre la marcha del Gobierno, en una jornada de alta tensi\u00f3n pol\u00edtica en el Congreso de la Naci\u00f3n.<\/p>\n\n\n\n<p>La delegaci\u00f3n mercedina del espacio La Libertad Avanza (LLA) estuvo representada por el coordinador local Rafael Velasquez y el concejal Marcos Vergara, quienes se sumaron a un bloque de apoyo que incluy\u00f3 a figuras como la Secretaria General de la Presidencia Karina Milei, el diputado provincial Sebasti\u00e1n Pareja y el senador Luciano Olivera.<\/p>\n\n\n\n<p>El informe de Adorni gir\u00f3 en torno a los ejes de transparencia y orden como pilares de la gesti\u00f3n. Desde el espacio libertario mercedino indicaron que la presencia en el recinto busc\u00f3 \u00abfortalecer el compromiso con el proyecto de libertad\u00bb y mostrar unidad entre los cuadros municipales y la conducci\u00f3n nacional.<\/p>\n\n\n\n<p>Fuentes del espacio remarcaron que el acompa\u00f1amiento reafirma el alineamiento directo con la Casa Rosada y el objetivo de consolidar el despliegue territorial de LLA en la provincia de Buenos Aires de cara a los desaf\u00edos legislativos del a\u00f1o.<\/p>\n","protected":false},"excerpt":{"rendered":"<p>El jefe de Gabinete de Ministros, Manuel Adorni, se present\u00f3 ante la C\u00e1mara de Diputados para cumplir con su obligaci\u00f3n &#8230; <a title=\"Referentes de La Libertad Avanza de Mercedes estuvieron presentes en el informe de Adorni ante Diputados\" class=\"read-more\" href=\"https:\/\/www.hoymercedes.com.ar\/principal\/2026\/05\/03\/referentes-de-la-libertad-avanza-de-mercedes-estuvieron-presentes-en-el-informe-de-adorni-ante-diputados\/\" aria-label=\"Leer m\u00e1s sobre Referentes de La Libertad Avanza de Mercedes estuvieron presentes en el informe de Adorni ante Diputados\">Leer m\u00e1s<\/a><\/p>\n","protected":false},"author":1,"featured_media":195464,"comment_status":"closed","ping_status":"open","sticky":false,"template":"","format":"standard","meta":{"_monsterinsights_skip_tracking":false,"_monsterinsights_sitenote_active":false,"_monsterinsights_sitenote_note":"","_monsterinsights_sitenote_category":0,"jetpack_post_was_ever_published":false,"_jetpack_newsletter_access":"","_jetpack_dont_email_post_to_subs":false,"_jetpack_newsletter_tier_id":0,"_jetpack_memberships_contains_paywalled_content":false,"_jetpack_memberships_contains_paid_content":false,"footnotes":"","jetpack_publicize_message":"","jetpack_publicize_feature_enabled":true,"jetpack_social_post_already_shared":true,"jetpack_social_options":{"image_generator_settings":{"template":"highway","default_image_id":0,"font":"","enabled":false},"version":2},"_wpas_customize_per_network":false},"categories":[5],"tags":[],"class_list":["post-195463","post","type-post","status-publish","format-standard","has-post-thumbnail","hentry","category-politica","generate-columns","tablet-grid-50","mobile-grid-100","grid-parent","grid-50"],"jetpack_publicize_connections":[],"jetpack_featured_media_url":"https:\/\/www.hoymercedes.com.ar\/principal\/wp-content\/uploads\/2026\/05\/image-3.png","wps_subtitle":"","jetpack_sharing_enabled":true,"_links":{"self":[{"href":"https:\/\/www.hoymercedes.com.ar\/principal\/wp-json\/wp\/v2\/posts\/195463","targetHints":{"allow":["GET"]}}],"collection":[{"href":"https:\/\/www.hoymercedes.com.ar\/principal\/wp-json\/wp\/v2\/posts"}],"about":[{"href":"https:\/\/www.hoymercedes.com.ar\/principal\/wp-json\/wp\/v2\/types\/post"}],"author":[{"embeddable":true,"href":"https:\/\/www.hoymercedes.com.ar\/principal\/wp-json\/wp\/v2\/users\/1"}],"replies":[{"embeddable":true,"href":"https:\/\/www.hoymercedes.com.ar\/principal\/wp-json\/wp\/v2\/comments?post=195463"}],"version-history":[{"count":1,"href":"https:\/\/www.hoymercedes.com.ar\/principal\/wp-json\/wp\/v2\/posts\/195463\/revisions"}],"predecessor-version":[{"id":195465,"href":"https:\/\/www.hoymercedes.com.ar\/principal\/wp-json\/wp\/v2\/posts\/195463\/revisions\/195465"}],"wp:featuredmedia":[{"embeddable":true,"href":"https:\/\/www.hoymercedes.com.ar\/principal\/wp-json\/wp\/v2\/media\/195464"}],"wp:attachment":[{"href":"https:\/\/www.hoymercedes.com.ar\/principal\/wp-json\/wp\/v2\/media?parent=195463"}],"wp:term":[{"taxonomy":"category","embeddable":true,"href":"https:\/\/www.hoymercedes.com.ar\/principal\/wp-json\/wp\/v2\/categories?post=195463"},{"taxonomy":"post_tag","embeddable":true,"href":"https:\/\/www.hoymercedes.com.ar\/principal\/wp-json\/wp\/v2\/tags?post=195463"}],"curies":[{"name":"wp","href":"https:\/\/api.w.org\/{rel}","templated":true}]}}