{"id":195467,"date":"2026-05-01T19:17:48","date_gmt":"2026-05-01T22:17:48","guid":{"rendered":"https:\/\/www.hoymercedes.com.ar\/principal\/?p=195467"},"modified":"2026-05-01T19:17:51","modified_gmt":"2026-05-01T22:17:51","slug":"asaltaron-a-un-motociclista-en-la-autovia-5-robaron-la-moto-la-campera-y-el-casco","status":"publish","type":"post","link":"https:\/\/www.hoymercedes.com.ar\/principal\/2026\/05\/01\/asaltaron-a-un-motociclista-en-la-autovia-5-robaron-la-moto-la-campera-y-el-casco\/","title":{"rendered":"Asaltaron a un motociclista en la Autov\u00eda 5: robaron la moto, la campera y el casco"},"content":{"rendered":"\n<figure class=\"wp-block-image size-full\"><img loading=\"lazy\" decoding=\"async\" width=\"590\" height=\"433\" data-attachment-id=\"195468\" data-permalink=\"https:\/\/www.hoymercedes.com.ar\/principal\/2026\/05\/01\/asaltaron-a-un-motociclista-en-la-autovia-5-robaron-la-moto-la-campera-y-el-casco\/image-470\/#main\" data-orig-file=\"https:\/\/www.hoymercedes.com.ar\/principal\/wp-content\/uploads\/2026\/05\/image-4.png\" data-orig-size=\"590,433\" data-comments-opened=\"0\" data-image-meta=\"{&quot;aperture&quot;:&quot;0&quot;,&quot;credit&quot;:&quot;&quot;,&quot;camera&quot;:&quot;&quot;,&quot;caption&quot;:&quot;&quot;,&quot;created_timestamp&quot;:&quot;0&quot;,&quot;copyright&quot;:&quot;&quot;,&quot;focal_length&quot;:&quot;0&quot;,&quot;iso&quot;:&quot;0&quot;,&quot;shutter_speed&quot;:&quot;0&quot;,&quot;title&quot;:&quot;&quot;,&quot;orientation&quot;:&quot;0&quot;}\" data-image-title=\"image\" data-image-description=\"\" data-image-caption=\"\" data-large-file=\"https:\/\/www.hoymercedes.com.ar\/principal\/wp-content\/uploads\/2026\/05\/image-4.png\" src=\"https:\/\/www.hoymercedes.com.ar\/principal\/wp-content\/uploads\/2026\/05\/image-4.png\" alt=\"\" class=\"wp-image-195468\" srcset=\"https:\/\/www.hoymercedes.com.ar\/principal\/wp-content\/uploads\/2026\/05\/image-4.png 590w, https:\/\/www.hoymercedes.com.ar\/principal\/wp-content\/uploads\/2026\/05\/image-4-150x110.png 150w\" sizes=\"auto, (max-width: 590px) 100vw, 590px\" \/><\/figure>\n\n\n\n<p>Con informaci\u00f3n de El Civismo. Un violento robo bajo la modalidad de \u00abmotochorros\u00bb se registr\u00f3 el viernes al mediod\u00eda en la Autov\u00eda 5, en un tramo ubicado entre Luj\u00e1n y J\u00e1uregui, generando alarma entre los conductores que habitualmente transitan por esa v\u00eda.<\/p>\n\n\n\n<p>La v\u00edctima, conocida como \u00abPato\u00bb, oriunda de Tigre, viajaba junto a tres amigos en moto con destino a Chivilcoy. En un momento del trayecto qued\u00f3 moment\u00e1neamente solo, situaci\u00f3n que fue aprovechada por dos delincuentes que lo ven\u00edan siguiendo.<\/p>\n\n\n\n<p>Los asaltantes se acercaron a su Honda XR 250 cc, lo obligaron a bajar del rodado y, bajo amenaza de armas de fuego, le sustrajeron la moto, la campera y el casco. \u00abSe me pegaron a la moto, me hicieron bajar, me sacaron la campera a tirones\u00bb, relat\u00f3 la v\u00edctima. Tras el robo, los delincuentes escaparon en contramano en direcci\u00f3n a Luj\u00e1n.<\/p>\n\n\n\n<p>\u00abPato\u00bb fue auxiliado por una pareja que circulaba en autom\u00f3vil y pudo radicar la denuncia en la Comisar\u00eda Luj\u00e1n Segunda, donde se inici\u00f3 la investigaci\u00f3n correspondiente.<\/p>\n\n\n\n<p>En paralelo, un segundo robo tom\u00f3 estado p\u00fablico a trav\u00e9s de redes sociales. Un vecino de Olivera denunci\u00f3 el robo de su moto sobre la Ruta Provincial 47, tambi\u00e9n a plena luz del d\u00eda y perpetrado por dos personas en moto. El rodado sustra\u00eddo era una Honda de color azul, y el damnificado ofreci\u00f3 una recompensa por informaci\u00f3n.<\/p>\n\n\n\n<p>La similitud entre ambos casos \u2014 misma modalidad, zona cercana y tipo de veh\u00edculo utilizado por los delincuentes \u2014 encendi\u00f3 las alarmas y puso el foco en una posible banda organizada que opera en la regi\u00f3n.<\/p>\n","protected":false},"excerpt":{"rendered":"<p>Con informaci\u00f3n de El Civismo. Un violento robo bajo la modalidad de \u00abmotochorros\u00bb se registr\u00f3 el viernes al mediod\u00eda en &#8230; <a title=\"Asaltaron a un motociclista en la Autov\u00eda 5: robaron la moto, la campera y el casco\" class=\"read-more\" href=\"https:\/\/www.hoymercedes.com.ar\/principal\/2026\/05\/01\/asaltaron-a-un-motociclista-en-la-autovia-5-robaron-la-moto-la-campera-y-el-casco\/\" aria-label=\"Leer m\u00e1s sobre Asaltaron a un motociclista en la Autov\u00eda 5: robaron la moto, la campera y el casco\">Leer m\u00e1s<\/a><\/p>\n","protected":false},"author":1,"featured_media":195468,"comment_status":"closed","ping_status":"open","sticky":false,"template":"","format":"standard","meta":{"_monsterinsights_skip_tracking":false,"_monsterinsights_sitenote_active":false,"_monsterinsights_sitenote_note":"","_monsterinsights_sitenote_category":0,"jetpack_post_was_ever_published":false,"_jetpack_newsletter_access":"","_jetpack_dont_email_post_to_subs":false,"_jetpack_newsletter_tier_id":0,"_jetpack_memberships_contains_paywalled_content":false,"_jetpack_memberships_contains_paid_content":false,"footnotes":"","jetpack_publicize_message":"","jetpack_publicize_feature_enabled":true,"jetpack_social_post_already_shared":true,"jetpack_social_options":{"image_generator_settings":{"template":"highway","default_image_id":0,"font":"","enabled":false},"version":2},"_wpas_customize_per_network":false},"categories":[5],"tags":[],"class_list":["post-195467","post","type-post","status-publish","format-standard","has-post-thumbnail","hentry","category-politica","generate-columns","tablet-grid-50","mobile-grid-100","grid-parent","grid-50"],"jetpack_publicize_connections":[],"jetpack_featured_media_url":"https:\/\/www.hoymercedes.com.ar\/principal\/wp-content\/uploads\/2026\/05\/image-4.png","wps_subtitle":"","jetpack_sharing_enabled":true,"_links":{"self":[{"href":"https:\/\/www.hoymercedes.com.ar\/principal\/wp-json\/wp\/v2\/posts\/195467","targetHints":{"allow":["GET"]}}],"collection":[{"href":"https:\/\/www.hoymercedes.com.ar\/principal\/wp-json\/wp\/v2\/posts"}],"about":[{"href":"https:\/\/www.hoymercedes.com.ar\/principal\/wp-json\/wp\/v2\/types\/post"}],"author":[{"embeddable":true,"href":"https:\/\/www.hoymercedes.com.ar\/principal\/wp-json\/wp\/v2\/users\/1"}],"replies":[{"embeddable":true,"href":"https:\/\/www.hoymercedes.com.ar\/principal\/wp-json\/wp\/v2\/comments?post=195467"}],"version-history":[{"count":1,"href":"https:\/\/www.hoymercedes.com.ar\/principal\/wp-json\/wp\/v2\/posts\/195467\/revisions"}],"predecessor-version":[{"id":195469,"href":"https:\/\/www.hoymercedes.com.ar\/principal\/wp-json\/wp\/v2\/posts\/195467\/revisions\/195469"}],"wp:featuredmedia":[{"embeddable":true,"href":"https:\/\/www.hoymercedes.com.ar\/principal\/wp-json\/wp\/v2\/media\/195468"}],"wp:attachment":[{"href":"https:\/\/www.hoymercedes.com.ar\/principal\/wp-json\/wp\/v2\/media?parent=195467"}],"wp:term":[{"taxonomy":"category","embeddable":true,"href":"https:\/\/www.hoymercedes.com.ar\/principal\/wp-json\/wp\/v2\/categories?post=195467"},{"taxonomy":"post_tag","embeddable":true,"href":"https:\/\/www.hoymercedes.com.ar\/principal\/wp-json\/wp\/v2\/tags?post=195467"}],"curies":[{"name":"wp","href":"https:\/\/api.w.org\/{rel}","templated":true}]}}