{"id":195472,"date":"2026-05-03T11:22:00","date_gmt":"2026-05-03T14:22:00","guid":{"rendered":"https:\/\/www.hoymercedes.com.ar\/principal\/?p=195472"},"modified":"2026-05-01T19:23:38","modified_gmt":"2026-05-01T22:23:38","slug":"taller-gratuito-de-djing-en-mercedes-para-mujeres-y-personas-lgbtiq-mayores-de-16-anos","status":"publish","type":"post","link":"https:\/\/www.hoymercedes.com.ar\/principal\/2026\/05\/03\/taller-gratuito-de-djing-en-mercedes-para-mujeres-y-personas-lgbtiq-mayores-de-16-anos\/","title":{"rendered":"Taller gratuito de DJing en Mercedes: para mujeres y personas LGBTIQ+ mayores de 16 a\u00f1os"},"content":{"rendered":"\n<figure class=\"wp-block-image size-large\"><img loading=\"lazy\" decoding=\"async\" width=\"1024\" height=\"676\" data-attachment-id=\"195473\" data-permalink=\"https:\/\/www.hoymercedes.com.ar\/principal\/2026\/05\/03\/taller-gratuito-de-djing-en-mercedes-para-mujeres-y-personas-lgbtiq-mayores-de-16-anos\/image-471\/#main\" data-orig-file=\"https:\/\/www.hoymercedes.com.ar\/principal\/wp-content\/uploads\/2026\/05\/image-5.png\" data-orig-size=\"1168,771\" data-comments-opened=\"0\" data-image-meta=\"{&quot;aperture&quot;:&quot;0&quot;,&quot;credit&quot;:&quot;&quot;,&quot;camera&quot;:&quot;&quot;,&quot;caption&quot;:&quot;&quot;,&quot;created_timestamp&quot;:&quot;0&quot;,&quot;copyright&quot;:&quot;&quot;,&quot;focal_length&quot;:&quot;0&quot;,&quot;iso&quot;:&quot;0&quot;,&quot;shutter_speed&quot;:&quot;0&quot;,&quot;title&quot;:&quot;&quot;,&quot;orientation&quot;:&quot;0&quot;}\" data-image-title=\"image\" data-image-description=\"\" data-image-caption=\"\" data-large-file=\"https:\/\/www.hoymercedes.com.ar\/principal\/wp-content\/uploads\/2026\/05\/image-5-1024x676.png\" src=\"https:\/\/www.hoymercedes.com.ar\/principal\/wp-content\/uploads\/2026\/05\/image-5-1024x676.png\" alt=\"\" class=\"wp-image-195473\" srcset=\"https:\/\/www.hoymercedes.com.ar\/principal\/wp-content\/uploads\/2026\/05\/image-5-1024x676.png 1024w, https:\/\/www.hoymercedes.com.ar\/principal\/wp-content\/uploads\/2026\/05\/image-5-630x416.png 630w, https:\/\/www.hoymercedes.com.ar\/principal\/wp-content\/uploads\/2026\/05\/image-5-150x99.png 150w, https:\/\/www.hoymercedes.com.ar\/principal\/wp-content\/uploads\/2026\/05\/image-5.png 1168w\" sizes=\"auto, (max-width: 1024px) 100vw, 1024px\" \/><\/figure>\n\n\n\n<p>El Centro Cultural La Trocha de Mercedes ser\u00e1 el escenario de una propuesta cultural innovadora: un taller introductorio al mundo del DJing, completamente gratuito y con cupos limitados.<\/p>\n\n\n\n<p>La actividad estar\u00e1 conducida por la DJ Narela Ju\u00e1rez y se desarrollar\u00e1 los lunes 4, 11 y 18 de mayo. Est\u00e1 orientada a mujeres y personas LGBTIQ+ de 16 a\u00f1os en adelante, con el objetivo de acercar esta disciplina art\u00edstica a quienes quieran dar sus primeros pasos en la m\u00fasica electr\u00f3nica y el manejo de bandejas.<\/p>\n\n\n\n<p>La propuesta busca generar un espacio seguro e inclusivo para aprender t\u00e9cnicas de mezcla, selecci\u00f3n musical y manejo de equipos, de la mano de una referente local del \u00e1mbito.<\/p>\n\n\n\n<p>Dado que los cupos son limitados, se recomienda inscribirse con anticipaci\u00f3n.<\/p>\n","protected":false},"excerpt":{"rendered":"<p>El Centro Cultural La Trocha de Mercedes ser\u00e1 el escenario de una propuesta cultural innovadora: un taller introductorio al mundo &#8230; <a title=\"Taller gratuito de DJing en Mercedes: para mujeres y personas LGBTIQ+ mayores de 16 a\u00f1os\" class=\"read-more\" href=\"https:\/\/www.hoymercedes.com.ar\/principal\/2026\/05\/03\/taller-gratuito-de-djing-en-mercedes-para-mujeres-y-personas-lgbtiq-mayores-de-16-anos\/\" aria-label=\"Leer m\u00e1s sobre Taller gratuito de DJing en Mercedes: para mujeres y personas LGBTIQ+ mayores de 16 a\u00f1os\">Leer m\u00e1s<\/a><\/p>\n","protected":false},"author":1,"featured_media":195473,"comment_status":"closed","ping_status":"open","sticky":false,"template":"","format":"standard","meta":{"_monsterinsights_skip_tracking":false,"_monsterinsights_sitenote_active":false,"_monsterinsights_sitenote_note":"","_monsterinsights_sitenote_category":0,"jetpack_post_was_ever_published":false,"_jetpack_newsletter_access":"","_jetpack_dont_email_post_to_subs":false,"_jetpack_newsletter_tier_id":0,"_jetpack_memberships_contains_paywalled_content":false,"_jetpack_memberships_contains_paid_content":false,"footnotes":"","jetpack_publicize_message":"","jetpack_publicize_feature_enabled":true,"jetpack_social_post_already_shared":true,"jetpack_social_options":{"image_generator_settings":{"template":"highway","default_image_id":0,"font":"","enabled":false},"version":2},"_wpas_customize_per_network":false},"categories":[104],"tags":[],"class_list":["post-195472","post","type-post","status-publish","format-standard","has-post-thumbnail","hentry","category-cultura","generate-columns","tablet-grid-50","mobile-grid-100","grid-parent","grid-50"],"jetpack_publicize_connections":[],"jetpack_featured_media_url":"https:\/\/www.hoymercedes.com.ar\/principal\/wp-content\/uploads\/2026\/05\/image-5.png","wps_subtitle":"","jetpack_sharing_enabled":true,"_links":{"self":[{"href":"https:\/\/www.hoymercedes.com.ar\/principal\/wp-json\/wp\/v2\/posts\/195472","targetHints":{"allow":["GET"]}}],"collection":[{"href":"https:\/\/www.hoymercedes.com.ar\/principal\/wp-json\/wp\/v2\/posts"}],"about":[{"href":"https:\/\/www.hoymercedes.com.ar\/principal\/wp-json\/wp\/v2\/types\/post"}],"author":[{"embeddable":true,"href":"https:\/\/www.hoymercedes.com.ar\/principal\/wp-json\/wp\/v2\/users\/1"}],"replies":[{"embeddable":true,"href":"https:\/\/www.hoymercedes.com.ar\/principal\/wp-json\/wp\/v2\/comments?post=195472"}],"version-history":[{"count":1,"href":"https:\/\/www.hoymercedes.com.ar\/principal\/wp-json\/wp\/v2\/posts\/195472\/revisions"}],"predecessor-version":[{"id":195474,"href":"https:\/\/www.hoymercedes.com.ar\/principal\/wp-json\/wp\/v2\/posts\/195472\/revisions\/195474"}],"wp:featuredmedia":[{"embeddable":true,"href":"https:\/\/www.hoymercedes.com.ar\/principal\/wp-json\/wp\/v2\/media\/195473"}],"wp:attachment":[{"href":"https:\/\/www.hoymercedes.com.ar\/principal\/wp-json\/wp\/v2\/media?parent=195472"}],"wp:term":[{"taxonomy":"category","embeddable":true,"href":"https:\/\/www.hoymercedes.com.ar\/principal\/wp-json\/wp\/v2\/categories?post=195472"},{"taxonomy":"post_tag","embeddable":true,"href":"https:\/\/www.hoymercedes.com.ar\/principal\/wp-json\/wp\/v2\/tags?post=195472"}],"curies":[{"name":"wp","href":"https:\/\/api.w.org\/{rel}","templated":true}]}}