{"id":195475,"date":"2026-05-03T12:25:00","date_gmt":"2026-05-03T15:25:00","guid":{"rendered":"https:\/\/www.hoymercedes.com.ar\/principal\/?p=195475"},"modified":"2026-05-01T19:33:07","modified_gmt":"2026-05-01T22:33:07","slug":"vecinos-autoconvocados-advierten-sobre-la-nueva-licitacion-de-la-ruta-5-primero-cobran-y-despues-con-suerte-hacen-las-obras","status":"publish","type":"post","link":"https:\/\/www.hoymercedes.com.ar\/principal\/2026\/05\/03\/vecinos-autoconvocados-advierten-sobre-la-nueva-licitacion-de-la-ruta-5-primero-cobran-y-despues-con-suerte-hacen-las-obras\/","title":{"rendered":"Vecinos autoconvocados advierten sobre la nueva licitaci\u00f3n de la Ruta 5: \u00abPrimero cobran y despu\u00e9s, con suerte, hacen las obras\u00bb"},"content":{"rendered":"\n<figure class=\"wp-block-image size-full\"><img loading=\"lazy\" decoding=\"async\" width=\"750\" height=\"483\" data-attachment-id=\"195476\" data-permalink=\"https:\/\/www.hoymercedes.com.ar\/principal\/2026\/05\/03\/vecinos-autoconvocados-advierten-sobre-la-nueva-licitacion-de-la-ruta-5-primero-cobran-y-despues-con-suerte-hacen-las-obras\/image-472\/#main\" data-orig-file=\"https:\/\/www.hoymercedes.com.ar\/principal\/wp-content\/uploads\/2026\/05\/image-6.png\" data-orig-size=\"750,483\" data-comments-opened=\"0\" data-image-meta=\"{&quot;aperture&quot;:&quot;0&quot;,&quot;credit&quot;:&quot;&quot;,&quot;camera&quot;:&quot;&quot;,&quot;caption&quot;:&quot;&quot;,&quot;created_timestamp&quot;:&quot;0&quot;,&quot;copyright&quot;:&quot;&quot;,&quot;focal_length&quot;:&quot;0&quot;,&quot;iso&quot;:&quot;0&quot;,&quot;shutter_speed&quot;:&quot;0&quot;,&quot;title&quot;:&quot;&quot;,&quot;orientation&quot;:&quot;0&quot;}\" data-image-title=\"image\" data-image-description=\"\" data-image-caption=\"\" data-large-file=\"https:\/\/www.hoymercedes.com.ar\/principal\/wp-content\/uploads\/2026\/05\/image-6.png\" src=\"https:\/\/www.hoymercedes.com.ar\/principal\/wp-content\/uploads\/2026\/05\/image-6.png\" alt=\"\" class=\"wp-image-195476\" srcset=\"https:\/\/www.hoymercedes.com.ar\/principal\/wp-content\/uploads\/2026\/05\/image-6.png 750w, https:\/\/www.hoymercedes.com.ar\/principal\/wp-content\/uploads\/2026\/05\/image-6-630x406.png 630w, https:\/\/www.hoymercedes.com.ar\/principal\/wp-content\/uploads\/2026\/05\/image-6-150x97.png 150w\" sizes=\"auto, (max-width: 750px) 100vw, 750px\" \/><\/figure>\n\n\n\n<p>La reciente licitaci\u00f3n de la Ruta Nacional N\u00b0 5 volvi\u00f3 a encender las alarmas entre quienes la transitan a diario. Carlos Mosso, referente del colectivo \u00abAutov\u00eda Ruta 5 \u00a1Ya!\u00bb, analiz\u00f3 en detalle los puntos m\u00e1s pol\u00e9micos del pliego y advirti\u00f3 que el esquema se repite desde los a\u00f1os &#8217;90.<\/p>\n\n\n\n<p>La empresa ganadora, bajo la lupa<\/p>\n\n\n\n<p>La adjudicaci\u00f3n qued\u00f3 en manos de una firma mendocina de origen familiar que realiz\u00f3 el 99% de sus obras en esa provincia. Mosso record\u00f3 que la empresa atraves\u00f3 un serio traspi\u00e9 financiero en 2020, con cheques sin fondo y pedidos de quiebra, aunque hoy contar\u00eda con el respaldo del Estado nacional. La firma del contrato se espera para entre agosto y septiembre.<\/p>\n\n\n\n<p>El negocio de los peajes<\/p>\n\n\n\n<p>Uno de los aspectos m\u00e1s cuestionados es el esquema tarifario. El pliego establece una tarifa para autom\u00f3viles que ya se estar\u00eda alcanzando incluso antes de que la nueva concesionaria tome el mando. Adem\u00e1s, Mosso denunci\u00f3 una maniobra para sortear la normativa vial: \u00abLa ley exige al menos 80 km entre peajes. Como entre Olivera y Gorostiaga no se cumple, mover\u00edan el peaje de Olivera hacia Luj\u00e1n para encuadrarse en la norma y seguir cobrando\u00bb.<\/p>\n\n\n\n<p>Obras que siguen sin aparecer<\/p>\n\n\n\n<p>Para los autoconvocados, el verdadero problema es lo que el pliego no incluye: las grandes obras de infraestructura que la regi\u00f3n reclama desde hace tres d\u00e9cadas. Entre las ausencias m\u00e1s llamativas figuran la autopista Mercedes-Luj\u00e1n (faltan 8 km), la finalizaci\u00f3n del bypass de Luj\u00e1n y la rehabilitaci\u00f3n de puentes deteriorados.<\/p>\n\n\n\n<p>\u00abLo recaudado apenas alcanza para mantenimiento b\u00e1sico. Para obras importantes es muy dif\u00edcil que alcance sin financiamiento externo\u00bb, explic\u00f3 Mosso, quien propuso como alternativa m\u00e1s viable avanzar con una autov\u00eda, que \u00abcuesta la mitad\u00bb que una autopista.<\/p>\n\n\n\n<p>\u00abTreinta a\u00f1os de promesas incumplidas\u00bb<\/p>\n\n\n\n<p>Mosso cerr\u00f3 la entrevista con un mensaje cargado de escepticismo: la historia de la Ruta 5 es, seg\u00fan \u00e9l, un ciclo que se repite. Primero llegan los peajes. Despu\u00e9s, con suerte, llegan las obras.<\/p>\n","protected":false},"excerpt":{"rendered":"<p>La reciente licitaci\u00f3n de la Ruta Nacional N\u00b0 5 volvi\u00f3 a encender las alarmas entre quienes la transitan a diario. &#8230; <a title=\"Vecinos autoconvocados advierten sobre la nueva licitaci\u00f3n de la Ruta 5: \u00abPrimero cobran y despu\u00e9s, con suerte, hacen las obras\u00bb\" class=\"read-more\" href=\"https:\/\/www.hoymercedes.com.ar\/principal\/2026\/05\/03\/vecinos-autoconvocados-advierten-sobre-la-nueva-licitacion-de-la-ruta-5-primero-cobran-y-despues-con-suerte-hacen-las-obras\/\" aria-label=\"Leer m\u00e1s sobre Vecinos autoconvocados advierten sobre la nueva licitaci\u00f3n de la Ruta 5: \u00abPrimero cobran y despu\u00e9s, con suerte, hacen las obras\u00bb\">Leer m\u00e1s<\/a><\/p>\n","protected":false},"author":1,"featured_media":195476,"comment_status":"closed","ping_status":"open","sticky":false,"template":"","format":"standard","meta":{"_monsterinsights_skip_tracking":false,"_monsterinsights_sitenote_active":false,"_monsterinsights_sitenote_note":"","_monsterinsights_sitenote_category":0,"jetpack_post_was_ever_published":false,"_jetpack_newsletter_access":"","_jetpack_dont_email_post_to_subs":false,"_jetpack_newsletter_tier_id":0,"_jetpack_memberships_contains_paywalled_content":false,"_jetpack_memberships_contains_paid_content":false,"footnotes":"","jetpack_publicize_message":"","jetpack_publicize_feature_enabled":true,"jetpack_social_post_already_shared":true,"jetpack_social_options":{"image_generator_settings":{"template":"highway","default_image_id":0,"font":"","enabled":false},"version":2},"_wpas_customize_per_network":false},"categories":[8],"tags":[],"class_list":["post-195475","post","type-post","status-publish","format-standard","has-post-thumbnail","hentry","category-sociedad","generate-columns","tablet-grid-50","mobile-grid-100","grid-parent","grid-50"],"jetpack_publicize_connections":[],"jetpack_featured_media_url":"https:\/\/www.hoymercedes.com.ar\/principal\/wp-content\/uploads\/2026\/05\/image-6.png","wps_subtitle":"","jetpack_sharing_enabled":true,"_links":{"self":[{"href":"https:\/\/www.hoymercedes.com.ar\/principal\/wp-json\/wp\/v2\/posts\/195475","targetHints":{"allow":["GET"]}}],"collection":[{"href":"https:\/\/www.hoymercedes.com.ar\/principal\/wp-json\/wp\/v2\/posts"}],"about":[{"href":"https:\/\/www.hoymercedes.com.ar\/principal\/wp-json\/wp\/v2\/types\/post"}],"author":[{"embeddable":true,"href":"https:\/\/www.hoymercedes.com.ar\/principal\/wp-json\/wp\/v2\/users\/1"}],"replies":[{"embeddable":true,"href":"https:\/\/www.hoymercedes.com.ar\/principal\/wp-json\/wp\/v2\/comments?post=195475"}],"version-history":[{"count":1,"href":"https:\/\/www.hoymercedes.com.ar\/principal\/wp-json\/wp\/v2\/posts\/195475\/revisions"}],"predecessor-version":[{"id":195477,"href":"https:\/\/www.hoymercedes.com.ar\/principal\/wp-json\/wp\/v2\/posts\/195475\/revisions\/195477"}],"wp:featuredmedia":[{"embeddable":true,"href":"https:\/\/www.hoymercedes.com.ar\/principal\/wp-json\/wp\/v2\/media\/195476"}],"wp:attachment":[{"href":"https:\/\/www.hoymercedes.com.ar\/principal\/wp-json\/wp\/v2\/media?parent=195475"}],"wp:term":[{"taxonomy":"category","embeddable":true,"href":"https:\/\/www.hoymercedes.com.ar\/principal\/wp-json\/wp\/v2\/categories?post=195475"},{"taxonomy":"post_tag","embeddable":true,"href":"https:\/\/www.hoymercedes.com.ar\/principal\/wp-json\/wp\/v2\/tags?post=195475"}],"curies":[{"name":"wp","href":"https:\/\/api.w.org\/{rel}","templated":true}]}}