{"id":195478,"date":"2026-05-01T19:36:07","date_gmt":"2026-05-01T22:36:07","guid":{"rendered":"https:\/\/www.hoymercedes.com.ar\/principal\/?p=195478"},"modified":"2026-05-01T19:36:09","modified_gmt":"2026-05-01T22:36:09","slug":"este-sabado-mercedes-sera-sede-del-5o-torneo-de-kickboxing-full-contact","status":"publish","type":"post","link":"https:\/\/www.hoymercedes.com.ar\/principal\/2026\/05\/01\/este-sabado-mercedes-sera-sede-del-5o-torneo-de-kickboxing-full-contact\/","title":{"rendered":"Este s\u00e1bado Mercedes ser\u00e1 sede del 5\u00ba Torneo de Kickboxing \u2013 Full Contact"},"content":{"rendered":"\n<figure class=\"wp-block-image size-full\"><img loading=\"lazy\" decoding=\"async\" width=\"1024\" height=\"682\" data-attachment-id=\"195479\" data-permalink=\"https:\/\/www.hoymercedes.com.ar\/principal\/2026\/05\/01\/este-sabado-mercedes-sera-sede-del-5o-torneo-de-kickboxing-full-contact\/image-473\/#main\" data-orig-file=\"https:\/\/www.hoymercedes.com.ar\/principal\/wp-content\/uploads\/2026\/05\/image-7.png\" data-orig-size=\"1024,682\" data-comments-opened=\"0\" data-image-meta=\"{&quot;aperture&quot;:&quot;0&quot;,&quot;credit&quot;:&quot;&quot;,&quot;camera&quot;:&quot;&quot;,&quot;caption&quot;:&quot;&quot;,&quot;created_timestamp&quot;:&quot;0&quot;,&quot;copyright&quot;:&quot;&quot;,&quot;focal_length&quot;:&quot;0&quot;,&quot;iso&quot;:&quot;0&quot;,&quot;shutter_speed&quot;:&quot;0&quot;,&quot;title&quot;:&quot;&quot;,&quot;orientation&quot;:&quot;0&quot;}\" data-image-title=\"image\" data-image-description=\"\" data-image-caption=\"\" data-large-file=\"https:\/\/www.hoymercedes.com.ar\/principal\/wp-content\/uploads\/2026\/05\/image-7.png\" src=\"https:\/\/www.hoymercedes.com.ar\/principal\/wp-content\/uploads\/2026\/05\/image-7.png\" alt=\"\" class=\"wp-image-195479\" srcset=\"https:\/\/www.hoymercedes.com.ar\/principal\/wp-content\/uploads\/2026\/05\/image-7.png 1024w, https:\/\/www.hoymercedes.com.ar\/principal\/wp-content\/uploads\/2026\/05\/image-7-630x420.png 630w, https:\/\/www.hoymercedes.com.ar\/principal\/wp-content\/uploads\/2026\/05\/image-7-150x100.png 150w\" sizes=\"auto, (max-width: 1024px) 100vw, 1024px\" \/><\/figure>\n\n\n\n<p>Este s\u00e1bado 2 de mayo desde las 12:00 horas, el Polideportivo Mart\u00edn Rodr\u00edguez (calle 6 y 9) ser\u00e1 el escenario de uno de los eventos deportivos de contacto m\u00e1s importantes del a\u00f1o para la ciudad.<\/p>\n\n\n\n<p>El 5\u00ba Torneo de Kickboxing \u2013 Full Contact, organizado por el instructor Juan Daniel L\u00f3pez del Simios Team, reunir\u00e1 a delegaciones de distintas ciudades y provincias, con competidores que llegar\u00e1n desde lugares tan lejanos como Santa Cruz. A nivel local, se esperan alrededor de 35 participantes mercedinos que compiten tanto en exhibiciones como en combates.<\/p>\n\n\n\n<p>Disciplinas y categor\u00edas<\/p>\n\n\n\n<p>El evento est\u00e1 avalado por la World Kickboxing Federation (W.K.F.) e incluir\u00e1:<\/p>\n\n\n\n<p>\u2022Kickboxing y Full Contact\u2022Boxeo\u2022K1\u2022Niveles: Semi Pro, Amateur y Exhibici\u00f3n<\/p>\n\n\n\n<p>Entradas y consultas<\/p>\n\n\n\n<p>El evento es abierto a toda la comunidad y contar\u00e1 con servicio de cantina durante toda la jornada. Los precios son:<\/p>\n\n\n\n<p>\u2022Entrada anticipada: $8.000\u2022En puerta: $10.000<\/p>\n\n\n\n<p>Para consultas, la organizaci\u00f3n dispuso el tel\u00e9fono 2324-504111.<\/p>\n\n\n\n<p>Una oportunidad ideal para acompa\u00f1ar a los atletas locales y disfrutar de una jornada intensa de deportes de contacto. \u00a1A alentar al Team Simios! \ud83e\udd4a<\/p>\n","protected":false},"excerpt":{"rendered":"<p>Este s\u00e1bado 2 de mayo desde las 12:00 horas, el Polideportivo Mart\u00edn Rodr\u00edguez (calle 6 y 9) ser\u00e1 el escenario &#8230; <a title=\"Este s\u00e1bado Mercedes ser\u00e1 sede del 5\u00ba Torneo de Kickboxing \u2013 Full Contact\" class=\"read-more\" href=\"https:\/\/www.hoymercedes.com.ar\/principal\/2026\/05\/01\/este-sabado-mercedes-sera-sede-del-5o-torneo-de-kickboxing-full-contact\/\" aria-label=\"Leer m\u00e1s sobre Este s\u00e1bado Mercedes ser\u00e1 sede del 5\u00ba Torneo de Kickboxing \u2013 Full Contact\">Leer m\u00e1s<\/a><\/p>\n","protected":false},"author":1,"featured_media":195479,"comment_status":"closed","ping_status":"open","sticky":false,"template":"","format":"standard","meta":{"_monsterinsights_skip_tracking":false,"_monsterinsights_sitenote_active":false,"_monsterinsights_sitenote_note":"","_monsterinsights_sitenote_category":0,"jetpack_post_was_ever_published":false,"_jetpack_newsletter_access":"","_jetpack_dont_email_post_to_subs":false,"_jetpack_newsletter_tier_id":0,"_jetpack_memberships_contains_paywalled_content":false,"_jetpack_memberships_contains_paid_content":false,"footnotes":"","jetpack_publicize_message":"","jetpack_publicize_feature_enabled":true,"jetpack_social_post_already_shared":true,"jetpack_social_options":{"image_generator_settings":{"template":"highway","default_image_id":0,"font":"","enabled":false},"version":2},"_wpas_customize_per_network":false},"categories":[21],"tags":[],"class_list":["post-195478","post","type-post","status-publish","format-standard","has-post-thumbnail","hentry","category-deportes","generate-columns","tablet-grid-50","mobile-grid-100","grid-parent","grid-50"],"jetpack_publicize_connections":[],"jetpack_featured_media_url":"https:\/\/www.hoymercedes.com.ar\/principal\/wp-content\/uploads\/2026\/05\/image-7.png","wps_subtitle":"","jetpack_sharing_enabled":true,"_links":{"self":[{"href":"https:\/\/www.hoymercedes.com.ar\/principal\/wp-json\/wp\/v2\/posts\/195478","targetHints":{"allow":["GET"]}}],"collection":[{"href":"https:\/\/www.hoymercedes.com.ar\/principal\/wp-json\/wp\/v2\/posts"}],"about":[{"href":"https:\/\/www.hoymercedes.com.ar\/principal\/wp-json\/wp\/v2\/types\/post"}],"author":[{"embeddable":true,"href":"https:\/\/www.hoymercedes.com.ar\/principal\/wp-json\/wp\/v2\/users\/1"}],"replies":[{"embeddable":true,"href":"https:\/\/www.hoymercedes.com.ar\/principal\/wp-json\/wp\/v2\/comments?post=195478"}],"version-history":[{"count":1,"href":"https:\/\/www.hoymercedes.com.ar\/principal\/wp-json\/wp\/v2\/posts\/195478\/revisions"}],"predecessor-version":[{"id":195480,"href":"https:\/\/www.hoymercedes.com.ar\/principal\/wp-json\/wp\/v2\/posts\/195478\/revisions\/195480"}],"wp:featuredmedia":[{"embeddable":true,"href":"https:\/\/www.hoymercedes.com.ar\/principal\/wp-json\/wp\/v2\/media\/195479"}],"wp:attachment":[{"href":"https:\/\/www.hoymercedes.com.ar\/principal\/wp-json\/wp\/v2\/media?parent=195478"}],"wp:term":[{"taxonomy":"category","embeddable":true,"href":"https:\/\/www.hoymercedes.com.ar\/principal\/wp-json\/wp\/v2\/categories?post=195478"},{"taxonomy":"post_tag","embeddable":true,"href":"https:\/\/www.hoymercedes.com.ar\/principal\/wp-json\/wp\/v2\/tags?post=195478"}],"curies":[{"name":"wp","href":"https:\/\/api.w.org\/{rel}","templated":true}]}}