{"id":195499,"date":"2026-05-03T11:10:00","date_gmt":"2026-05-03T14:10:00","guid":{"rendered":"https:\/\/www.hoymercedes.com.ar\/principal\/?p=195499"},"modified":"2026-05-01T20:12:38","modified_gmt":"2026-05-01T23:12:38","slug":"club-mercedes-recibira-a-juventud-unida-a-puertas-cerradas-este-domingo","status":"publish","type":"post","link":"https:\/\/www.hoymercedes.com.ar\/principal\/2026\/05\/03\/club-mercedes-recibira-a-juventud-unida-a-puertas-cerradas-este-domingo\/","title":{"rendered":"Club Mercedes recibir\u00e1 a Juventud Unida a puertas cerradas este domingo"},"content":{"rendered":"\n<figure class=\"wp-block-image size-full\"><img loading=\"lazy\" decoding=\"async\" width=\"642\" height=\"642\" data-attachment-id=\"193672\" data-permalink=\"https:\/\/www.hoymercedes.com.ar\/principal\/club-mercedes-amefip-2\/\" data-orig-file=\"https:\/\/www.hoymercedes.com.ar\/principal\/wp-content\/uploads\/2026\/03\/Club-Mercedes-AMEFIP-edited.png\" data-orig-size=\"642,642\" data-comments-opened=\"0\" data-image-meta=\"{&quot;aperture&quot;:&quot;0&quot;,&quot;credit&quot;:&quot;&quot;,&quot;camera&quot;:&quot;&quot;,&quot;caption&quot;:&quot;&quot;,&quot;created_timestamp&quot;:&quot;0&quot;,&quot;copyright&quot;:&quot;&quot;,&quot;focal_length&quot;:&quot;0&quot;,&quot;iso&quot;:&quot;0&quot;,&quot;shutter_speed&quot;:&quot;0&quot;,&quot;title&quot;:&quot;&quot;,&quot;orientation&quot;:&quot;0&quot;}\" data-image-title=\"Club Mercedes AMEFIP\" data-image-description=\"\" data-image-caption=\"\" data-large-file=\"https:\/\/www.hoymercedes.com.ar\/principal\/wp-content\/uploads\/2026\/03\/Club-Mercedes-AMEFIP-edited.png\" src=\"https:\/\/www.hoymercedes.com.ar\/principal\/wp-content\/uploads\/2026\/03\/Club-Mercedes-AMEFIP-edited.png\" alt=\"\" class=\"wp-image-193672\" srcset=\"https:\/\/www.hoymercedes.com.ar\/principal\/wp-content\/uploads\/2026\/03\/Club-Mercedes-AMEFIP-edited.png 642w, https:\/\/www.hoymercedes.com.ar\/principal\/wp-content\/uploads\/2026\/03\/Club-Mercedes-AMEFIP-edited-620x620.png 620w, https:\/\/www.hoymercedes.com.ar\/principal\/wp-content\/uploads\/2026\/03\/Club-Mercedes-AMEFIP-edited-150x150.png 150w\" sizes=\"auto, (max-width: 642px) 100vw, 642px\" \/><\/figure>\n\n\n\n<p>El \u00abBlanquinegro\u00bb tiene partido este domingo 3 de mayo a las 15:30 horas, pero sus hinchas no podr\u00e1n estar presentes en las tribunas. Por disposici\u00f3n de los organismos de seguridad, el encuentro correspondiente a la d\u00e9cima fecha de la Primera C de la AFA se disputar\u00e1 estrictamente a puertas cerradas.<\/p>\n\n\n\n<p>El partido entre Club Mercedes y Juventud Unida de San Miguel se jugar\u00e1 en la cancha del Club Estudiantes, ubicada en Avenida 40 y Ruta 41, cuyo terreno est\u00e1 reci\u00e9n sembrado en el marco de la Liga Mercedina.<\/p>\n\n\n\n<p>La comisi\u00f3n directiva mercedina notific\u00f3 la medida en las \u00faltimas horas y pidi\u00f3 expresamente a sus seguidores que no se acerquen a las inmediaciones del predio, para evitar aglomeraciones y no exponerse a posibles sanciones disciplinarias que perjudiquen al club en futuros partidos.<\/p>\n\n\n\n<p>\u00bfC\u00f3mo seguir el partido?<\/p>\n\n\n\n<p>La buena noticia para los hinchas es que el encuentro ser\u00e1 transmitido en vivo y de forma gratuita a trav\u00e9s del canal oficial de YouTube del Club Mercedes, para que toda la parcialidad pueda alentar al equipo desde casa.<\/p>\n","protected":false},"excerpt":{"rendered":"<p>El \u00abBlanquinegro\u00bb tiene partido este domingo 3 de mayo a las 15:30 horas, pero sus hinchas no podr\u00e1n estar presentes &#8230; <a title=\"Club Mercedes recibir\u00e1 a Juventud Unida a puertas cerradas este domingo\" class=\"read-more\" href=\"https:\/\/www.hoymercedes.com.ar\/principal\/2026\/05\/03\/club-mercedes-recibira-a-juventud-unida-a-puertas-cerradas-este-domingo\/\" aria-label=\"Leer m\u00e1s sobre Club Mercedes recibir\u00e1 a Juventud Unida a puertas cerradas este domingo\">Leer m\u00e1s<\/a><\/p>\n","protected":false},"author":1,"featured_media":193672,"comment_status":"closed","ping_status":"open","sticky":false,"template":"","format":"standard","meta":{"_monsterinsights_skip_tracking":false,"_monsterinsights_sitenote_active":false,"_monsterinsights_sitenote_note":"","_monsterinsights_sitenote_category":0,"jetpack_post_was_ever_published":false,"_jetpack_newsletter_access":"","_jetpack_dont_email_post_to_subs":false,"_jetpack_newsletter_tier_id":0,"_jetpack_memberships_contains_paywalled_content":false,"_jetpack_memberships_contains_paid_content":false,"footnotes":"","jetpack_publicize_message":"","jetpack_publicize_feature_enabled":true,"jetpack_social_post_already_shared":true,"jetpack_social_options":{"image_generator_settings":{"template":"highway","default_image_id":0,"font":"","enabled":false},"version":2},"_wpas_customize_per_network":false},"categories":[21],"tags":[],"class_list":["post-195499","post","type-post","status-publish","format-standard","has-post-thumbnail","hentry","category-deportes","generate-columns","tablet-grid-50","mobile-grid-100","grid-parent","grid-50"],"jetpack_publicize_connections":[],"jetpack_featured_media_url":"https:\/\/www.hoymercedes.com.ar\/principal\/wp-content\/uploads\/2026\/03\/Club-Mercedes-AMEFIP-edited.png","wps_subtitle":"","jetpack_sharing_enabled":true,"_links":{"self":[{"href":"https:\/\/www.hoymercedes.com.ar\/principal\/wp-json\/wp\/v2\/posts\/195499","targetHints":{"allow":["GET"]}}],"collection":[{"href":"https:\/\/www.hoymercedes.com.ar\/principal\/wp-json\/wp\/v2\/posts"}],"about":[{"href":"https:\/\/www.hoymercedes.com.ar\/principal\/wp-json\/wp\/v2\/types\/post"}],"author":[{"embeddable":true,"href":"https:\/\/www.hoymercedes.com.ar\/principal\/wp-json\/wp\/v2\/users\/1"}],"replies":[{"embeddable":true,"href":"https:\/\/www.hoymercedes.com.ar\/principal\/wp-json\/wp\/v2\/comments?post=195499"}],"version-history":[{"count":1,"href":"https:\/\/www.hoymercedes.com.ar\/principal\/wp-json\/wp\/v2\/posts\/195499\/revisions"}],"predecessor-version":[{"id":195500,"href":"https:\/\/www.hoymercedes.com.ar\/principal\/wp-json\/wp\/v2\/posts\/195499\/revisions\/195500"}],"wp:featuredmedia":[{"embeddable":true,"href":"https:\/\/www.hoymercedes.com.ar\/principal\/wp-json\/wp\/v2\/media\/193672"}],"wp:attachment":[{"href":"https:\/\/www.hoymercedes.com.ar\/principal\/wp-json\/wp\/v2\/media?parent=195499"}],"wp:term":[{"taxonomy":"category","embeddable":true,"href":"https:\/\/www.hoymercedes.com.ar\/principal\/wp-json\/wp\/v2\/categories?post=195499"},{"taxonomy":"post_tag","embeddable":true,"href":"https:\/\/www.hoymercedes.com.ar\/principal\/wp-json\/wp\/v2\/tags?post=195499"}],"curies":[{"name":"wp","href":"https:\/\/api.w.org\/{rel}","templated":true}]}}