{"id":195511,"date":"2026-05-01T20:54:25","date_gmt":"2026-05-01T23:54:25","guid":{"rendered":"https:\/\/www.hoymercedes.com.ar\/principal\/?p=195511"},"modified":"2026-05-01T21:08:46","modified_gmt":"2026-05-02T00:08:46","slug":"ultimo-momento-violencia-en-las-canchas-de-inferiores-de-trocha-y-carteros","status":"publish","type":"post","link":"https:\/\/www.hoymercedes.com.ar\/principal\/2026\/05\/01\/ultimo-momento-violencia-en-las-canchas-de-inferiores-de-trocha-y-carteros\/","title":{"rendered":"ULTIMO MOMENTO: Violencia en las canchas de inferiores de Trocha y Carteros"},"content":{"rendered":"\n<figure class=\"wp-block-image size-full\"><img loading=\"lazy\" decoding=\"async\" width=\"640\" height=\"360\" data-attachment-id=\"195512\" data-permalink=\"https:\/\/www.hoymercedes.com.ar\/principal\/2026\/05\/01\/ultimo-momento-violencia-en-las-canchas-de-inferiores-de-trocha-y-carteros\/image-481\/#main\" data-orig-file=\"https:\/\/www.hoymercedes.com.ar\/principal\/wp-content\/uploads\/2026\/05\/image-15.png\" data-orig-size=\"640,360\" data-comments-opened=\"0\" data-image-meta=\"{&quot;aperture&quot;:&quot;0&quot;,&quot;credit&quot;:&quot;&quot;,&quot;camera&quot;:&quot;&quot;,&quot;caption&quot;:&quot;&quot;,&quot;created_timestamp&quot;:&quot;0&quot;,&quot;copyright&quot;:&quot;&quot;,&quot;focal_length&quot;:&quot;0&quot;,&quot;iso&quot;:&quot;0&quot;,&quot;shutter_speed&quot;:&quot;0&quot;,&quot;title&quot;:&quot;&quot;,&quot;orientation&quot;:&quot;0&quot;}\" data-image-title=\"image\" data-image-description=\"\" data-image-caption=\"\" data-large-file=\"https:\/\/www.hoymercedes.com.ar\/principal\/wp-content\/uploads\/2026\/05\/image-15.png\" src=\"https:\/\/www.hoymercedes.com.ar\/principal\/wp-content\/uploads\/2026\/05\/image-15.png\" alt=\"\" class=\"wp-image-195512\" srcset=\"https:\/\/www.hoymercedes.com.ar\/principal\/wp-content\/uploads\/2026\/05\/image-15.png 640w, https:\/\/www.hoymercedes.com.ar\/principal\/wp-content\/uploads\/2026\/05\/image-15-630x354.png 630w, https:\/\/www.hoymercedes.com.ar\/principal\/wp-content\/uploads\/2026\/05\/image-15-150x84.png 150w\" sizes=\"auto, (max-width: 640px) 100vw, 640px\" \/><\/figure>\n\n\n\n<p>El f\u00fatbol infantil y juvenil de Mercedes tuvo un viernes para el olvido. Dos clubes de la ciudad protagonizaron episodios de violencia e irregularidades que encendieron las alarmas en la Liga Mercedina de F\u00fatbol y en el \u00e1rea de Seguridad Municipal.<\/p>\n\n\n\n<p><strong>Lo que pas\u00f3 en Trocha<\/strong><\/p>\n\n\n\n<p>Al t\u00e9rmino del partido de Quinta Divisi\u00f3n entre el local y V\u00e9lez Sarsfield, una pelea en las afueras de las instalaciones del Club Trocha (calles 15 y 42) dej\u00f3 a un joven del equipo visitante con una herida cortante en la cabeza. Fue trasladado en ambulancia privada al Hospital Blas L. Dubarry. Mientras adentro continuaban los partidos de f\u00fatbol infanto juvenil y femenino con familias presentes, afuera el clima escal\u00f3: corridas, piedrazos contra un veh\u00edculo y el rumor de que alguien exhibi\u00f3 un arma desde un auto sembraron el caos en el play\u00f3n de la zona.<\/p>\n\n\n\n<p>Dos patrulleros respondieron al llamado del 911. Luego de revisar las c\u00e1maras de monitoreo, desde Seguridad Municipal descartaron oficialmente la presencia de armas, aunque la investigaci\u00f3n contin\u00faa con el pedido de im\u00e1genes internas del club.<\/p>\n\n\n\n<p><strong>Lo que pas\u00f3 en Carteros<\/strong><\/p>\n\n\n\n<p>El partido de la Categor\u00eda 2017 entre Carteros FC y Club Mercedes tambi\u00e9n tuvo problemas, aunque de otra naturaleza: fue suspendido por inconvenientes con el entrenador del equipo local, lo que arrastr\u00f3 tambi\u00e9n la cancelaci\u00f3n del encuentro de la Categor\u00eda 2016. Una jornada entera perdida por cuestiones ajenas al deporte en s\u00ed.<\/p>\n\n\n\n<p>Dirigentes de la Liga Mercedina se hicieron presentes en ambos casos. La preocupaci\u00f3n es creciente: los incidentes no son hechos aislados, y la escalada de situaciones violentas o conflictivas en el f\u00fatbol de menores obliga a replantear los protocolos de seguridad y convivencia en los predios deportivos de la ciudad.<\/p>\n","protected":false},"excerpt":{"rendered":"<p>El f\u00fatbol infantil y juvenil de Mercedes tuvo un viernes para el olvido. Dos clubes de la ciudad protagonizaron episodios &#8230; <a title=\"ULTIMO MOMENTO: Violencia en las canchas de inferiores de Trocha y Carteros\" class=\"read-more\" href=\"https:\/\/www.hoymercedes.com.ar\/principal\/2026\/05\/01\/ultimo-momento-violencia-en-las-canchas-de-inferiores-de-trocha-y-carteros\/\" aria-label=\"Leer m\u00e1s sobre ULTIMO MOMENTO: Violencia en las canchas de inferiores de Trocha y Carteros\">Leer m\u00e1s<\/a><\/p>\n","protected":false},"author":1,"featured_media":195512,"comment_status":"closed","ping_status":"open","sticky":false,"template":"","format":"standard","meta":{"_monsterinsights_skip_tracking":false,"_monsterinsights_sitenote_active":false,"_monsterinsights_sitenote_note":"","_monsterinsights_sitenote_category":0,"jetpack_post_was_ever_published":false,"_jetpack_newsletter_access":"","_jetpack_dont_email_post_to_subs":false,"_jetpack_newsletter_tier_id":0,"_jetpack_memberships_contains_paywalled_content":false,"_jetpack_memberships_contains_paid_content":false,"footnotes":"","jetpack_publicize_message":"","jetpack_publicize_feature_enabled":true,"jetpack_social_post_already_shared":true,"jetpack_social_options":{"image_generator_settings":{"template":"highway","default_image_id":0,"font":"","enabled":false},"version":2},"_wpas_customize_per_network":false},"categories":[21],"tags":[],"class_list":["post-195511","post","type-post","status-publish","format-standard","has-post-thumbnail","hentry","category-deportes","generate-columns","tablet-grid-50","mobile-grid-100","grid-parent","grid-50"],"jetpack_publicize_connections":[],"jetpack_featured_media_url":"https:\/\/www.hoymercedes.com.ar\/principal\/wp-content\/uploads\/2026\/05\/image-15.png","wps_subtitle":"","jetpack_sharing_enabled":true,"_links":{"self":[{"href":"https:\/\/www.hoymercedes.com.ar\/principal\/wp-json\/wp\/v2\/posts\/195511","targetHints":{"allow":["GET"]}}],"collection":[{"href":"https:\/\/www.hoymercedes.com.ar\/principal\/wp-json\/wp\/v2\/posts"}],"about":[{"href":"https:\/\/www.hoymercedes.com.ar\/principal\/wp-json\/wp\/v2\/types\/post"}],"author":[{"embeddable":true,"href":"https:\/\/www.hoymercedes.com.ar\/principal\/wp-json\/wp\/v2\/users\/1"}],"replies":[{"embeddable":true,"href":"https:\/\/www.hoymercedes.com.ar\/principal\/wp-json\/wp\/v2\/comments?post=195511"}],"version-history":[{"count":2,"href":"https:\/\/www.hoymercedes.com.ar\/principal\/wp-json\/wp\/v2\/posts\/195511\/revisions"}],"predecessor-version":[{"id":195520,"href":"https:\/\/www.hoymercedes.com.ar\/principal\/wp-json\/wp\/v2\/posts\/195511\/revisions\/195520"}],"wp:featuredmedia":[{"embeddable":true,"href":"https:\/\/www.hoymercedes.com.ar\/principal\/wp-json\/wp\/v2\/media\/195512"}],"wp:attachment":[{"href":"https:\/\/www.hoymercedes.com.ar\/principal\/wp-json\/wp\/v2\/media?parent=195511"}],"wp:term":[{"taxonomy":"category","embeddable":true,"href":"https:\/\/www.hoymercedes.com.ar\/principal\/wp-json\/wp\/v2\/categories?post=195511"},{"taxonomy":"post_tag","embeddable":true,"href":"https:\/\/www.hoymercedes.com.ar\/principal\/wp-json\/wp\/v2\/tags?post=195511"}],"curies":[{"name":"wp","href":"https:\/\/api.w.org\/{rel}","templated":true}]}}