{"id":19626,"date":"2013-01-29T04:17:11","date_gmt":"2013-01-29T04:17:11","guid":{"rendered":"http:\/\/www.hoymercedes.com.ar\/principal\/?p=19626"},"modified":"2013-01-29T04:18:36","modified_gmt":"2013-01-29T04:18:36","slug":"zalazar-arraso-en-el-facundo-quiroga","status":"publish","type":"post","link":"https:\/\/www.hoymercedes.com.ar\/principal\/2013\/01\/29\/zalazar-arraso-en-el-facundo-quiroga\/","title":{"rendered":"Zalazar arras\u00f3 en el Facundo Quiroga"},"content":{"rendered":"<figure id=\"attachment_19628\" aria-describedby=\"caption-attachment-19628\" style=\"width: 608px\" class=\"wp-caption aligncenter\"><a href=\"https:\/\/www.hoymercedes.com.ar\/principal\/wp-content\/uploads\/2013\/01\/FacundoQuiroga-Barrio-Elecciones.jpg\"><img loading=\"lazy\" decoding=\"async\" data-attachment-id=\"19628\" data-permalink=\"https:\/\/www.hoymercedes.com.ar\/principal\/2013\/01\/29\/zalazar-arraso-en-el-facundo-quiroga\/facundoquiroga-barrio-elecciones\/#main\" data-orig-file=\"https:\/\/www.hoymercedes.com.ar\/principal\/wp-content\/uploads\/2013\/01\/FacundoQuiroga-Barrio-Elecciones.jpg\" data-orig-size=\"618,464\" data-comments-opened=\"1\" data-image-meta=\"{&quot;aperture&quot;:&quot;0&quot;,&quot;credit&quot;:&quot;&quot;,&quot;camera&quot;:&quot;&quot;,&quot;caption&quot;:&quot;&quot;,&quot;created_timestamp&quot;:&quot;0&quot;,&quot;copyright&quot;:&quot;&quot;,&quot;focal_length&quot;:&quot;0&quot;,&quot;iso&quot;:&quot;0&quot;,&quot;shutter_speed&quot;:&quot;0&quot;,&quot;title&quot;:&quot;&quot;}\" data-image-title=\"FacundoQuiroga-Barrio-Elecciones\" data-image-description=\"&lt;p&gt;Barrio Facundo Quiroga &amp;#8211; Mercedes&lt;\/p&gt;\n\" data-image-caption=\"&lt;p&gt;Barrio Facundo Quiroga &amp;#8211; Mercedes&lt;\/p&gt;\n\" data-large-file=\"https:\/\/www.hoymercedes.com.ar\/principal\/wp-content\/uploads\/2013\/01\/FacundoQuiroga-Barrio-Elecciones.jpg\" class=\"size-full wp-image-19628\" alt=\"Barrio Facundo Quiroga - Mercedes\" src=\"https:\/\/www.hoymercedes.com.ar\/principal\/wp-content\/uploads\/2013\/01\/FacundoQuiroga-Barrio-Elecciones.jpg\" width=\"618\" height=\"464\" \/><\/a><figcaption id=\"caption-attachment-19628\" class=\"wp-caption-text\">Barrio Facundo Quiroga &#8211; Mercedes<\/figcaption><\/figure>\n<p>La elecci\u00f3n en el barrio Facundo Quiroga se lleg\u00f3 a cabo el pasado s\u00e1bado siendo una m\u00e1s en este a\u00f1o que viene d\u00e1ndonos acciones electorales en los barrios muy seguido previ\u00e9ndose mucha actividad en en los mismos. Es la tercera elecci\u00f3n que ganan los espacios opositores al selvismo de forma consecutiva. Casa Joven y el Frente Mercedino, de donde emerge la figura de Zalazar, se encuentran m\u00e1s que satisfechos por el contundente resultado.<\/p>\n<p>En esta ocasi\u00f3n fue para la Lista 1 donde C\u00e9sar Zalazar arrog\u00f3 con 132 votos contra 67 de la Lista 2 de Guillermo Ruzzi<\/p>\n<p>Como veedor municipal estuvo presente el Director de Seguridad de la comuna, Esteban Rossi.<\/p>\n<p>Resultado:<\/p>\n<div>Lista 1: 1 132<\/div>\n<div>Lista 2: \u00a067<\/div>\n<div>Impugnados: 1<\/div>\n<div><\/div>\n<div>Alejandra Santana, Presidenta de las Sociedades de Fomento manifest\u00f3: <em>\u00abFelicito a todos los vecinos que en cada\u00a0elecci\u00f3n\u00a0se comprometen a trabajar por las mejoras del barrio, es\u00a0incre\u00edble\u00a0como se esta dando una\u00a0din\u00e1mica diferente\u00a0\u00a0en los barrios \u00a0cuando hay\u00a0elecciones\u00a0en cuanto a la gran\u00a0participaci\u00f3n\u00a0de vecinos para emitir su voto y poder elegir democraticamente\u00a0 quien debe\u00a0representarlos, en cuanto a lo\u00a0pol\u00edtico\u00a0tambi\u00e9n\u00a0 creo que se esta reflejando en las\u00a0elecciones\u00a0barriales, como la gente \u00a0esta expresando un cambio en \u00a0ciudad porque en tres barrios \u00a0se dio que ganaron las listas opositoras al intendente actual y a favor del Dr.Juan Ustarroz\u00bb<\/em><\/div>\n","protected":false},"excerpt":{"rendered":"<p>La elecci\u00f3n en el barrio Facundo Quiroga se lleg\u00f3 a cabo el pasado s\u00e1bado siendo una m\u00e1s en este a\u00f1o &#8230; <a title=\"Zalazar arras\u00f3 en el Facundo Quiroga\" class=\"read-more\" href=\"https:\/\/www.hoymercedes.com.ar\/principal\/2013\/01\/29\/zalazar-arraso-en-el-facundo-quiroga\/\" aria-label=\"Leer m\u00e1s sobre Zalazar arras\u00f3 en el Facundo Quiroga\">Leer m\u00e1s<\/a><\/p>\n","protected":false},"author":1,"featured_media":0,"comment_status":"open","ping_status":"open","sticky":false,"template":"","format":"standard","meta":{"_monsterinsights_skip_tracking":false,"_monsterinsights_sitenote_active":false,"_monsterinsights_sitenote_note":"","_monsterinsights_sitenote_category":0,"jetpack_post_was_ever_published":false,"_jetpack_newsletter_access":"","_jetpack_dont_email_post_to_subs":false,"_jetpack_newsletter_tier_id":0,"_jetpack_memberships_contains_paywalled_content":false,"_jetpack_memberships_contains_paid_content":false,"footnotes":"","jetpack_publicize_message":"","jetpack_publicize_feature_enabled":true,"jetpack_social_post_already_shared":false,"jetpack_social_options":{"image_generator_settings":{"template":"highway","default_image_id":0,"font":"","enabled":false},"version":2},"_wpas_customize_per_network":false},"categories":[5],"tags":[1805,3,3164,379],"class_list":["post-19626","post","type-post","status-publish","format-standard","hentry","category-politica","tag-alejandra-santana","tag-casa-joven","tag-cesar-zalazar","tag-frente-mercedino-para-la-victoria","generate-columns","tablet-grid-50","mobile-grid-100","grid-parent","grid-50"],"jetpack_publicize_connections":[],"jetpack_featured_media_url":"","wps_subtitle":"","jetpack_sharing_enabled":true,"_links":{"self":[{"href":"https:\/\/www.hoymercedes.com.ar\/principal\/wp-json\/wp\/v2\/posts\/19626","targetHints":{"allow":["GET"]}}],"collection":[{"href":"https:\/\/www.hoymercedes.com.ar\/principal\/wp-json\/wp\/v2\/posts"}],"about":[{"href":"https:\/\/www.hoymercedes.com.ar\/principal\/wp-json\/wp\/v2\/types\/post"}],"author":[{"embeddable":true,"href":"https:\/\/www.hoymercedes.com.ar\/principal\/wp-json\/wp\/v2\/users\/1"}],"replies":[{"embeddable":true,"href":"https:\/\/www.hoymercedes.com.ar\/principal\/wp-json\/wp\/v2\/comments?post=19626"}],"version-history":[{"count":0,"href":"https:\/\/www.hoymercedes.com.ar\/principal\/wp-json\/wp\/v2\/posts\/19626\/revisions"}],"wp:attachment":[{"href":"https:\/\/www.hoymercedes.com.ar\/principal\/wp-json\/wp\/v2\/media?parent=19626"}],"wp:term":[{"taxonomy":"category","embeddable":true,"href":"https:\/\/www.hoymercedes.com.ar\/principal\/wp-json\/wp\/v2\/categories?post=19626"},{"taxonomy":"post_tag","embeddable":true,"href":"https:\/\/www.hoymercedes.com.ar\/principal\/wp-json\/wp\/v2\/tags?post=19626"}],"curies":[{"name":"wp","href":"https:\/\/api.w.org\/{rel}","templated":true}]}}