{"id":1965,"date":"2011-02-03T04:36:42","date_gmt":"2011-02-03T04:36:42","guid":{"rendered":"http:\/\/www.hoymercedes.com.ar\/principal\/?p=1965"},"modified":"2011-02-03T04:37:12","modified_gmt":"2011-02-03T04:37:12","slug":"comienzan-a-trasladar-sumas-en-negro-al-basico-de-los-trabajadores","status":"publish","type":"post","link":"https:\/\/www.hoymercedes.com.ar\/principal\/2011\/02\/03\/comienzan-a-trasladar-sumas-en-negro-al-basico-de-los-trabajadores\/","title":{"rendered":"Comienzan a trasladar sumas en negro al b\u00e1sico de los trabajadores"},"content":{"rendered":"<figure id=\"attachment_830\" aria-describedby=\"caption-attachment-830\" style=\"width: 190px\" class=\"wp-caption alignleft\"><a href=\"https:\/\/www.hoymercedes.com.ar\/principal\/wp-content\/uploads\/2010\/12\/emusso.jpg\"><img loading=\"lazy\" decoding=\"async\" data-attachment-id=\"830\" data-permalink=\"https:\/\/www.hoymercedes.com.ar\/principal\/2010\/12\/04\/solicitan-refuerzo-de-personal-en-el-correo-oficial-para-mercedes\/emusso\/#main\" data-orig-file=\"https:\/\/www.hoymercedes.com.ar\/principal\/wp-content\/uploads\/2010\/12\/emusso.jpg\" data-orig-size=\"200,171\" data-comments-opened=\"1\" data-image-meta=\"{&quot;aperture&quot;:&quot;0&quot;,&quot;credit&quot;:&quot;&quot;,&quot;camera&quot;:&quot;&quot;,&quot;caption&quot;:&quot;&quot;,&quot;created_timestamp&quot;:&quot;0&quot;,&quot;copyright&quot;:&quot;&quot;,&quot;focal_length&quot;:&quot;0&quot;,&quot;iso&quot;:&quot;0&quot;,&quot;shutter_speed&quot;:&quot;0&quot;,&quot;title&quot;:&quot;&quot;}\" data-image-title=\"Eduardo Musso\" data-image-description=\"&lt;p&gt;Eduardo Musso&lt;\/p&gt;\n\" data-image-caption=\"&lt;p&gt;Eduardo Musso&lt;\/p&gt;\n\" data-large-file=\"https:\/\/www.hoymercedes.com.ar\/principal\/wp-content\/uploads\/2010\/12\/emusso.jpg\" class=\"size-full wp-image-830\" title=\"emusso\" src=\"https:\/\/www.hoymercedes.com.ar\/principal\/wp-content\/uploads\/2010\/12\/emusso.jpg\" alt=\"\" width=\"200\" height=\"171\" \/><\/a><figcaption id=\"caption-attachment-830\" class=\"wp-caption-text\">Eduardo Musso<\/figcaption><\/figure>\n<p style=\"text-align: justify;\">El Secretario General\u00a0 de la Asociaci\u00f3n Argentina de Trabajadores de las Comunicaciones, AATRAC, Mercedes Eduardo Musso confirm\u00f3 que se hab\u00eda llegado a un acuerdo para que la empresa Correo Oficial comience a trasladar las sumas abonadas a sus trabajadores en negro, es decir no remunerativas, al b\u00e1sico en una primera etapa a todos aquellos empleados que siendo hombres ya tengan 55 a\u00f1os y en el caso de mujeres cincuenta.<\/p>\n<p style=\"text-align: justify;\">El dirigente gremial precis\u00f3\u00a0 \u201cse trata de aquellos empleados que en un futuro inmediato puedan pasar a la condici\u00f3n de jubilados ya que los hombres deben tener como m\u00ednimo cincuenta y cinco a\u00f1os y las mujeres cincuenta para permitir justamente al momento de llegarles la jubilaci\u00f3n la puedan tener con el mono total del sueldo que perciben al momento del cese como trabajador activo.<\/p>\n<p style=\"text-align: justify;\">Creo que es un paso importante el que se ha dado m\u00e1s all\u00e1 que estoy en perfecto conocimiento que hubo casos en los que se jubil\u00f3 a un agente sin contar las sumas en negro y tras un juicio la Justicia orden\u00f3 el pago de la totalidad del importe sin tener en cuenta cuanto era en blanco y cuanto no remunerativo.<\/p>\n<p style=\"text-align: justify;\">Se puede decir que son realmente los empleados m\u00e1s antiguos de la empresa que se vieron muy afectados especialmente durante el ultimo tiempo de la gesti\u00f3n de Macri en el Correo cuando se firmaron aquellas famosas actas, alrededor del a\u00f1o 1992, que tanto mal le hicieron a los trabajadores especialmente a lo afiliados a nuestro gremio porque desde el Grupo Macri pretend\u00edan hacerlo desaparecer ya que era para ellos el m\u00e1s combativo, el m\u00e1s peligroso y el que siempre se enfrentaba de manera muy dura ante cualquier ilegalidad.<\/p>\n<p style=\"text-align: justify;\">En toda la jurisdicci\u00f3n de nuestra seccional comenzar\u00e1n a tener\u00a0 dicha recomposici\u00f3n salarial una importante cantidad de compa\u00f1eros pero lo m\u00e1s importante ser\u00eda que la empresa entienda de manera definitiva que las sumas en negro a los trabajadores no nos benefician ya que todo tipo de bonificaci\u00f3n adicional que se pretenda dar siempre se lo debe hacer en funci\u00f3n del b\u00e1sico y al tener dicho punto bajo, es baja la bonificaci\u00f3n qu recibimos y otra cosa que tambi\u00e9n seria importante que se entienda que sin que pretendamos que se pase todo de golpe porque es evidente que ser\u00eda una fuerte erogaci\u00f3n para la empresa, que por lo menos haya una reacomodamiento parcial realizado de manera anual .<\/p>\n<p style=\"text-align: justify;\">\n<p style=\"text-align: justify;\">Hay que tener en cuenta que en estos momentos casi el cuarenta por ciento del sueldo que en definitiva percibimos los trabajadores de Correo son a trav\u00e9s de suma no bonificables o en negro lo cual significa un\u00a0 porcentaje muy alto porque cuando por ejemplo cobramos el aguinaldo nos tomamos de la cabeza porque no es la suma que uno pudiese pensar que se cobrar\u00eda teniendo en cuenta lo que mensualmente se recibe en manos.<\/p>\n<p style=\"text-align: justify;\">\n<p style=\"text-align: justify;\">De cualquier manera estamos conformes porque al menos quienes ya han cumplido su ciclo laboral dentro de la empresa y se jubilan podr\u00e1n hacerlo como por otra parte corresponde con las liquidaciones efectuadas al cien por ciento de las remuneraciones\u201d.<\/p>\n<p style=\"text-align: justify;\">La situaci\u00f3n de la Obra Social<\/p>\n<p style=\"text-align: justify;\">Luego Eduardo Musso se refiri\u00f3\u00a0 a la situaci\u00f3n que atraviesa OSTRAC la obra social del personal de las Comunicaciones sosteniendo \u201cpor cuenta la obra anda muy bien gracias al eficiente manejo que el gremio hace de los fondos que ingresan a la misma a pesar que no debemos olvidar y muy duro momento que atravesamos cuando el Grupo Macri qu8iso eliminar al AATRAC y para ello apunto a lo que sin duda m\u00e1s le iba a doler, la obra social, pero a pesar de todos los intentos que efectuaron no lograron su cometido y hoy podemos decir que realmente estamos funcionando muy bien no solo en lo que implica la atenci\u00f3n en el cuidado de la salud de nuestros afiliados sino tambi\u00e9n en aquello relacionado con otro tipo de planes sociales como es por ejemplo el de turismo en las \u00e9pocas de vacaciones.<\/p>\n<p style=\"text-align: justify;\">Este a\u00f1o hemos tenido siempre completa las instalaciones de nuestro Hotel en Mar del Plata y ello se debe en gran parte que este a\u00f1o el gremio decidi\u00f3 implementar el pago por parte del afiliado en cuotas lo que hizo que realmente se colmaran todas las expectativas previstas\u201d<\/p>\n<p style=\"text-align: justify;\">\n","protected":false},"excerpt":{"rendered":"<p>El Secretario General\u00a0 de la Asociaci\u00f3n Argentina de Trabajadores de las Comunicaciones, AATRAC, Mercedes Eduardo Musso confirm\u00f3 que se hab\u00eda &#8230; <a title=\"Comienzan a trasladar sumas en negro al b\u00e1sico de los trabajadores\" class=\"read-more\" href=\"https:\/\/www.hoymercedes.com.ar\/principal\/2011\/02\/03\/comienzan-a-trasladar-sumas-en-negro-al-basico-de-los-trabajadores\/\" aria-label=\"Leer m\u00e1s sobre Comienzan a trasladar sumas en negro al b\u00e1sico de los trabajadores\">Leer m\u00e1s<\/a><\/p>\n","protected":false},"author":1,"featured_media":0,"comment_status":"open","ping_status":"open","sticky":false,"template":"","format":"standard","meta":{"_monsterinsights_skip_tracking":false,"_monsterinsights_sitenote_active":false,"_monsterinsights_sitenote_note":"","_monsterinsights_sitenote_category":0,"jetpack_post_was_ever_published":false,"_jetpack_newsletter_access":"","_jetpack_dont_email_post_to_subs":false,"_jetpack_newsletter_tier_id":0,"_jetpack_memberships_contains_paywalled_content":false,"_jetpack_memberships_contains_paid_content":false,"footnotes":"","jetpack_publicize_message":"","jetpack_publicize_feature_enabled":true,"jetpack_social_post_already_shared":false,"jetpack_social_options":{"image_generator_settings":{"template":"highway","default_image_id":0,"font":"","enabled":false},"version":2},"_wpas_customize_per_network":false},"categories":[8],"tags":[426,312,222],"class_list":["post-1965","post","type-post","status-publish","format-standard","hentry","category-sociedad","tag-aatrac","tag-correo-argentino","tag-eduardo-musso","generate-columns","tablet-grid-50","mobile-grid-100","grid-parent","grid-50"],"jetpack_publicize_connections":[],"jetpack_featured_media_url":"","wps_subtitle":"","jetpack_sharing_enabled":true,"_links":{"self":[{"href":"https:\/\/www.hoymercedes.com.ar\/principal\/wp-json\/wp\/v2\/posts\/1965","targetHints":{"allow":["GET"]}}],"collection":[{"href":"https:\/\/www.hoymercedes.com.ar\/principal\/wp-json\/wp\/v2\/posts"}],"about":[{"href":"https:\/\/www.hoymercedes.com.ar\/principal\/wp-json\/wp\/v2\/types\/post"}],"author":[{"embeddable":true,"href":"https:\/\/www.hoymercedes.com.ar\/principal\/wp-json\/wp\/v2\/users\/1"}],"replies":[{"embeddable":true,"href":"https:\/\/www.hoymercedes.com.ar\/principal\/wp-json\/wp\/v2\/comments?post=1965"}],"version-history":[{"count":0,"href":"https:\/\/www.hoymercedes.com.ar\/principal\/wp-json\/wp\/v2\/posts\/1965\/revisions"}],"wp:attachment":[{"href":"https:\/\/www.hoymercedes.com.ar\/principal\/wp-json\/wp\/v2\/media?parent=1965"}],"wp:term":[{"taxonomy":"category","embeddable":true,"href":"https:\/\/www.hoymercedes.com.ar\/principal\/wp-json\/wp\/v2\/categories?post=1965"},{"taxonomy":"post_tag","embeddable":true,"href":"https:\/\/www.hoymercedes.com.ar\/principal\/wp-json\/wp\/v2\/tags?post=1965"}],"curies":[{"name":"wp","href":"https:\/\/api.w.org\/{rel}","templated":true}]}}