{"id":19664,"date":"2013-02-01T00:46:57","date_gmt":"2013-02-01T00:46:57","guid":{"rendered":"http:\/\/www.hoymercedes.com.ar\/principal\/?p=19664"},"modified":"2013-02-01T00:48:15","modified_gmt":"2013-02-01T00:48:15","slug":"fabian-morales-miguel-del-sel-el-tio-comico-de-la-fiesta","status":"publish","type":"post","link":"https:\/\/www.hoymercedes.com.ar\/principal\/2013\/02\/01\/fabian-morales-miguel-del-sel-el-tio-comico-de-la-fiesta\/","title":{"rendered":"Fabian Morales: \u00abMiguel del Sel, el t\u00edo c\u00f3mico de la fiesta\u00bb"},"content":{"rendered":"<figure id=\"attachment_19668\" aria-describedby=\"caption-attachment-19668\" style=\"width: 608px\" class=\"wp-caption aligncenter\"><a href=\"https:\/\/www.hoymercedes.com.ar\/principal\/wp-content\/uploads\/2013\/02\/FabianMorales.jpg\"><img loading=\"lazy\" decoding=\"async\" data-attachment-id=\"19668\" data-permalink=\"https:\/\/www.hoymercedes.com.ar\/principal\/2013\/02\/01\/fabian-morales-miguel-del-sel-el-tio-comico-de-la-fiesta\/fabianmorales-5\/#main\" data-orig-file=\"https:\/\/www.hoymercedes.com.ar\/principal\/wp-content\/uploads\/2013\/02\/FabianMorales.jpg\" data-orig-size=\"618,441\" data-comments-opened=\"1\" data-image-meta=\"{&quot;aperture&quot;:&quot;0&quot;,&quot;credit&quot;:&quot;&quot;,&quot;camera&quot;:&quot;&quot;,&quot;caption&quot;:&quot;&quot;,&quot;created_timestamp&quot;:&quot;0&quot;,&quot;copyright&quot;:&quot;&quot;,&quot;focal_length&quot;:&quot;0&quot;,&quot;iso&quot;:&quot;0&quot;,&quot;shutter_speed&quot;:&quot;0&quot;,&quot;title&quot;:&quot;&quot;}\" data-image-title=\"Fabian Morales\" data-image-description=\"&lt;p&gt;Fabian Morales&lt;\/p&gt;\n\" data-image-caption=\"&lt;p&gt;Fabian Morales&lt;\/p&gt;\n\" data-large-file=\"https:\/\/www.hoymercedes.com.ar\/principal\/wp-content\/uploads\/2013\/02\/FabianMorales.jpg\" class=\"size-full wp-image-19668\" alt=\"Fabian Morales\" src=\"https:\/\/www.hoymercedes.com.ar\/principal\/wp-content\/uploads\/2013\/02\/FabianMorales.jpg\" width=\"618\" height=\"441\" \/><\/a><figcaption id=\"caption-attachment-19668\" class=\"wp-caption-text\">Fabian Morales<\/figcaption><\/figure>\n<p><strong>Por Fabian Morales<\/strong><\/p>\n<p>En toda fiesta siempre hay un t\u00edo c\u00f3mico, ese al que se refieren como: \u00a1Que bueno que es para el teatro! \u00a1Que actor! pero cuando uno observa, solo se trata de un bobalic\u00f3n hist\u00e9rico con incontinencia verbal. Ser actor es otra cosa.<\/p>\n<p>Recuerdo que cuando reci\u00e9n comenzaban los MIDACHI en Buenos Aires sus presentaciones, yo trabajaba en el teatro Ateneo con \u201cLa Lecci\u00f3n de Anatom\u00eda\u201d. Mi amigo Checo hab\u00eda comenzado a trabajar como actor en la producci\u00f3n de los MIDACHI. Aquellos muchachos que hab\u00edan llegado de Santa Fe para ser famosos. Paraban en una pizzer\u00eda en una esquina de calle corrientes, muchas veces un grupo de actores nos junt\u00e1bamos para comer all\u00ed antes de ir a Pernambuco. Eran muy simp\u00e1ticos pero cuando sus entradas comenzaron a triplicar y cua triplicar las nuestras al simp\u00e1tico del Sel se le subi\u00f3 la fama y la plata a la cabeza y ya le molestaba saludar a actores de teatro poco conocidos como nosotros. Miguelito el t\u00edo c\u00f3mico de la fiesta Menemista.<\/p>\n<p>Todos opinaban lo mismo. Este tipo es un ladri. Pero la fama, la televisi\u00f3n y el modelo Menemista lo pon\u00edan en un altar. Eran los mas taquilleros juntos con \u201cLes luthiers\u201d. La soberbia lo llevar\u00eda a querer emparentarse.<\/p>\n<p>Siempre me quedo esa frase: \u201cMiguelito no es un actor Miguelito ser\u00eda el t\u00edo c\u00f3mico de la fiesta, un ladri\u201d.<\/p>\n<p>Hoy Miguelito, el T\u00edo C\u00f3mico, deviene en pol\u00edtico pero se presenta como un \u201cartista\u201d, el T\u00edo C\u00f3mico de la fiesta ahora es artista. No se presenta como pol\u00edtico porque es acomodaticio esta donde calienta el sol. Los apol\u00edticos son los m\u00e1s peligrosos, como no pueden decir que son fachos dicen ser apol\u00edticos. \u201cEl hombre es un ser pol\u00edtico\u201d dec\u00eda Arist\u00f3teles.<\/p>\n<p>Tu lengua Miguel es violenta denigras nuestro oficio, sos grosero, hist\u00e9rico, agresivo y lo peor de todo seguir\u00edas siendo el mismo ladri de siempre.<\/p>\n<p>Los Actores te repudiamos hombrecito.<\/p>\n<p>Fabi\u00e1n Morales<\/p>\n<p>Actor y Director Teatral<\/p>\n<p>Ex Director de la Comedia de Teatro de Mercedes<\/p>\n<p>Ex Director de Juventud de la Municipalidad de Mercedes<\/p>\n<p>Ex Director de Cultura de la Municipalidad de Mercedes<\/p>\n<p>Ex Presidente de NORTEATRO<\/p>\n<p>En la actualidad<\/p>\n<p>Director de la Organizaci\u00f3n el Negro Olmedo<\/p>\n<p>Director de la Comedia de Teatro de San Pedro<\/p>\n<p>Consejero Provincial de Teatro<\/p>\n<p>Secretario Consejo Provincial de Teatro Independiente de la Provincia de Buenos Aires<\/p>\n","protected":false},"excerpt":{"rendered":"<p>Por Fabian Morales En toda fiesta siempre hay un t\u00edo c\u00f3mico, ese al que se refieren como: \u00a1Que bueno que &#8230; <a title=\"Fabian Morales: \u00abMiguel del Sel, el t\u00edo c\u00f3mico de la fiesta\u00bb\" class=\"read-more\" href=\"https:\/\/www.hoymercedes.com.ar\/principal\/2013\/02\/01\/fabian-morales-miguel-del-sel-el-tio-comico-de-la-fiesta\/\" aria-label=\"Leer m\u00e1s sobre Fabian Morales: \u00abMiguel del Sel, el t\u00edo c\u00f3mico de la fiesta\u00bb\">Leer m\u00e1s<\/a><\/p>\n","protected":false},"author":1,"featured_media":0,"comment_status":"open","ping_status":"open","sticky":false,"template":"","format":"standard","meta":{"_monsterinsights_skip_tracking":false,"_monsterinsights_sitenote_active":false,"_monsterinsights_sitenote_note":"","_monsterinsights_sitenote_category":0,"jetpack_post_was_ever_published":false,"_jetpack_newsletter_access":"","_jetpack_dont_email_post_to_subs":false,"_jetpack_newsletter_tier_id":0,"_jetpack_memberships_contains_paywalled_content":false,"_jetpack_memberships_contains_paid_content":false,"footnotes":"","jetpack_publicize_message":"","jetpack_publicize_feature_enabled":true,"jetpack_social_post_already_shared":false,"jetpack_social_options":{"image_generator_settings":{"template":"highway","default_image_id":0,"font":"","enabled":false},"version":2},"_wpas_customize_per_network":false},"categories":[1],"tags":[3166,479,3165,1218],"class_list":["post-19664","post","type-post","status-publish","format-standard","hentry","category-opinion","tag-el-tio-comico-de-la-fiesta","tag-fabian-morales","tag-miguel-del-sel","tag-organizacion-el-negro-olmedo","generate-columns","tablet-grid-50","mobile-grid-100","grid-parent","grid-50"],"jetpack_publicize_connections":[],"jetpack_featured_media_url":"","wps_subtitle":"","jetpack_sharing_enabled":true,"_links":{"self":[{"href":"https:\/\/www.hoymercedes.com.ar\/principal\/wp-json\/wp\/v2\/posts\/19664","targetHints":{"allow":["GET"]}}],"collection":[{"href":"https:\/\/www.hoymercedes.com.ar\/principal\/wp-json\/wp\/v2\/posts"}],"about":[{"href":"https:\/\/www.hoymercedes.com.ar\/principal\/wp-json\/wp\/v2\/types\/post"}],"author":[{"embeddable":true,"href":"https:\/\/www.hoymercedes.com.ar\/principal\/wp-json\/wp\/v2\/users\/1"}],"replies":[{"embeddable":true,"href":"https:\/\/www.hoymercedes.com.ar\/principal\/wp-json\/wp\/v2\/comments?post=19664"}],"version-history":[{"count":0,"href":"https:\/\/www.hoymercedes.com.ar\/principal\/wp-json\/wp\/v2\/posts\/19664\/revisions"}],"wp:attachment":[{"href":"https:\/\/www.hoymercedes.com.ar\/principal\/wp-json\/wp\/v2\/media?parent=19664"}],"wp:term":[{"taxonomy":"category","embeddable":true,"href":"https:\/\/www.hoymercedes.com.ar\/principal\/wp-json\/wp\/v2\/categories?post=19664"},{"taxonomy":"post_tag","embeddable":true,"href":"https:\/\/www.hoymercedes.com.ar\/principal\/wp-json\/wp\/v2\/tags?post=19664"}],"curies":[{"name":"wp","href":"https:\/\/api.w.org\/{rel}","templated":true}]}}