{"id":19670,"date":"2013-02-01T01:14:55","date_gmt":"2013-02-01T01:14:55","guid":{"rendered":"http:\/\/www.hoymercedes.com.ar\/principal\/?p=19670"},"modified":"2013-02-01T01:15:43","modified_gmt":"2013-02-01T01:15:43","slug":"juventud-selvista-invita-a-participar-de-sus-reuniones","status":"publish","type":"post","link":"https:\/\/www.hoymercedes.com.ar\/principal\/2013\/02\/01\/juventud-selvista-invita-a-participar-de-sus-reuniones\/","title":{"rendered":"Juventud selvista invita a participar de sus reuniones"},"content":{"rendered":"<p>La Juventud de la Agrupaci\u00f3n 17 de Octubre invita a los j\u00f3venes de nuestra ciudad que deseen participar del espacio de acci\u00f3n pol\u00edtica y ciudadana desde este viernes a las 19.00hs en calle 29 entre 20 y 22 a sus habituales reuniones.<\/p>\n<p>Las reuniones se suelen realizar los viernes y retoman continuidad en este 2013. El espacio pol\u00edtico invita a los j\u00f3venes de nuestra comunidad que quieran aportar sus ideas, preocupaciones, debatir y escuchar otros j\u00f3venes.<\/p>\n<p>Desde las redes sociales, principalmente, invitan:<\/p>\n<p><em>\u00abBuenas! Ma\u00f1ana a las 19hs nos reunimos en nuestra Agrupaci\u00f3n 17 de Octubre, de calle 29 entre 20 y 22. Invitamos a todos los j\u00f3venes que tengan ganas de ser protagonistas de un trabajo militante que se hace con garra y coraz\u00f3n. No nos sobran recursos, no ocupamos altos cargos en la Naci\u00f3n pero tenemos ganas de seguir construyendo y de hacer pol\u00edtica de otra forma en nuestra ciudad, con dignidad y con respeto por sobre todo. Porque nos gusta lo que hacemos y nos sentimos ORGULLOSAMENTE MERCEDINOS. Los esperamos!\u00bb<\/em><\/p>\n","protected":false},"excerpt":{"rendered":"<p>La Juventud de la Agrupaci\u00f3n 17 de Octubre invita a los j\u00f3venes de nuestra ciudad que deseen participar del espacio &#8230; <a title=\"Juventud selvista invita a participar de sus reuniones\" class=\"read-more\" href=\"https:\/\/www.hoymercedes.com.ar\/principal\/2013\/02\/01\/juventud-selvista-invita-a-participar-de-sus-reuniones\/\" aria-label=\"Leer m\u00e1s sobre Juventud selvista invita a participar de sus reuniones\">Leer m\u00e1s<\/a><\/p>\n","protected":false},"author":1,"featured_media":0,"comment_status":"open","ping_status":"open","sticky":false,"template":"","format":"standard","meta":{"_monsterinsights_skip_tracking":false,"_monsterinsights_sitenote_active":false,"_monsterinsights_sitenote_note":"","_monsterinsights_sitenote_category":0,"jetpack_post_was_ever_published":false,"_jetpack_newsletter_access":"","_jetpack_dont_email_post_to_subs":false,"_jetpack_newsletter_tier_id":0,"_jetpack_memberships_contains_paywalled_content":false,"_jetpack_memberships_contains_paid_content":false,"footnotes":"","jetpack_publicize_message":"","jetpack_publicize_feature_enabled":true,"jetpack_social_post_already_shared":false,"jetpack_social_options":{"image_generator_settings":{"template":"highway","default_image_id":0,"font":"","enabled":false},"version":2},"_wpas_customize_per_network":false},"categories":[5],"tags":[552,731],"class_list":["post-19670","post","type-post","status-publish","format-standard","hentry","category-politica","tag-agrupacion-17-de-octubre","tag-selvismo","generate-columns","tablet-grid-50","mobile-grid-100","grid-parent","grid-50"],"jetpack_publicize_connections":[],"jetpack_featured_media_url":"","wps_subtitle":"","jetpack_sharing_enabled":true,"_links":{"self":[{"href":"https:\/\/www.hoymercedes.com.ar\/principal\/wp-json\/wp\/v2\/posts\/19670","targetHints":{"allow":["GET"]}}],"collection":[{"href":"https:\/\/www.hoymercedes.com.ar\/principal\/wp-json\/wp\/v2\/posts"}],"about":[{"href":"https:\/\/www.hoymercedes.com.ar\/principal\/wp-json\/wp\/v2\/types\/post"}],"author":[{"embeddable":true,"href":"https:\/\/www.hoymercedes.com.ar\/principal\/wp-json\/wp\/v2\/users\/1"}],"replies":[{"embeddable":true,"href":"https:\/\/www.hoymercedes.com.ar\/principal\/wp-json\/wp\/v2\/comments?post=19670"}],"version-history":[{"count":0,"href":"https:\/\/www.hoymercedes.com.ar\/principal\/wp-json\/wp\/v2\/posts\/19670\/revisions"}],"wp:attachment":[{"href":"https:\/\/www.hoymercedes.com.ar\/principal\/wp-json\/wp\/v2\/media?parent=19670"}],"wp:term":[{"taxonomy":"category","embeddable":true,"href":"https:\/\/www.hoymercedes.com.ar\/principal\/wp-json\/wp\/v2\/categories?post=19670"},{"taxonomy":"post_tag","embeddable":true,"href":"https:\/\/www.hoymercedes.com.ar\/principal\/wp-json\/wp\/v2\/tags?post=19670"}],"curies":[{"name":"wp","href":"https:\/\/api.w.org\/{rel}","templated":true}]}}