{"id":19705,"date":"2013-02-03T20:18:56","date_gmt":"2013-02-03T20:18:56","guid":{"rendered":"http:\/\/www.hoymercedes.com.ar\/principal\/?p=19705"},"modified":"2013-02-03T20:29:32","modified_gmt":"2013-02-03T20:29:32","slug":"selvismo-sostiene-que-a-ustarroz-lo-invitaron-a-pasar-y-no-quiso","status":"publish","type":"post","link":"https:\/\/www.hoymercedes.com.ar\/principal\/2013\/02\/03\/selvismo-sostiene-que-a-ustarroz-lo-invitaron-a-pasar-y-no-quiso\/","title":{"rendered":"Selvismo sostiene que a Ustarroz lo invitaron a pasar y no quiso"},"content":{"rendered":"<p><em><strong>Desde el oficialismo sostienen que al ex candidato a intendente Juan Ustarroz al momento de pedir una audiencia con el intendente se lo invit\u00f3 a pasar y en ese instante no quiso. Se narra en una forma de dar respuesta pol\u00edtica a la noticia que esta semana se conoci\u00f3 que Ustarroz solicit\u00f3 audiencia con Carlos Selva para tratar temas de vivienda. Fue Iris Montoya, integrante de la Secretar\u00eda Privada del intendente, qui\u00e9n dio detalles.<\/strong><\/em><\/p>\n<p>Desde \u00e1mbitos selvistas sostienen que: <em>\u00abEl funcionario de ANSES Juan Ustarroz fue a pedir audiencia con el intendente Carlos Selva, y al ser invitado a pasar desisti\u00f3\u00a0de la posibilidad, seg\u00fan se informa desde la Secretar\u00eda Privada del primer mandatario.\u00a0\u201cVino y toc\u00f3 timbre. Lo atend\u00ed, le invit\u00e9 a pasar para hablar con el intendente en su despacho y no quiso\u201d, sostuvo Iris Montoya, una de las encargadas de recibir a la gente que diariamente se entrevista con el intendente Carlos Selva.\u00a0<\/em><em>Los vecinos que se llegan hasta la oficina del primer mandatario local por lo general piden audiencia, pero en situaciones de urgencia en el tema a tratar son atendidos en forma inmediata. \u201cAc\u00e1 vienen concejales, empresarios y vecinos en general que tienen urgencia en hablar con el intendente y se los hace pasar sin necesidad de pedir audiencia. Es lo que quisimos hacer con Ustarroz y \u00e9l no quiso pasar\u201d, <\/em>reiter\u00f3 Iris Montoya.<\/p>\n<p>De esta manera el selvismo da una respuesta previa en t\u00e9rminos y tono pol\u00edtico.<\/p>\n","protected":false},"excerpt":{"rendered":"<p>Desde el oficialismo sostienen que al ex candidato a intendente Juan Ustarroz al momento de pedir una audiencia con el &#8230; <a title=\"Selvismo sostiene que a Ustarroz lo invitaron a pasar y no quiso\" class=\"read-more\" href=\"https:\/\/www.hoymercedes.com.ar\/principal\/2013\/02\/03\/selvismo-sostiene-que-a-ustarroz-lo-invitaron-a-pasar-y-no-quiso\/\" aria-label=\"Leer m\u00e1s sobre Selvismo sostiene que a Ustarroz lo invitaron a pasar y no quiso\">Leer m\u00e1s<\/a><\/p>\n","protected":false},"author":1,"featured_media":0,"comment_status":"open","ping_status":"open","sticky":false,"template":"","format":"standard","meta":{"_monsterinsights_skip_tracking":false,"_monsterinsights_sitenote_active":false,"_monsterinsights_sitenote_note":"","_monsterinsights_sitenote_category":0,"jetpack_post_was_ever_published":false,"_jetpack_newsletter_access":"","_jetpack_dont_email_post_to_subs":false,"_jetpack_newsletter_tier_id":0,"_jetpack_memberships_contains_paywalled_content":false,"_jetpack_memberships_contains_paid_content":false,"footnotes":"","jetpack_publicize_message":"","jetpack_publicize_feature_enabled":true,"jetpack_social_post_already_shared":false,"jetpack_social_options":{"image_generator_settings":{"template":"highway","default_image_id":0,"font":"","enabled":false},"version":2},"_wpas_customize_per_network":false},"categories":[5],"tags":[39,3171,585],"class_list":["post-19705","post","type-post","status-publish","format-standard","hentry","category-politica","tag-carlos-selva","tag-iris-montoya","tag-juan-ustarroz","generate-columns","tablet-grid-50","mobile-grid-100","grid-parent","grid-50"],"jetpack_publicize_connections":[],"jetpack_featured_media_url":"","wps_subtitle":"","jetpack_sharing_enabled":true,"_links":{"self":[{"href":"https:\/\/www.hoymercedes.com.ar\/principal\/wp-json\/wp\/v2\/posts\/19705","targetHints":{"allow":["GET"]}}],"collection":[{"href":"https:\/\/www.hoymercedes.com.ar\/principal\/wp-json\/wp\/v2\/posts"}],"about":[{"href":"https:\/\/www.hoymercedes.com.ar\/principal\/wp-json\/wp\/v2\/types\/post"}],"author":[{"embeddable":true,"href":"https:\/\/www.hoymercedes.com.ar\/principal\/wp-json\/wp\/v2\/users\/1"}],"replies":[{"embeddable":true,"href":"https:\/\/www.hoymercedes.com.ar\/principal\/wp-json\/wp\/v2\/comments?post=19705"}],"version-history":[{"count":0,"href":"https:\/\/www.hoymercedes.com.ar\/principal\/wp-json\/wp\/v2\/posts\/19705\/revisions"}],"wp:attachment":[{"href":"https:\/\/www.hoymercedes.com.ar\/principal\/wp-json\/wp\/v2\/media?parent=19705"}],"wp:term":[{"taxonomy":"category","embeddable":true,"href":"https:\/\/www.hoymercedes.com.ar\/principal\/wp-json\/wp\/v2\/categories?post=19705"},{"taxonomy":"post_tag","embeddable":true,"href":"https:\/\/www.hoymercedes.com.ar\/principal\/wp-json\/wp\/v2\/tags?post=19705"}],"curies":[{"name":"wp","href":"https:\/\/api.w.org\/{rel}","templated":true}]}}