{"id":19741,"date":"2013-02-05T22:11:58","date_gmt":"2013-02-05T22:11:58","guid":{"rendered":"http:\/\/www.hoymercedes.com.ar\/principal\/?p=19741"},"modified":"2013-02-05T22:19:32","modified_gmt":"2013-02-05T22:19:32","slug":"ustarroz-y-selva-finalmente-se-reunieron","status":"publish","type":"post","link":"https:\/\/www.hoymercedes.com.ar\/principal\/2013\/02\/05\/ustarroz-y-selva-finalmente-se-reunieron\/","title":{"rendered":"Ustarroz y Selva finalmente se reunieron"},"content":{"rendered":"<p><em><strong>Tras diversas repercusiones en la prensa y en la militancia se llev\u00f3 a cabo la reuni\u00f3n entre Juan Ustarroz, que hab\u00eda formalmente solicitado d\u00edas atr\u00e1s, y el primer mandatario, Carlos Selva. El encuentro programado para 9.30hs empez\u00f3 antes o, al menos, el ex candidato del Frente tuvo acceso desde tiempo previo al horario conocido a la sala privada del intendente.\u00a0<\/strong><\/em><\/p>\n<p>Tras la reuni\u00f3n fue Ustarroz qui\u00e9n manifest\u00f3 parte de lo vivido a la prensa. Desde el oficialismo trataron el encuentro como un acto m\u00e1s de la agenda cotidiana del\u00a0intendente y sin generar los caminos para una cobertura m\u00e1s amplia, al menos, desde espacios institucionales.<\/p>\n<p>El encuentro tuvo como objetivo dialogar y generar caminos de trabajo para el plan habitacional ProCreAr -Segunda etapa- orientada a quienes no posean terreno. ProCreAr es el Programa de Cr\u00e9dito Argentino financiado por el Anses por eso la reuni\u00f3n ten\u00eda tambi\u00e9n sustento en el hecho de cruzar al intendente de Mercedes con el Gerente Regional del Anses, Juan Ustarroz, y el Jefe local, Fernando San Pedro. El sitio del programa es el siguiente:\u00a0http:\/\/procrear.anses.gob.ar<\/p>\n<p>En relaci\u00f3n a la reuni\u00f3n fue Ustarr\u00f3z qui\u00e9n brind\u00f3 alg\u00fan comentario a la prensa manifestando que se trat\u00f3 de un encuentro cordial en el cual se avalu\u00f3 la posibilidad de beneficiar a 250 familias de nuestra comunidad bajo la utilizaci\u00f3n de terrenos ociosos del Estado.<\/p>\n<p>Ustarroz destac\u00f3 lo importante de dialogar con Selva porque se trata de temas centrales en la vida de la ciudad.<\/p>\n<p>De esta manera, la reuni\u00f3n, se llev\u00f3 a cabo y se pudieron conocer algunos detalles.<\/p>\n","protected":false},"excerpt":{"rendered":"<p>Tras diversas repercusiones en la prensa y en la militancia se llev\u00f3 a cabo la reuni\u00f3n entre Juan Ustarroz, que &#8230; <a title=\"Ustarroz y Selva finalmente se reunieron\" class=\"read-more\" href=\"https:\/\/www.hoymercedes.com.ar\/principal\/2013\/02\/05\/ustarroz-y-selva-finalmente-se-reunieron\/\" aria-label=\"Leer m\u00e1s sobre Ustarroz y Selva finalmente se reunieron\">Leer m\u00e1s<\/a><\/p>\n","protected":false},"author":1,"featured_media":0,"comment_status":"open","ping_status":"open","sticky":false,"template":"","format":"standard","meta":{"_monsterinsights_skip_tracking":false,"_monsterinsights_sitenote_active":false,"_monsterinsights_sitenote_note":"","_monsterinsights_sitenote_category":0,"jetpack_post_was_ever_published":false,"_jetpack_newsletter_access":"","_jetpack_dont_email_post_to_subs":false,"_jetpack_newsletter_tier_id":0,"_jetpack_memberships_contains_paywalled_content":false,"_jetpack_memberships_contains_paid_content":false,"footnotes":"","jetpack_publicize_message":"","jetpack_publicize_feature_enabled":true,"jetpack_social_post_already_shared":false,"jetpack_social_options":{"image_generator_settings":{"template":"highway","default_image_id":0,"font":"","enabled":false},"version":2},"_wpas_customize_per_network":false},"categories":[5],"tags":[39,585],"class_list":["post-19741","post","type-post","status-publish","format-standard","hentry","category-politica","tag-carlos-selva","tag-juan-ustarroz","generate-columns","tablet-grid-50","mobile-grid-100","grid-parent","grid-50"],"jetpack_publicize_connections":[],"jetpack_featured_media_url":"","wps_subtitle":"","jetpack_sharing_enabled":true,"_links":{"self":[{"href":"https:\/\/www.hoymercedes.com.ar\/principal\/wp-json\/wp\/v2\/posts\/19741","targetHints":{"allow":["GET"]}}],"collection":[{"href":"https:\/\/www.hoymercedes.com.ar\/principal\/wp-json\/wp\/v2\/posts"}],"about":[{"href":"https:\/\/www.hoymercedes.com.ar\/principal\/wp-json\/wp\/v2\/types\/post"}],"author":[{"embeddable":true,"href":"https:\/\/www.hoymercedes.com.ar\/principal\/wp-json\/wp\/v2\/users\/1"}],"replies":[{"embeddable":true,"href":"https:\/\/www.hoymercedes.com.ar\/principal\/wp-json\/wp\/v2\/comments?post=19741"}],"version-history":[{"count":0,"href":"https:\/\/www.hoymercedes.com.ar\/principal\/wp-json\/wp\/v2\/posts\/19741\/revisions"}],"wp:attachment":[{"href":"https:\/\/www.hoymercedes.com.ar\/principal\/wp-json\/wp\/v2\/media?parent=19741"}],"wp:term":[{"taxonomy":"category","embeddable":true,"href":"https:\/\/www.hoymercedes.com.ar\/principal\/wp-json\/wp\/v2\/categories?post=19741"},{"taxonomy":"post_tag","embeddable":true,"href":"https:\/\/www.hoymercedes.com.ar\/principal\/wp-json\/wp\/v2\/tags?post=19741"}],"curies":[{"name":"wp","href":"https:\/\/api.w.org\/{rel}","templated":true}]}}