{"id":1980,"date":"2011-02-03T16:04:37","date_gmt":"2011-02-03T16:04:37","guid":{"rendered":"http:\/\/www.hoymercedes.com.ar\/principal\/?p=1980"},"modified":"2011-02-03T16:04:37","modified_gmt":"2011-02-03T16:04:37","slug":"la-reina-del-durazno-y-la-reina-del-salame-quintero-viajan-a-la-fiesta-nacional-del-olivo-2011-en-cruz-del-eje-cordoba","status":"publish","type":"post","link":"https:\/\/www.hoymercedes.com.ar\/principal\/2011\/02\/03\/la-reina-del-durazno-y-la-reina-del-salame-quintero-viajan-a-la-fiesta-nacional-del-olivo-2011-en-cruz-del-eje-cordoba\/","title":{"rendered":"La reina del Durazno y la reina del Salame quintero viajan a la Fiesta Nacional del Olivo 2011 en cruz del eje, C\u00f3rdoba."},"content":{"rendered":"<p style=\"text-align: justify;\">La reina del Durazno, Carla Ferrari y la reina del salame Quintero Juliana Ramis viajan desde el 12 al 14 de febrero a la provincia de C\u00f3rdoba\u00a0 a la Fiesta Nacional del Olivo que celebra\u00a0 su 57\u00b0 edici\u00f3n.<\/p>\n<p style=\"text-align: justify;\">El festejo incluir\u00e1 un espect\u00e1culo de danza y m\u00fasica, un desfile de carrozas y la elecci\u00f3n de la Reina Nacional del Olivo. Y los n\u00fameros principales n\u00fameros ser\u00e1n: Soledad y Marcela Morello, Roxana Carabajal, Sergio Galleguillo, Alejandro Lerner. Adem\u00e1s se podr\u00e1n presenciar shows de fuegos artificiales en cada una de las noches de la Fiesta.<\/p>\n<p style=\"text-align: justify;\">Del 10 al 14 de febrero de 2011, Cruz del Eje se vestir\u00e1 de gala para recibir a los numerosos visitantes que llegan a la localidad con ocasi\u00f3n de la Fiesta del Olivo. Las entradas para la Fiesta estar\u00e1n a la venta a partir del 1\u00b0 de febrero en la sede de la Municipalidad de Cruz del Eje, seg\u00fan Agenda de la Fiesta Nacional del Olivo 2011.<\/p>\n<p style=\"text-align: justify;\">Adem\u00e1s la fiesta contara con un extenso programa:<\/p>\n<p style=\"text-align: justify;\">&#8211; Jueves 10: se realizar\u00e1 el acto de apertura de la Fiesta que incluye la ceremonia de Bendici\u00f3n de los Frutos y un show de fuegos artificiales. Esa noche la m\u00fasica estar\u00e1 a cargo de Soledad y Marcela Morello, mientras que adem\u00e1s se presentar\u00e1n el Grupo Andares, Germ\u00e1n Gizzi, los Hermanos Bonfiglio, Jonathan Alba, la Academia de Danzas \u00c1rabes Bahir y la Gato Jazz Band.<\/p>\n<p style=\"text-align: justify;\">&#8211; Viernes 11: en esta jornada subir\u00e1n al escenario Los Guaran\u00edes, Roxana Carabajal, Sergio Galleguillo y los Amigos, Ballet Arte Nativo, Karina Ruiz, Mauro Valent\u00edn, Fredy Olivera, Voces del Norte y Cristian Valle.<\/p>\n<p style=\"text-align: justify;\">&#8211; S\u00e1bado 12: jornada de gala, puesto que se elegir\u00e1 a la Reina Nacional del Olivo a la vez que se presentar\u00e1 el destacado m\u00fasico argentino Alejandro Lerner. Los otros artistas presentes ser\u00e1n: Los Manzeros Santiague\u00f1os, Rally Barrionuevo, Vanesa Katopodis, Ballet Tierra Gaucha, Mariano de Macedo, Puchi Gallo y Cacho Luna.<\/p>\n<p style=\"text-align: justify;\">&#8211; Domingo 13: ser\u00e1 el d\u00eda de fiesta y la m\u00fasica estar\u00e1 a cargo del grupo La Fiesta y Banda Lokura.<\/p>\n<p style=\"text-align: justify;\"><span style=\"color: #999999;\">Info: MM<\/span><\/p>\n","protected":false},"excerpt":{"rendered":"<p>La reina del Durazno, Carla Ferrari y la reina del salame Quintero Juliana Ramis viajan desde el 12 al 14 &#8230; <a title=\"La reina del Durazno y la reina del Salame quintero viajan a la Fiesta Nacional del Olivo 2011 en cruz del eje, C\u00f3rdoba.\" class=\"read-more\" href=\"https:\/\/www.hoymercedes.com.ar\/principal\/2011\/02\/03\/la-reina-del-durazno-y-la-reina-del-salame-quintero-viajan-a-la-fiesta-nacional-del-olivo-2011-en-cruz-del-eje-cordoba\/\" aria-label=\"Leer m\u00e1s sobre La reina del Durazno y la reina del Salame quintero viajan a la Fiesta Nacional del Olivo 2011 en cruz del eje, C\u00f3rdoba.\">Leer m\u00e1s<\/a><\/p>\n","protected":false},"author":1,"featured_media":0,"comment_status":"open","ping_status":"open","sticky":false,"template":"","format":"standard","meta":{"_monsterinsights_skip_tracking":false,"_monsterinsights_sitenote_active":false,"_monsterinsights_sitenote_note":"","_monsterinsights_sitenote_category":0,"jetpack_post_was_ever_published":false,"_jetpack_newsletter_access":"","_jetpack_dont_email_post_to_subs":false,"_jetpack_newsletter_tier_id":0,"_jetpack_memberships_contains_paywalled_content":false,"_jetpack_memberships_contains_paid_content":false,"footnotes":"","jetpack_publicize_message":"","jetpack_publicize_feature_enabled":true,"jetpack_social_post_already_shared":false,"jetpack_social_options":{"image_generator_settings":{"template":"highway","default_image_id":0,"font":"","enabled":false},"version":2},"_wpas_customize_per_network":false},"categories":[1],"tags":[433,10,431,432],"class_list":["post-1980","post","type-post","status-publish","format-standard","hentry","category-opinion","tag-fiesta-del-olivo","tag-mercedes","tag-reina-del-durazno","tag-reina-del-salama","generate-columns","tablet-grid-50","mobile-grid-100","grid-parent","grid-50"],"jetpack_publicize_connections":[],"jetpack_featured_media_url":"","wps_subtitle":"","jetpack_sharing_enabled":true,"_links":{"self":[{"href":"https:\/\/www.hoymercedes.com.ar\/principal\/wp-json\/wp\/v2\/posts\/1980","targetHints":{"allow":["GET"]}}],"collection":[{"href":"https:\/\/www.hoymercedes.com.ar\/principal\/wp-json\/wp\/v2\/posts"}],"about":[{"href":"https:\/\/www.hoymercedes.com.ar\/principal\/wp-json\/wp\/v2\/types\/post"}],"author":[{"embeddable":true,"href":"https:\/\/www.hoymercedes.com.ar\/principal\/wp-json\/wp\/v2\/users\/1"}],"replies":[{"embeddable":true,"href":"https:\/\/www.hoymercedes.com.ar\/principal\/wp-json\/wp\/v2\/comments?post=1980"}],"version-history":[{"count":0,"href":"https:\/\/www.hoymercedes.com.ar\/principal\/wp-json\/wp\/v2\/posts\/1980\/revisions"}],"wp:attachment":[{"href":"https:\/\/www.hoymercedes.com.ar\/principal\/wp-json\/wp\/v2\/media?parent=1980"}],"wp:term":[{"taxonomy":"category","embeddable":true,"href":"https:\/\/www.hoymercedes.com.ar\/principal\/wp-json\/wp\/v2\/categories?post=1980"},{"taxonomy":"post_tag","embeddable":true,"href":"https:\/\/www.hoymercedes.com.ar\/principal\/wp-json\/wp\/v2\/tags?post=1980"}],"curies":[{"name":"wp","href":"https:\/\/api.w.org\/{rel}","templated":true}]}}