{"id":1984,"date":"2011-02-04T02:01:05","date_gmt":"2011-02-04T02:01:05","guid":{"rendered":"http:\/\/www.hoymercedes.com.ar\/principal\/?p=1984"},"modified":"2011-02-04T02:01:05","modified_gmt":"2011-02-04T02:01:05","slug":"mujer-destacada-2010-mercedes-tendria-tres-participantes-a-nivel-provincial","status":"publish","type":"post","link":"https:\/\/www.hoymercedes.com.ar\/principal\/2011\/02\/04\/mujer-destacada-2010-mercedes-tendria-tres-participantes-a-nivel-provincial\/","title":{"rendered":"Mujer Destacada 2010: Mercedes tendr\u00eda tres participantes a nivel provincial"},"content":{"rendered":"<p style=\"text-align: justify;\">Se llev\u00f3 a cabo la \u00faltima reuni\u00f3n entre los representantes de entidades intermedias y el municipio para determinar las posibles candidaturas. Finalmente se decidieron tres nominaciones las que ahora quedan a consideraci\u00f3n del intendente ya que la idea es enviar las tres.<\/p>\n<p style=\"text-align: justify;\">Tal como se hab\u00eda anunciado la semana pasada, ayer se realiz\u00f3\u00a0 en la Direcci\u00f3n de Prensa, Protocolo y ceremonial de la comuna la \u00faltima de las reuniones pactadas para seleccionar a la\/s posibles\u00a0 representantes de nuestra ciudad en la elecci\u00f3n de la Mujer Destacada 2010 que desde el \u00e1mbito de la jefatura de Gabinete del Gobierno de la Provincia de Buenos Aires se ha impulsado<\/p>\n<p style=\"text-align: justify;\">Mart\u00edn Boragno y Mariana Adano sostuvieron desde la Direcci\u00f3n de Prensa \u201cfinalmente hemos concretado tres designaciones, una que tiene que ver con la cultura, otra con trabajos comunitarios y el tercero por la trayectoria de las tareas realizadas para beneficiar a un amplio sector de vecinos de nuestra ciudad y como podr\u00e1n ver a pesar que siempre se trata de nominar a personas que tienen que ver de manera directa con el trabajo o la ayuda comunitarias que efect\u00faan tambi\u00e9n hemos pensado en otras \u00e1reas como por ejemplo lo que una mujer puede realizar por y para la cultura de su ciudad<\/p>\n<p style=\"text-align: justify;\">Desde la provincia se hab\u00eda autorizado la elecci\u00f3n de m\u00e1s de una representante pero se nos dijo que trat\u00e1semos de no ser demasiado numeroso el numero final, as\u00ed que ahora nos vamos a dedicar a notificar en primer t\u00e9rmino de la decisi\u00f3n adoptada con los nombres correspondientes al Intendente Carlos Selva y posteriormente lo haremos con las tres personas seleccionadas ya que preferimos ser nosotros quienes le demos la informaci\u00f3n, es adem\u00e1s lo que corresponde, en lugar que enterarse por una informaci\u00f3n emitida desde los medios de prensa aunque desde ya no decimos que eso est\u00e9 mal, sino que simplemente por una actitud \u00e9tica preferimos seguirlos caminos normales\u201d<\/p>\n<p style=\"text-align: justify;\">\n<p style=\"text-align: justify;\">Con relaci\u00f3n a cuando formalizar\u00edan el anuncio correspondiente a toda la comunidad sostuvieron \u201cseguramente ser\u00e1 el intendente el encargado de dar a conocer dicha informaci\u00f3n de manera oficial, ahora nosotros debemos encargarnos de completar los formularios respectivos para estar remitiendo los durante el d\u00eda de ma\u00f1ana (por hoy) a la ciudad de La Plata cumplimentando de esta manera con todos los requisitos solicitados desde el organismo encargado de organizar esta selecci\u00f3n en la provincia\u00a0 de Buenos Aires\u201d<\/p>\n<p style=\"text-align: justify;\">Si bien como ya fue explicado los nombres no fueron dados a conocer formalmente se pudo establecer que una de las\u00a0 mujeres nominada\u00a0 desarrolla sus tareas en un conocido centro de atenci\u00f3n de la ni\u00f1ez de la avenida 1, la segunda en una de las localidades ubicadas fuera del radio urbano de la ciudad y la tercera es la propietaria de un conocido comercio c\u00e9ntrico\u201d.<\/p>\n","protected":false},"excerpt":{"rendered":"<p>Se llev\u00f3 a cabo la \u00faltima reuni\u00f3n entre los representantes de entidades intermedias y el municipio para determinar las posibles &#8230; <a title=\"Mujer Destacada 2010: Mercedes tendr\u00eda tres participantes a nivel provincial\" class=\"read-more\" href=\"https:\/\/www.hoymercedes.com.ar\/principal\/2011\/02\/04\/mujer-destacada-2010-mercedes-tendria-tres-participantes-a-nivel-provincial\/\" aria-label=\"Leer m\u00e1s sobre Mujer Destacada 2010: Mercedes tendr\u00eda tres participantes a nivel provincial\">Leer m\u00e1s<\/a><\/p>\n","protected":false},"author":1,"featured_media":0,"comment_status":"open","ping_status":"open","sticky":false,"template":"","format":"standard","meta":{"_monsterinsights_skip_tracking":false,"_monsterinsights_sitenote_active":false,"_monsterinsights_sitenote_note":"","_monsterinsights_sitenote_category":0,"jetpack_post_was_ever_published":false,"_jetpack_newsletter_access":"","_jetpack_dont_email_post_to_subs":false,"_jetpack_newsletter_tier_id":0,"_jetpack_memberships_contains_paywalled_content":false,"_jetpack_memberships_contains_paid_content":false,"footnotes":"","jetpack_publicize_message":"","jetpack_publicize_feature_enabled":true,"jetpack_social_post_already_shared":false,"jetpack_social_options":{"image_generator_settings":{"template":"highway","default_image_id":0,"font":"","enabled":false},"version":2},"_wpas_customize_per_network":false},"categories":[8],"tags":[417],"class_list":["post-1984","post","type-post","status-publish","format-standard","hentry","category-sociedad","tag-mujer-destacada-2010-mercedes","generate-columns","tablet-grid-50","mobile-grid-100","grid-parent","grid-50"],"jetpack_publicize_connections":[],"jetpack_featured_media_url":"","wps_subtitle":"","jetpack_sharing_enabled":true,"_links":{"self":[{"href":"https:\/\/www.hoymercedes.com.ar\/principal\/wp-json\/wp\/v2\/posts\/1984","targetHints":{"allow":["GET"]}}],"collection":[{"href":"https:\/\/www.hoymercedes.com.ar\/principal\/wp-json\/wp\/v2\/posts"}],"about":[{"href":"https:\/\/www.hoymercedes.com.ar\/principal\/wp-json\/wp\/v2\/types\/post"}],"author":[{"embeddable":true,"href":"https:\/\/www.hoymercedes.com.ar\/principal\/wp-json\/wp\/v2\/users\/1"}],"replies":[{"embeddable":true,"href":"https:\/\/www.hoymercedes.com.ar\/principal\/wp-json\/wp\/v2\/comments?post=1984"}],"version-history":[{"count":0,"href":"https:\/\/www.hoymercedes.com.ar\/principal\/wp-json\/wp\/v2\/posts\/1984\/revisions"}],"wp:attachment":[{"href":"https:\/\/www.hoymercedes.com.ar\/principal\/wp-json\/wp\/v2\/media?parent=1984"}],"wp:term":[{"taxonomy":"category","embeddable":true,"href":"https:\/\/www.hoymercedes.com.ar\/principal\/wp-json\/wp\/v2\/categories?post=1984"},{"taxonomy":"post_tag","embeddable":true,"href":"https:\/\/www.hoymercedes.com.ar\/principal\/wp-json\/wp\/v2\/tags?post=1984"}],"curies":[{"name":"wp","href":"https:\/\/api.w.org\/{rel}","templated":true}]}}