{"id":19900,"date":"2013-02-13T02:24:49","date_gmt":"2013-02-13T02:24:49","guid":{"rendered":"http:\/\/www.hoymercedes.com.ar\/principal\/?p=19900"},"modified":"2013-02-13T02:24:58","modified_gmt":"2013-02-13T02:24:58","slug":"varios-robos-de-motos-y-una-realidad-preocupante","status":"publish","type":"post","link":"https:\/\/www.hoymercedes.com.ar\/principal\/2013\/02\/13\/varios-robos-de-motos-y-una-realidad-preocupante\/","title":{"rendered":"Varios robos de motos y una realidad preocupante"},"content":{"rendered":"<p><em><strong>Desde hace un tiempo preocupa el incremento de robo de ciclomotores que se vive en la ciudad. Varios son los casos padecidos que han sido denunciados por los vecinos de Mercedes.<\/strong><\/em><\/p>\n<p>Algunos de los robos de las \u00faltimas jornadas fueron en calle 19 y 62, 55 y 32, 43 y 18, 36 y 37, 12 y 35, 29 y 26.<\/p>\n<p>Como se observa la sustracci\u00f3n de ciclomotores es algo preocupante. Los propietarios, principales perjudicados, quedan en la inagotable sensaci\u00f3n de que son elementos irrecuperables dado que se sospecha podr\u00e1n caer r\u00e1pidamente en alg\u00fan espacio en el cual se los desarme y convierta en repuestos o bien sufrir tal transformaci\u00f3n que los convierta en irreconocibles, en el hipot\u00e9tico caso de aparecer.<\/p>\n<p>Se recomienda tomar las mayores\u00a0precauciones posible por parte de quienes utilizan ciclomotores\u00a0pues, de momento, no existe otra v\u00eda para proteger dichos bienes.<\/p>\n","protected":false},"excerpt":{"rendered":"<p>Desde hace un tiempo preocupa el incremento de robo de ciclomotores que se vive en la ciudad. Varios son los &#8230; <a title=\"Varios robos de motos y una realidad preocupante\" class=\"read-more\" href=\"https:\/\/www.hoymercedes.com.ar\/principal\/2013\/02\/13\/varios-robos-de-motos-y-una-realidad-preocupante\/\" aria-label=\"Leer m\u00e1s sobre Varios robos de motos y una realidad preocupante\">Leer m\u00e1s<\/a><\/p>\n","protected":false},"author":1,"featured_media":0,"comment_status":"open","ping_status":"open","sticky":false,"template":"","format":"standard","meta":{"_monsterinsights_skip_tracking":false,"_monsterinsights_sitenote_active":false,"_monsterinsights_sitenote_note":"","_monsterinsights_sitenote_category":0,"jetpack_post_was_ever_published":false,"_jetpack_newsletter_access":"","_jetpack_dont_email_post_to_subs":false,"_jetpack_newsletter_tier_id":0,"_jetpack_memberships_contains_paywalled_content":false,"_jetpack_memberships_contains_paid_content":false,"footnotes":"","jetpack_publicize_message":"","jetpack_publicize_feature_enabled":true,"jetpack_social_post_already_shared":false,"jetpack_social_options":{"image_generator_settings":{"template":"highway","default_image_id":0,"font":"","enabled":false},"version":2},"_wpas_customize_per_network":false},"categories":[85],"tags":[3200,126,3199],"class_list":["post-19900","post","type-post","status-publish","format-standard","hentry","category-policial","tag-motos-robadas-mercedes","tag-policia-mercedes","tag-robos-en-mercedes","generate-columns","tablet-grid-50","mobile-grid-100","grid-parent","grid-50"],"jetpack_publicize_connections":[],"jetpack_featured_media_url":"","wps_subtitle":"","jetpack_sharing_enabled":true,"_links":{"self":[{"href":"https:\/\/www.hoymercedes.com.ar\/principal\/wp-json\/wp\/v2\/posts\/19900","targetHints":{"allow":["GET"]}}],"collection":[{"href":"https:\/\/www.hoymercedes.com.ar\/principal\/wp-json\/wp\/v2\/posts"}],"about":[{"href":"https:\/\/www.hoymercedes.com.ar\/principal\/wp-json\/wp\/v2\/types\/post"}],"author":[{"embeddable":true,"href":"https:\/\/www.hoymercedes.com.ar\/principal\/wp-json\/wp\/v2\/users\/1"}],"replies":[{"embeddable":true,"href":"https:\/\/www.hoymercedes.com.ar\/principal\/wp-json\/wp\/v2\/comments?post=19900"}],"version-history":[{"count":0,"href":"https:\/\/www.hoymercedes.com.ar\/principal\/wp-json\/wp\/v2\/posts\/19900\/revisions"}],"wp:attachment":[{"href":"https:\/\/www.hoymercedes.com.ar\/principal\/wp-json\/wp\/v2\/media?parent=19900"}],"wp:term":[{"taxonomy":"category","embeddable":true,"href":"https:\/\/www.hoymercedes.com.ar\/principal\/wp-json\/wp\/v2\/categories?post=19900"},{"taxonomy":"post_tag","embeddable":true,"href":"https:\/\/www.hoymercedes.com.ar\/principal\/wp-json\/wp\/v2\/tags?post=19900"}],"curies":[{"name":"wp","href":"https:\/\/api.w.org\/{rel}","templated":true}]}}