{"id":1991,"date":"2011-02-04T02:06:46","date_gmt":"2011-02-04T02:06:46","guid":{"rendered":"http:\/\/www.hoymercedes.com.ar\/principal\/?p=1991"},"modified":"2011-02-04T02:06:46","modified_gmt":"2011-02-04T02:06:46","slug":"cronograma-de-actividades-de-la-direccion-de-deportes","status":"publish","type":"post","link":"https:\/\/www.hoymercedes.com.ar\/principal\/2011\/02\/04\/cronograma-de-actividades-de-la-direccion-de-deportes\/","title":{"rendered":"Cronograma de actividades de la Direcci\u00f3n de Deportes"},"content":{"rendered":"<p style=\"text-align: justify;\">Para Febrero y Marzo<\/p>\n<p style=\"text-align: justify;\">Cartelera de actividades de la direcci\u00f3n de deportes<\/p>\n<p style=\"text-align: justify;\">S\u00e1bado 12 de febrero: exhibici\u00f3n de radio control, a las 19,00 hs, frente al palacio municipal.<\/p>\n<p style=\"text-align: justify;\">Jueves 17 de febrero: fiesta de las distinciones deportivas a, las 20,30 hs en el polideportivo a cielo abierto (ex instituto mart\u00edn Rodr\u00edguez).<\/p>\n<p style=\"text-align: justify;\">Viernes 18 de febrero: 2\u00ba edici\u00f3n del 3 x 3 de basquetbol, a las 19,00 hs en frente del palacio municipal.<\/p>\n<p style=\"text-align: justify;\">Mi\u00e9rcoles 23 de febrero: desaf\u00edo de los valientes, a las 20,00 hs frente al palacio municipal.<\/p>\n<p style=\"text-align: justify;\">Viernes 25 y domingo 27 de febrero: torneo de beach voley, a las 17,00 en el polideportivo a cielo abierto (ex instituto Mart\u00edn Rodr\u00edguez).<\/p>\n<p style=\"text-align: justify;\">Del 10 al 23 de marzo: etapa local clasificatorio para la 9\u00ba edici\u00f3n de las olimpiadas de la cuenca del salado.<\/p>\n<p style=\"text-align: justify;\">S\u00e1bado 26 de marzo: marat\u00f3n diario cr\u00f3nica (prueba mar Huici), a las 17,00 en calle 12 y 47.<\/p>\n","protected":false},"excerpt":{"rendered":"<p>Para Febrero y Marzo Cartelera de actividades de la direcci\u00f3n de deportes S\u00e1bado 12 de febrero: exhibici\u00f3n de radio control, &#8230; <a title=\"Cronograma de actividades de la Direcci\u00f3n de Deportes\" class=\"read-more\" href=\"https:\/\/www.hoymercedes.com.ar\/principal\/2011\/02\/04\/cronograma-de-actividades-de-la-direccion-de-deportes\/\" aria-label=\"Leer m\u00e1s sobre Cronograma de actividades de la Direcci\u00f3n de Deportes\">Leer m\u00e1s<\/a><\/p>\n","protected":false},"author":1,"featured_media":0,"comment_status":"open","ping_status":"open","sticky":false,"template":"","format":"standard","meta":{"_monsterinsights_skip_tracking":false,"_monsterinsights_sitenote_active":false,"_monsterinsights_sitenote_note":"","_monsterinsights_sitenote_category":0,"jetpack_post_was_ever_published":false,"_jetpack_newsletter_access":"","_jetpack_dont_email_post_to_subs":false,"_jetpack_newsletter_tier_id":0,"_jetpack_memberships_contains_paywalled_content":false,"_jetpack_memberships_contains_paid_content":false,"footnotes":"","jetpack_publicize_message":"","jetpack_publicize_feature_enabled":true,"jetpack_social_post_already_shared":false,"jetpack_social_options":{"image_generator_settings":{"template":"highway","default_image_id":0,"font":"","enabled":false},"version":2},"_wpas_customize_per_network":false},"categories":[21],"tags":[142],"class_list":["post-1991","post","type-post","status-publish","format-standard","hentry","category-deportes","tag-deportes-mercedes","generate-columns","tablet-grid-50","mobile-grid-100","grid-parent","grid-50"],"jetpack_publicize_connections":[],"jetpack_featured_media_url":"","wps_subtitle":"","jetpack_sharing_enabled":true,"_links":{"self":[{"href":"https:\/\/www.hoymercedes.com.ar\/principal\/wp-json\/wp\/v2\/posts\/1991","targetHints":{"allow":["GET"]}}],"collection":[{"href":"https:\/\/www.hoymercedes.com.ar\/principal\/wp-json\/wp\/v2\/posts"}],"about":[{"href":"https:\/\/www.hoymercedes.com.ar\/principal\/wp-json\/wp\/v2\/types\/post"}],"author":[{"embeddable":true,"href":"https:\/\/www.hoymercedes.com.ar\/principal\/wp-json\/wp\/v2\/users\/1"}],"replies":[{"embeddable":true,"href":"https:\/\/www.hoymercedes.com.ar\/principal\/wp-json\/wp\/v2\/comments?post=1991"}],"version-history":[{"count":0,"href":"https:\/\/www.hoymercedes.com.ar\/principal\/wp-json\/wp\/v2\/posts\/1991\/revisions"}],"wp:attachment":[{"href":"https:\/\/www.hoymercedes.com.ar\/principal\/wp-json\/wp\/v2\/media?parent=1991"}],"wp:term":[{"taxonomy":"category","embeddable":true,"href":"https:\/\/www.hoymercedes.com.ar\/principal\/wp-json\/wp\/v2\/categories?post=1991"},{"taxonomy":"post_tag","embeddable":true,"href":"https:\/\/www.hoymercedes.com.ar\/principal\/wp-json\/wp\/v2\/tags?post=1991"}],"curies":[{"name":"wp","href":"https:\/\/api.w.org\/{rel}","templated":true}]}}