{"id":19918,"date":"2013-02-14T12:04:58","date_gmt":"2013-02-14T12:04:58","guid":{"rendered":"http:\/\/www.hoymercedes.com.ar\/principal\/?p=19918"},"modified":"2013-02-14T12:05:04","modified_gmt":"2013-02-14T12:05:04","slug":"albitas-actividad-compartida-y-partidos-junto-river-plate","status":"publish","type":"post","link":"https:\/\/www.hoymercedes.com.ar\/principal\/2013\/02\/14\/albitas-actividad-compartida-y-partidos-junto-river-plate\/","title":{"rendered":"Albitas: actividad compartida y partidos junto River Plate"},"content":{"rendered":"<figure id=\"attachment_19920\" aria-describedby=\"caption-attachment-19920\" style=\"width: 608px\" class=\"wp-caption aligncenter\"><a href=\"https:\/\/www.hoymercedes.com.ar\/principal\/wp-content\/uploads\/2013\/02\/Albitas-Entrenamiento.jpg\"><img loading=\"lazy\" decoding=\"async\" data-attachment-id=\"19920\" data-permalink=\"https:\/\/www.hoymercedes.com.ar\/principal\/2013\/02\/14\/albitas-actividad-compartida-y-partidos-junto-river-plate\/albitas-entrenamiento\/#main\" data-orig-file=\"https:\/\/www.hoymercedes.com.ar\/principal\/wp-content\/uploads\/2013\/02\/Albitas-Entrenamiento.jpg\" data-orig-size=\"618,464\" data-comments-opened=\"1\" data-image-meta=\"{&quot;aperture&quot;:&quot;0&quot;,&quot;credit&quot;:&quot;&quot;,&quot;camera&quot;:&quot;&quot;,&quot;caption&quot;:&quot;&quot;,&quot;created_timestamp&quot;:&quot;0&quot;,&quot;copyright&quot;:&quot;&quot;,&quot;focal_length&quot;:&quot;0&quot;,&quot;iso&quot;:&quot;0&quot;,&quot;shutter_speed&quot;:&quot;0&quot;,&quot;title&quot;:&quot;&quot;}\" data-image-title=\"Albitas-Entrenamiento\" data-image-description=\"&lt;p&gt;Albitas  entrenando en Gendarmer\u00eda a principio de a\u00f1o.&lt;\/p&gt;\n\" data-image-caption=\"&lt;p&gt;Albitas  entrenando en Gendarmer\u00eda a principio de a\u00f1o.&lt;\/p&gt;\n\" data-large-file=\"https:\/\/www.hoymercedes.com.ar\/principal\/wp-content\/uploads\/2013\/02\/Albitas-Entrenamiento.jpg\" class=\"size-full wp-image-19920\" alt=\"Albitas  entrenando en Gendarmer\u00eda a principio de a\u00f1o.\" src=\"https:\/\/www.hoymercedes.com.ar\/principal\/wp-content\/uploads\/2013\/02\/Albitas-Entrenamiento.jpg\" width=\"618\" height=\"464\" \/><\/a><figcaption id=\"caption-attachment-19920\" class=\"wp-caption-text\">Albitas entrenando en Gendarmer\u00eda a principio de a\u00f1o.<\/figcaption><\/figure>\n<p>Durante este fin de semana largo las Albitas tuvieron actividad compartida con River Plate donde disputaron dos partidos y llevaron adelante la denominada \u00abconvivencia\u00bb.<\/p>\n<p>Se trataron de actividades propias de la pre temporada con miras al torneo que se iniciar\u00e1 pronto donde el equipo de f\u00fatbol femenino All Boys con estancia en nuestra ciudad participar\u00e1.<\/p>\n<p>Las actividades contin\u00faan este fin de semana con nuevos entrenamientos. Respecto a los partidos con River jugaron dos. En uno de ellos los de Nu\u00f1ez ganaron 5 a 0 mientras que en el otro lo hicieron por 3 a 0.<\/p>\n<p>Por otra parte se supo que estar\u00e1n disputando encuentros en Carlos Casares los d\u00edas 23 y 24 de febrero.<\/p>\n","protected":false},"excerpt":{"rendered":"<p>Durante este fin de semana largo las Albitas tuvieron actividad compartida con River Plate donde disputaron dos partidos y llevaron &#8230; <a title=\"Albitas: actividad compartida y partidos junto River Plate\" class=\"read-more\" href=\"https:\/\/www.hoymercedes.com.ar\/principal\/2013\/02\/14\/albitas-actividad-compartida-y-partidos-junto-river-plate\/\" aria-label=\"Leer m\u00e1s sobre Albitas: actividad compartida y partidos junto River Plate\">Leer m\u00e1s<\/a><\/p>\n","protected":false},"author":1,"featured_media":0,"comment_status":"open","ping_status":"open","sticky":false,"template":"","format":"standard","meta":{"_monsterinsights_skip_tracking":false,"_monsterinsights_sitenote_active":false,"_monsterinsights_sitenote_note":"","_monsterinsights_sitenote_category":0,"jetpack_post_was_ever_published":false,"_jetpack_newsletter_access":"","_jetpack_dont_email_post_to_subs":false,"_jetpack_newsletter_tier_id":0,"_jetpack_memberships_contains_paywalled_content":false,"_jetpack_memberships_contains_paid_content":false,"footnotes":"","jetpack_publicize_message":"","jetpack_publicize_feature_enabled":true,"jetpack_social_post_already_shared":false,"jetpack_social_options":{"image_generator_settings":{"template":"highway","default_image_id":0,"font":"","enabled":false},"version":2},"_wpas_customize_per_network":false},"categories":[21],"tags":[1390,2966],"class_list":["post-19918","post","type-post","status-publish","format-standard","hentry","category-deportes","tag-albitas-mercedes","tag-all-boys","generate-columns","tablet-grid-50","mobile-grid-100","grid-parent","grid-50"],"jetpack_publicize_connections":[],"jetpack_featured_media_url":"","wps_subtitle":"","jetpack_sharing_enabled":true,"_links":{"self":[{"href":"https:\/\/www.hoymercedes.com.ar\/principal\/wp-json\/wp\/v2\/posts\/19918","targetHints":{"allow":["GET"]}}],"collection":[{"href":"https:\/\/www.hoymercedes.com.ar\/principal\/wp-json\/wp\/v2\/posts"}],"about":[{"href":"https:\/\/www.hoymercedes.com.ar\/principal\/wp-json\/wp\/v2\/types\/post"}],"author":[{"embeddable":true,"href":"https:\/\/www.hoymercedes.com.ar\/principal\/wp-json\/wp\/v2\/users\/1"}],"replies":[{"embeddable":true,"href":"https:\/\/www.hoymercedes.com.ar\/principal\/wp-json\/wp\/v2\/comments?post=19918"}],"version-history":[{"count":0,"href":"https:\/\/www.hoymercedes.com.ar\/principal\/wp-json\/wp\/v2\/posts\/19918\/revisions"}],"wp:attachment":[{"href":"https:\/\/www.hoymercedes.com.ar\/principal\/wp-json\/wp\/v2\/media?parent=19918"}],"wp:term":[{"taxonomy":"category","embeddable":true,"href":"https:\/\/www.hoymercedes.com.ar\/principal\/wp-json\/wp\/v2\/categories?post=19918"},{"taxonomy":"post_tag","embeddable":true,"href":"https:\/\/www.hoymercedes.com.ar\/principal\/wp-json\/wp\/v2\/tags?post=19918"}],"curies":[{"name":"wp","href":"https:\/\/api.w.org\/{rel}","templated":true}]}}