{"id":19949,"date":"2013-02-16T04:00:10","date_gmt":"2013-02-16T04:00:10","guid":{"rendered":"http:\/\/www.hoymercedes.com.ar\/principal\/?p=19949"},"modified":"2013-02-16T04:04:02","modified_gmt":"2013-02-16T04:04:02","slug":"se-creara-juzgado-de-faltas-provincia-regional-en-mercedes","status":"publish","type":"post","link":"https:\/\/www.hoymercedes.com.ar\/principal\/2013\/02\/16\/se-creara-juzgado-de-faltas-provincia-regional-en-mercedes\/","title":{"rendered":"Se crear\u00e1 Juzgado de Faltas Provincial a nivel regional en Mercedes"},"content":{"rendered":"<figure id=\"attachment_19951\" aria-describedby=\"caption-attachment-19951\" style=\"width: 608px\" class=\"wp-caption aligncenter\"><a href=\"https:\/\/www.hoymercedes.com.ar\/principal\/wp-content\/uploads\/2013\/02\/Selva-Molinas.jpg\"><img loading=\"lazy\" decoding=\"async\" data-attachment-id=\"19951\" data-permalink=\"https:\/\/www.hoymercedes.com.ar\/principal\/2013\/02\/16\/se-creara-juzgado-de-faltas-provincia-regional-en-mercedes\/selva-molinas\/#main\" data-orig-file=\"https:\/\/www.hoymercedes.com.ar\/principal\/wp-content\/uploads\/2013\/02\/Selva-Molinas.jpg\" data-orig-size=\"618,464\" data-comments-opened=\"1\" data-image-meta=\"{&quot;aperture&quot;:&quot;2.6&quot;,&quot;credit&quot;:&quot;&quot;,&quot;camera&quot;:&quot;GT-B5510L&quot;,&quot;caption&quot;:&quot;&quot;,&quot;created_timestamp&quot;:&quot;1360927738&quot;,&quot;copyright&quot;:&quot;&quot;,&quot;focal_length&quot;:&quot;2.79&quot;,&quot;iso&quot;:&quot;200&quot;,&quot;shutter_speed&quot;:&quot;0.1&quot;,&quot;title&quot;:&quot;&quot;}\" data-image-title=\"Selva-Molinas\" data-image-description=\"&lt;p&gt;Carlos Selva &amp;#8211; Jos\u00e9 Molina&lt;\/p&gt;\n\" data-image-caption=\"&lt;p&gt;Carlos Selva &amp;#8211; Jos\u00e9 Molina&lt;\/p&gt;\n\" data-large-file=\"https:\/\/www.hoymercedes.com.ar\/principal\/wp-content\/uploads\/2013\/02\/Selva-Molinas.jpg\" class=\"size-full wp-image-19951\" alt=\"Carlos Selva - Jos\u00e9 Molina\" src=\"https:\/\/www.hoymercedes.com.ar\/principal\/wp-content\/uploads\/2013\/02\/Selva-Molinas.jpg\" width=\"618\" height=\"464\" \/><\/a><figcaption id=\"caption-attachment-19951\" class=\"wp-caption-text\">Carlos Selva &#8211; Jos\u00e9 Molina<\/figcaption><\/figure>\n<p>El responsable de la agencia de seguridad vial de la provincia de Buenos Aires, Jos\u00e9 Molina, estuvo presente en nuestra ciudad manteniendo una reuni\u00f3n con el intendente Carlos Selva donde dialogaron en torno a diversas medidas que se adoptar\u00e1n en el futuro para incluir a Mercedes en pol\u00edticas de Estado sobre seguridad vial, prevenci\u00f3n, mejoras, capacitaci\u00f3n, radarizaci\u00f3n y lo m\u00e1s destacado la creaci\u00f3n del juzgado provincial de faltas a nivel regional en nuestra ciudad. Tambi\u00e9n podr\u00edan implementarse foto multas.<\/p>\n<p>Jos\u00e9 Molina sostuvo: \u201cEstamos trabajando varios aspectos, temas de licencias, radares, obras y puntualmente generar en Mercedes el juzgado de faltas provincial, es decir, la cabecera regional evitando que se deba viajar a Don Tortuarto u otras localidades\u201d luego aclar\u00f3 que se trata de una medida enmarcada en la ley: \u201cLa creaci\u00f3n del juzgado regional est\u00e1 por ley. Le pediremos al intendente un espacio f\u00edsico intercambiando tareas. El intendente nos pidi\u00f3 que el juez sea de Mercedes tambi\u00e9n. Ser\u00e1 un trabajo integral.\u201d<\/p>\n<p>Carlos Selva dialog\u00f3 tambi\u00e9n respecto a la implementaci\u00f3n de la balanza para el control del peso de los camiones y veh\u00edculos de gran porte: \u201cLa municipalidad va a poner las personas para hacer funcionar la balanza. Nosotros estamos esperando la instrumentaci\u00f3n y ya est\u00e1. Ha pasado por el concejo Deliberante y aprobado. La instrumentaci\u00f3n de la balanza viene como algo integral ya que se va a arreglar la ruta, se va a capacitar, vamos a controlar peso y velocidades. Estamos en una etapa donde la provincia vuelve a tomar la importancia que el tema tiene:\u201d<\/p>\n<p>La conferencia de prensa dej\u00f3 en claro que se buscar\u00e1 mejorar las condiciones de la ruta provincial 41, se\u00f1alizaci\u00f3n, radarizaci\u00f3n y obras a partir del anuncio reciente de 37 millones de pesos para mejoras. Selva destac\u00f3 que entre Mercedes y Giles se ven\u00eda cuidando mucho, pero, era necesario algo m\u00e1s profundo, como lo anunciado.<\/p>\n<p>Respecto a los radares ser\u00edan utilizados en la ruta, pero, tambi\u00e9n en el radio c\u00e9ntrico donde buscar\u00e1n mejorar la cuesti\u00f3n vial de la comuna. Otra cuesti\u00f3n mencionada es ver la posibilidad de implementar foto multas en el radio c\u00e9ntrico y en rutas.<\/p>\n<p>&nbsp;<\/p>\n","protected":false},"excerpt":{"rendered":"<p>El responsable de la agencia de seguridad vial de la provincia de Buenos Aires, Jos\u00e9 Molina, estuvo presente en nuestra &#8230; <a title=\"Se crear\u00e1 Juzgado de Faltas Provincial a nivel regional en Mercedes\" class=\"read-more\" href=\"https:\/\/www.hoymercedes.com.ar\/principal\/2013\/02\/16\/se-creara-juzgado-de-faltas-provincia-regional-en-mercedes\/\" aria-label=\"Leer m\u00e1s sobre Se crear\u00e1 Juzgado de Faltas Provincial a nivel regional en Mercedes\">Leer m\u00e1s<\/a><\/p>\n","protected":false},"author":1,"featured_media":0,"comment_status":"open","ping_status":"open","sticky":false,"template":"","format":"standard","meta":{"_monsterinsights_skip_tracking":false,"_monsterinsights_sitenote_active":false,"_monsterinsights_sitenote_note":"","_monsterinsights_sitenote_category":0,"jetpack_post_was_ever_published":false,"_jetpack_newsletter_access":"","_jetpack_dont_email_post_to_subs":false,"_jetpack_newsletter_tier_id":0,"_jetpack_memberships_contains_paywalled_content":false,"_jetpack_memberships_contains_paid_content":false,"footnotes":"","jetpack_publicize_message":"","jetpack_publicize_feature_enabled":true,"jetpack_social_post_already_shared":false,"jetpack_social_options":{"image_generator_settings":{"template":"highway","default_image_id":0,"font":"","enabled":false},"version":2},"_wpas_customize_per_network":false},"categories":[30],"tags":[3209,3211,2670,3210],"class_list":["post-19949","post","type-post","status-publish","format-standard","hentry","category-municipio","tag-carlos-selva-jose-molina","tag-radares-en-ruta","tag-ruta-41","tag-seguridad-vial-mercedes","generate-columns","tablet-grid-50","mobile-grid-100","grid-parent","grid-50"],"jetpack_publicize_connections":[],"jetpack_featured_media_url":"","wps_subtitle":"","jetpack_sharing_enabled":true,"_links":{"self":[{"href":"https:\/\/www.hoymercedes.com.ar\/principal\/wp-json\/wp\/v2\/posts\/19949","targetHints":{"allow":["GET"]}}],"collection":[{"href":"https:\/\/www.hoymercedes.com.ar\/principal\/wp-json\/wp\/v2\/posts"}],"about":[{"href":"https:\/\/www.hoymercedes.com.ar\/principal\/wp-json\/wp\/v2\/types\/post"}],"author":[{"embeddable":true,"href":"https:\/\/www.hoymercedes.com.ar\/principal\/wp-json\/wp\/v2\/users\/1"}],"replies":[{"embeddable":true,"href":"https:\/\/www.hoymercedes.com.ar\/principal\/wp-json\/wp\/v2\/comments?post=19949"}],"version-history":[{"count":0,"href":"https:\/\/www.hoymercedes.com.ar\/principal\/wp-json\/wp\/v2\/posts\/19949\/revisions"}],"wp:attachment":[{"href":"https:\/\/www.hoymercedes.com.ar\/principal\/wp-json\/wp\/v2\/media?parent=19949"}],"wp:term":[{"taxonomy":"category","embeddable":true,"href":"https:\/\/www.hoymercedes.com.ar\/principal\/wp-json\/wp\/v2\/categories?post=19949"},{"taxonomy":"post_tag","embeddable":true,"href":"https:\/\/www.hoymercedes.com.ar\/principal\/wp-json\/wp\/v2\/tags?post=19949"}],"curies":[{"name":"wp","href":"https:\/\/api.w.org\/{rel}","templated":true}]}}