{"id":19967,"date":"2013-02-16T21:22:51","date_gmt":"2013-02-16T21:22:51","guid":{"rendered":"http:\/\/www.hoymercedes.com.ar\/principal\/?p=19967"},"modified":"2013-02-16T21:23:41","modified_gmt":"2013-02-16T21:23:41","slug":"durante-los-carnavales-tambien-hubo-detenciones-policiales","status":"publish","type":"post","link":"https:\/\/www.hoymercedes.com.ar\/principal\/2013\/02\/16\/durante-los-carnavales-tambien-hubo-detenciones-policiales\/","title":{"rendered":"Durante los carnavales tambi\u00e9n hubo detenciones policiales"},"content":{"rendered":"<figure id=\"attachment_19969\" aria-describedby=\"caption-attachment-19969\" style=\"width: 608px\" class=\"wp-caption aligncenter\"><a href=\"https:\/\/www.hoymercedes.com.ar\/principal\/wp-content\/uploads\/2013\/02\/C-arnavales2013.jpg\"><img loading=\"lazy\" decoding=\"async\" data-attachment-id=\"19969\" data-permalink=\"https:\/\/www.hoymercedes.com.ar\/principal\/2013\/02\/16\/durante-los-carnavales-tambien-hubo-detenciones-policiales\/c-arnavales2013\/#main\" data-orig-file=\"https:\/\/www.hoymercedes.com.ar\/principal\/wp-content\/uploads\/2013\/02\/C-arnavales2013.jpg\" data-orig-size=\"618,464\" data-comments-opened=\"1\" data-image-meta=\"{&quot;aperture&quot;:&quot;3.1&quot;,&quot;credit&quot;:&quot;&quot;,&quot;camera&quot;:&quot;COOLPIX L310&quot;,&quot;caption&quot;:&quot;&quot;,&quot;created_timestamp&quot;:&quot;1360721436&quot;,&quot;copyright&quot;:&quot;&quot;,&quot;focal_length&quot;:&quot;4.5&quot;,&quot;iso&quot;:&quot;800&quot;,&quot;shutter_speed&quot;:&quot;0.033333333333333&quot;,&quot;title&quot;:&quot;&quot;}\" data-image-title=\"C arnavales2013\" data-image-description=\"\" data-image-caption=\"&lt;p&gt;Carnavales 2013&lt;\/p&gt;\n\" data-large-file=\"https:\/\/www.hoymercedes.com.ar\/principal\/wp-content\/uploads\/2013\/02\/C-arnavales2013.jpg\" class=\"size-full wp-image-19969\" alt=\"Carnavales 2013\" src=\"https:\/\/www.hoymercedes.com.ar\/principal\/wp-content\/uploads\/2013\/02\/C-arnavales2013.jpg\" width=\"618\" height=\"464\" \/><\/a><figcaption id=\"caption-attachment-19969\" class=\"wp-caption-text\">Carnavales 2013<\/figcaption><\/figure>\n<p><strong><em>Se supo que la Polic\u00eda de nuestra ciudad debi\u00f3 actuar al menos en dos ocasiones con la detenci\u00f3n de personas. Las cuatro noches tuvieron en t\u00e9rminos globales un muy buen clima, sin violencia, arrebatos ni cosa semejante, salvo alg\u00fan muy aislado hecho. Sin embargo, s\u00ed hubo dos detenidos.<\/em><\/strong><\/p>\n<p>El primero de ellos fue la noche del s\u00e1bado en pleno coraz\u00f3n del carnaval cuando efectivos de la Comisaria local junto a personal de la Polic\u00eda Federal observaron a un joven que estaba en estado de ebriedad\u00a0mostr\u00e1ndose\u00a0agresivo con los asistentes que se cruzaba. Al actuar y demorarlo le realizaron el cacheo de rutina y hallaron que ten\u00eda una cuchilla de grandes dimensiones entre sus ropas. Fue detenido por seguridad de todos y puesto a disposici\u00f3n de la justicia.<\/p>\n<p>El segundo hecho destacado fue en calles 29 y 30 donde varios j\u00f3venes menores de edad agredieron a una se\u00f1ora mayor a la cual le provocaron lesiones de menor gravedad en diversas partes del cuerpo. No se supo qu\u00e9 motivos ten\u00edan.<\/p>\n<p>Otro momento de actuaci\u00f3n fue cuando un grupo de j\u00f3venes se peleaban, en bandas, donde la Polic\u00eda busc\u00f3 disolver la situaci\u00f3n y tambi\u00e9n fue parte de los golpes.<\/p>\n<p>En el marco de miles de personas esta serie de actos son una pauta de que, a pesar de ellos, la fiesta se vivi\u00f3 con normalidad.<\/p>\n","protected":false},"excerpt":{"rendered":"<p>Se supo que la Polic\u00eda de nuestra ciudad debi\u00f3 actuar al menos en dos ocasiones con la detenci\u00f3n de personas. &#8230; <a title=\"Durante los carnavales tambi\u00e9n hubo detenciones policiales\" class=\"read-more\" href=\"https:\/\/www.hoymercedes.com.ar\/principal\/2013\/02\/16\/durante-los-carnavales-tambien-hubo-detenciones-policiales\/\" aria-label=\"Leer m\u00e1s sobre Durante los carnavales tambi\u00e9n hubo detenciones policiales\">Leer m\u00e1s<\/a><\/p>\n","protected":false},"author":1,"featured_media":0,"comment_status":"open","ping_status":"open","sticky":false,"template":"","format":"standard","meta":{"_monsterinsights_skip_tracking":false,"_monsterinsights_sitenote_active":false,"_monsterinsights_sitenote_note":"","_monsterinsights_sitenote_category":0,"jetpack_post_was_ever_published":false,"_jetpack_newsletter_access":"","_jetpack_dont_email_post_to_subs":false,"_jetpack_newsletter_tier_id":0,"_jetpack_memberships_contains_paywalled_content":false,"_jetpack_memberships_contains_paid_content":false,"footnotes":"","jetpack_publicize_message":"","jetpack_publicize_feature_enabled":true,"jetpack_social_post_already_shared":false,"jetpack_social_options":{"image_generator_settings":{"template":"highway","default_image_id":0,"font":"","enabled":false},"version":2},"_wpas_customize_per_network":false},"categories":[85],"tags":[3213,126],"class_list":["post-19967","post","type-post","status-publish","format-standard","hentry","category-policial","tag-detenciones-policiales","tag-policia-mercedes","generate-columns","tablet-grid-50","mobile-grid-100","grid-parent","grid-50"],"jetpack_publicize_connections":[],"jetpack_featured_media_url":"","wps_subtitle":"","jetpack_sharing_enabled":true,"_links":{"self":[{"href":"https:\/\/www.hoymercedes.com.ar\/principal\/wp-json\/wp\/v2\/posts\/19967","targetHints":{"allow":["GET"]}}],"collection":[{"href":"https:\/\/www.hoymercedes.com.ar\/principal\/wp-json\/wp\/v2\/posts"}],"about":[{"href":"https:\/\/www.hoymercedes.com.ar\/principal\/wp-json\/wp\/v2\/types\/post"}],"author":[{"embeddable":true,"href":"https:\/\/www.hoymercedes.com.ar\/principal\/wp-json\/wp\/v2\/users\/1"}],"replies":[{"embeddable":true,"href":"https:\/\/www.hoymercedes.com.ar\/principal\/wp-json\/wp\/v2\/comments?post=19967"}],"version-history":[{"count":0,"href":"https:\/\/www.hoymercedes.com.ar\/principal\/wp-json\/wp\/v2\/posts\/19967\/revisions"}],"wp:attachment":[{"href":"https:\/\/www.hoymercedes.com.ar\/principal\/wp-json\/wp\/v2\/media?parent=19967"}],"wp:term":[{"taxonomy":"category","embeddable":true,"href":"https:\/\/www.hoymercedes.com.ar\/principal\/wp-json\/wp\/v2\/categories?post=19967"},{"taxonomy":"post_tag","embeddable":true,"href":"https:\/\/www.hoymercedes.com.ar\/principal\/wp-json\/wp\/v2\/tags?post=19967"}],"curies":[{"name":"wp","href":"https:\/\/api.w.org\/{rel}","templated":true}]}}