{"id":19978,"date":"2013-02-18T00:42:13","date_gmt":"2013-02-18T00:42:13","guid":{"rendered":"http:\/\/www.hoymercedes.com.ar\/principal\/?p=19978"},"modified":"2013-02-18T00:42:23","modified_gmt":"2013-02-18T00:42:23","slug":"robo-en-la-madrugada-y-un-alerta-ciudadano","status":"publish","type":"post","link":"https:\/\/www.hoymercedes.com.ar\/principal\/2013\/02\/18\/robo-en-la-madrugada-y-un-alerta-ciudadano\/","title":{"rendered":"Robo en la madrugada y un alerta ciudadano"},"content":{"rendered":"<p><em><strong>El hecho se produjo hace unos d\u00edas, pero, toma notoriedad por la necesidad de invitar a la ciudadan\u00eda a tomar las\u00a0precauciones\u00a0necesarias al momento de circular por la v\u00eda p\u00fablica, en especial de madrugada.\u00a0<\/strong><\/em><\/p>\n<p>El acontecimiento se vivi\u00f3\u00a0d\u00edas atr\u00e1s cuando dos j\u00f3venes de esta ciudad caminaban en la madrugada por inmediaciones de las calles 27 y 30, fueron interceptadas por un auto Ford Falcon, del que bajan 4 hombres, y luego de obligarlas a desviar la mirada y mostrarle armas de fuego, les roban sus tel\u00e9fonos celulares y dinero en efectivo. Si bien se considera que este tipo de hechos resulta ser aislado, es importante para que la ciudadan\u00eda \u201cpreste atenci\u00f3n\u201d, y desde la Comisaria local se solicita a los vecinos que sepan algo al respecto, se hagan presentes en la misma para informarlo, comprometi\u00e9ndose en reservar la identidad.<\/p>\n<p>Estos actos de caracter\u00edsticas menores, pero graves para quienes lo viven, invitan a la\u00a0ciudadan\u00eda\u00a0a estar muy alertas y ser solidarios con quienes puedan necesitar una mano.<\/p>\n","protected":false},"excerpt":{"rendered":"<p>El hecho se produjo hace unos d\u00edas, pero, toma notoriedad por la necesidad de invitar a la ciudadan\u00eda a tomar &#8230; <a title=\"Robo en la madrugada y un alerta ciudadano\" class=\"read-more\" href=\"https:\/\/www.hoymercedes.com.ar\/principal\/2013\/02\/18\/robo-en-la-madrugada-y-un-alerta-ciudadano\/\" aria-label=\"Leer m\u00e1s sobre Robo en la madrugada y un alerta ciudadano\">Leer m\u00e1s<\/a><\/p>\n","protected":false},"author":1,"featured_media":0,"comment_status":"open","ping_status":"open","sticky":false,"template":"","format":"standard","meta":{"_monsterinsights_skip_tracking":false,"_monsterinsights_sitenote_active":false,"_monsterinsights_sitenote_note":"","_monsterinsights_sitenote_category":0,"jetpack_post_was_ever_published":false,"_jetpack_newsletter_access":"","_jetpack_dont_email_post_to_subs":false,"_jetpack_newsletter_tier_id":0,"_jetpack_memberships_contains_paywalled_content":false,"_jetpack_memberships_contains_paid_content":false,"footnotes":"","jetpack_publicize_message":"","jetpack_publicize_feature_enabled":true,"jetpack_social_post_already_shared":false,"jetpack_social_options":{"image_generator_settings":{"template":"highway","default_image_id":0,"font":"","enabled":false},"version":2},"_wpas_customize_per_network":false},"categories":[85],"tags":[3214],"class_list":["post-19978","post","type-post","status-publish","format-standard","hentry","category-policial","tag-robo-en-la-madrugada","generate-columns","tablet-grid-50","mobile-grid-100","grid-parent","grid-50"],"jetpack_publicize_connections":[],"jetpack_featured_media_url":"","wps_subtitle":"","jetpack_sharing_enabled":true,"_links":{"self":[{"href":"https:\/\/www.hoymercedes.com.ar\/principal\/wp-json\/wp\/v2\/posts\/19978","targetHints":{"allow":["GET"]}}],"collection":[{"href":"https:\/\/www.hoymercedes.com.ar\/principal\/wp-json\/wp\/v2\/posts"}],"about":[{"href":"https:\/\/www.hoymercedes.com.ar\/principal\/wp-json\/wp\/v2\/types\/post"}],"author":[{"embeddable":true,"href":"https:\/\/www.hoymercedes.com.ar\/principal\/wp-json\/wp\/v2\/users\/1"}],"replies":[{"embeddable":true,"href":"https:\/\/www.hoymercedes.com.ar\/principal\/wp-json\/wp\/v2\/comments?post=19978"}],"version-history":[{"count":0,"href":"https:\/\/www.hoymercedes.com.ar\/principal\/wp-json\/wp\/v2\/posts\/19978\/revisions"}],"wp:attachment":[{"href":"https:\/\/www.hoymercedes.com.ar\/principal\/wp-json\/wp\/v2\/media?parent=19978"}],"wp:term":[{"taxonomy":"category","embeddable":true,"href":"https:\/\/www.hoymercedes.com.ar\/principal\/wp-json\/wp\/v2\/categories?post=19978"},{"taxonomy":"post_tag","embeddable":true,"href":"https:\/\/www.hoymercedes.com.ar\/principal\/wp-json\/wp\/v2\/tags?post=19978"}],"curies":[{"name":"wp","href":"https:\/\/api.w.org\/{rel}","templated":true}]}}