{"id":1999,"date":"2011-02-04T02:15:33","date_gmt":"2011-02-04T02:15:33","guid":{"rendered":"http:\/\/www.hoymercedes.com.ar\/principal\/?p=1999"},"modified":"2011-02-04T02:15:33","modified_gmt":"2011-02-04T02:15:33","slug":"municipio-comprara-10-hectareas-para-ampliar-parque-industrial","status":"publish","type":"post","link":"https:\/\/www.hoymercedes.com.ar\/principal\/2011\/02\/04\/municipio-comprara-10-hectareas-para-ampliar-parque-industrial\/","title":{"rendered":"Municipio comprar\u00e1 10 hect\u00e1reas para ampliar Parque Industrial"},"content":{"rendered":"<p style=\"text-align: justify;\">El anuncio relacionado con la posible adquisici\u00f3n de diez hect\u00e1reas a un precio muy por debajo de las cotizaciones del mercado para una hect\u00e1rea en el Sector de la Ruta Provincial 41 en el que la empresa La Seren\u00edsima tiene su planta en las proximidades del Parque Industrial de nuestra ciudad se hab\u00eda hecho el a\u00f1o pasado siendo la propuesta elevada al Concejo Deliberante para obtener del mismo la autorizaci\u00f3n correspondiente para concretar la operaci\u00f3n algo que finalmente ocurri\u00f3 por unanimidad podr\u00eda ser ampliado por el intendente Carlos Selva quien seg\u00fan un art\u00edculo publicado en el diario La Hora del martes podr\u00eda ahora indicar la compra definitiva del predio en cuesti\u00f3n.<\/p>\n<p style=\"text-align: justify;\">En los \u00faltimos d\u00edas se pudo conocer, aunque de manera extraoficial, que ya se hab\u00edan concluido todos los tr\u00e1mites administrativos necesarios para poder hacer efectiva\u00a0 la adquisici\u00f3n, en tal sentido el presidente del Bloque de Concejales del PJ, Ingeniero Marcelo\u00a0 Den\u00e1pole sostuvo al ser consultado al respecto que tenia conocimiento de que las negociaciones se habr\u00edan llevado adelante con total \u00e9xito pero prefer\u00eda aguardar hasta que el propio intendente Carlos Selva de la informaci\u00f3n oficial antes de hacer comentario alguno.<\/p>\n<p style=\"text-align: justify;\">Tambi\u00e9n se pudo saber que tanto el contador Fernando Roldan como el Dr Roberto Flores ya habr\u00edan entregados sus dict\u00e1menes relacionados con la factibilidad de realizaci\u00f3n de la operaci\u00f3n, (los dos informes fueron en principio favorables), por lo cual al haber acuerdo en el valor de la hect\u00e1rea y la forma de pago solo restaba la firma del correspondiente boleto de compra-venta.<\/p>\n<p style=\"text-align: justify;\">El contador Roldan a modo de un simple comentario manifest\u00f3 que el valor final de la operaci\u00f3n era realmente muy irrisorio y que si Mastellone lo hab\u00eda puesto seguramente ser\u00eda para no crear un precedente de donaci\u00f3n directa.<\/p>\n<p style=\"text-align: justify;\">Seguramente el intendente aguardar\u00e1 la normalizaci\u00f3n de las actividades en la mayor\u00eda del organismos en los cuales hay que efectuar los tr\u00e1mites finales luego del vencimiento del mes de Feria Administrativa de enero para una vez concretada la operaci\u00f3n darla a conocer de manera oficial.<\/p>\n<p style=\"text-align: justify;\">Recordamos que la adquisici\u00f3n de dichas 10 hect\u00e1reas se hacen para tener la posibilidad de ampliar la capacidad del Sector Industrial Planificado ubicado justamente a muy pocos metros de distancia del predio que se habr\u00eda adquirido.<\/p>\n","protected":false},"excerpt":{"rendered":"<p>El anuncio relacionado con la posible adquisici\u00f3n de diez hect\u00e1reas a un precio muy por debajo de las cotizaciones del &#8230; <a title=\"Municipio comprar\u00e1 10 hect\u00e1reas para ampliar Parque Industrial\" class=\"read-more\" href=\"https:\/\/www.hoymercedes.com.ar\/principal\/2011\/02\/04\/municipio-comprara-10-hectareas-para-ampliar-parque-industrial\/\" aria-label=\"Leer m\u00e1s sobre Municipio comprar\u00e1 10 hect\u00e1reas para ampliar Parque Industrial\">Leer m\u00e1s<\/a><\/p>\n","protected":false},"author":1,"featured_media":0,"comment_status":"open","ping_status":"open","sticky":false,"template":"","format":"standard","meta":{"_monsterinsights_skip_tracking":false,"_monsterinsights_sitenote_active":false,"_monsterinsights_sitenote_note":"","_monsterinsights_sitenote_category":0,"jetpack_post_was_ever_published":false,"_jetpack_newsletter_access":"","_jetpack_dont_email_post_to_subs":false,"_jetpack_newsletter_tier_id":0,"_jetpack_memberships_contains_paywalled_content":false,"_jetpack_memberships_contains_paid_content":false,"footnotes":"","jetpack_publicize_message":"","jetpack_publicize_feature_enabled":true,"jetpack_social_post_already_shared":false,"jetpack_social_options":{"image_generator_settings":{"template":"highway","default_image_id":0,"font":"","enabled":false},"version":2},"_wpas_customize_per_network":false},"categories":[30],"tags":[39,436,435],"class_list":["post-1999","post","type-post","status-publish","format-standard","hentry","category-municipio","tag-carlos-selva","tag-marcelo-denapole","tag-parque-industrial-mercedes","generate-columns","tablet-grid-50","mobile-grid-100","grid-parent","grid-50"],"jetpack_publicize_connections":[],"jetpack_featured_media_url":"","wps_subtitle":"","jetpack_sharing_enabled":true,"_links":{"self":[{"href":"https:\/\/www.hoymercedes.com.ar\/principal\/wp-json\/wp\/v2\/posts\/1999","targetHints":{"allow":["GET"]}}],"collection":[{"href":"https:\/\/www.hoymercedes.com.ar\/principal\/wp-json\/wp\/v2\/posts"}],"about":[{"href":"https:\/\/www.hoymercedes.com.ar\/principal\/wp-json\/wp\/v2\/types\/post"}],"author":[{"embeddable":true,"href":"https:\/\/www.hoymercedes.com.ar\/principal\/wp-json\/wp\/v2\/users\/1"}],"replies":[{"embeddable":true,"href":"https:\/\/www.hoymercedes.com.ar\/principal\/wp-json\/wp\/v2\/comments?post=1999"}],"version-history":[{"count":0,"href":"https:\/\/www.hoymercedes.com.ar\/principal\/wp-json\/wp\/v2\/posts\/1999\/revisions"}],"wp:attachment":[{"href":"https:\/\/www.hoymercedes.com.ar\/principal\/wp-json\/wp\/v2\/media?parent=1999"}],"wp:term":[{"taxonomy":"category","embeddable":true,"href":"https:\/\/www.hoymercedes.com.ar\/principal\/wp-json\/wp\/v2\/categories?post=1999"},{"taxonomy":"post_tag","embeddable":true,"href":"https:\/\/www.hoymercedes.com.ar\/principal\/wp-json\/wp\/v2\/tags?post=1999"}],"curies":[{"name":"wp","href":"https:\/\/api.w.org\/{rel}","templated":true}]}}