{"id":20033,"date":"2013-02-22T01:22:49","date_gmt":"2013-02-22T01:22:49","guid":{"rendered":"http:\/\/www.hoymercedes.com.ar\/principal\/?p=20033"},"modified":"2013-02-22T03:32:05","modified_gmt":"2013-02-22T03:32:05","slug":"mal-trago-para-matias-silvestre-por-ir-a-ver-al-milan","status":"publish","type":"post","link":"https:\/\/www.hoymercedes.com.ar\/principal\/2013\/02\/22\/mal-trago-para-matias-silvestre-por-ir-a-ver-al-milan\/","title":{"rendered":"Mal trago para Mat\u00edas Silvestre por ir a ver al Milan"},"content":{"rendered":"<figure id=\"attachment_20035\" aria-describedby=\"caption-attachment-20035\" style=\"width: 608px\" class=\"wp-caption aligncenter\"><a href=\"https:\/\/www.hoymercedes.com.ar\/principal\/wp-content\/uploads\/2013\/02\/Matias-Silvestre-Inter.jpg\"><img loading=\"lazy\" decoding=\"async\" data-attachment-id=\"20035\" data-permalink=\"https:\/\/www.hoymercedes.com.ar\/principal\/2013\/02\/22\/mal-trago-para-matias-silvestre-por-ir-a-ver-al-milan\/matias-silvestre-inter\/#main\" data-orig-file=\"https:\/\/www.hoymercedes.com.ar\/principal\/wp-content\/uploads\/2013\/02\/Matias-Silvestre-Inter.jpg\" data-orig-size=\"618,338\" data-comments-opened=\"1\" data-image-meta=\"{&quot;aperture&quot;:&quot;0&quot;,&quot;credit&quot;:&quot;&quot;,&quot;camera&quot;:&quot;&quot;,&quot;caption&quot;:&quot;&quot;,&quot;created_timestamp&quot;:&quot;0&quot;,&quot;copyright&quot;:&quot;&quot;,&quot;focal_length&quot;:&quot;0&quot;,&quot;iso&quot;:&quot;0&quot;,&quot;shutter_speed&quot;:&quot;0&quot;,&quot;title&quot;:&quot;&quot;}\" data-image-title=\"Matias-Silvestre-Inter\" data-image-description=\"&lt;p&gt;Matias Silvestre &amp;#8211; Inter&lt;\/p&gt;\n\" data-image-caption=\"&lt;p&gt;Matias Silvestre &amp;#8211; Inter&lt;\/p&gt;\n\" data-large-file=\"https:\/\/www.hoymercedes.com.ar\/principal\/wp-content\/uploads\/2013\/02\/Matias-Silvestre-Inter.jpg\" class=\"size-full wp-image-20035\" alt=\"Matias Silvestre - Inter\" src=\"https:\/\/www.hoymercedes.com.ar\/principal\/wp-content\/uploads\/2013\/02\/Matias-Silvestre-Inter.jpg\" width=\"618\" height=\"338\" \/><\/a><figcaption id=\"caption-attachment-20035\" class=\"wp-caption-text\">Matias Silvestre &#8211; Inter<\/figcaption><\/figure>\n<p><em><strong>El mercedino Mat\u00edas Silvestre fue parte de una an\u00e9cdota m\u00e1s que curiosa esta semana cuando el club donde juega en italia lo sancion\u00f3 impl\u00edcitamente por ir a comprar entradas para el partido que disputar\u00e1n por la \u00abChampions\u00bb Barcelona de Espa\u00f1a y Milan de Italia, rival de Inter donde Silvestre se encuentra actualmente.\u00a0<\/strong><\/em><\/p>\n<p>El encuentro entre el Barcelona y el Mil\u00e1n despert\u00f3 muchas\u00a0expectativas y ganas de ser testigos. El mercedino se vio tentado y fue a comprar entradas. Las c\u00e1maras de seguridad filmaron al jugador adquiriendo los tickets y por m\u00e1s que aleg\u00f3 eran para un amigo no cay\u00f3 bien en el Inter que vaya a mirar a su rival el Milan.<\/p>\n<p>Andrea Stramaccioni no lo vio con buenos ojos el hecho y lo sac\u00f3 de la convocatoria para el partido que el Inter tuvo por la Europa League en Rumania contra el CRF Cluj.<\/p>\n<p>Oficialmente se dijo que es por problemas musculares, pero, todo indica que qued\u00f3 afuera por desear ir a ver a los \u00abcontrarios\u00bb.<\/p>\n<p>Fuente: <strong><a href=\"http:\/\/www.sport.es\/es\/noticias\/champions\/silvestre-desconvocado-por-comprar-entradas-para-milan-barca-2323057\" target=\"_blank\" rel=\"noopener\">El diario Sport<\/a><\/strong><\/p>\n<p>&nbsp;<\/p>\n<p>&nbsp;<\/p>\n","protected":false},"excerpt":{"rendered":"<p>El mercedino Mat\u00edas Silvestre fue parte de una an\u00e9cdota m\u00e1s que curiosa esta semana cuando el club donde juega en &#8230; <a title=\"Mal trago para Mat\u00edas Silvestre por ir a ver al Milan\" class=\"read-more\" href=\"https:\/\/www.hoymercedes.com.ar\/principal\/2013\/02\/22\/mal-trago-para-matias-silvestre-por-ir-a-ver-al-milan\/\" aria-label=\"Leer m\u00e1s sobre Mal trago para Mat\u00edas Silvestre por ir a ver al Milan\">Leer m\u00e1s<\/a><\/p>\n","protected":false},"author":1,"featured_media":0,"comment_status":"open","ping_status":"open","sticky":false,"template":"","format":"standard","meta":{"_monsterinsights_skip_tracking":false,"_monsterinsights_sitenote_active":false,"_monsterinsights_sitenote_note":"","_monsterinsights_sitenote_category":0,"jetpack_post_was_ever_published":false,"_jetpack_newsletter_access":"","_jetpack_dont_email_post_to_subs":false,"_jetpack_newsletter_tier_id":0,"_jetpack_memberships_contains_paywalled_content":false,"_jetpack_memberships_contains_paid_content":false,"footnotes":"","jetpack_publicize_message":"","jetpack_publicize_feature_enabled":true,"jetpack_social_post_already_shared":false,"jetpack_social_options":{"image_generator_settings":{"template":"highway","default_image_id":0,"font":"","enabled":false},"version":2},"_wpas_customize_per_network":false},"categories":[21],"tags":[753],"class_list":["post-20033","post","type-post","status-publish","format-standard","hentry","category-deportes","tag-matias-silvestre","generate-columns","tablet-grid-50","mobile-grid-100","grid-parent","grid-50"],"jetpack_publicize_connections":[],"jetpack_featured_media_url":"","wps_subtitle":"","jetpack_sharing_enabled":true,"_links":{"self":[{"href":"https:\/\/www.hoymercedes.com.ar\/principal\/wp-json\/wp\/v2\/posts\/20033","targetHints":{"allow":["GET"]}}],"collection":[{"href":"https:\/\/www.hoymercedes.com.ar\/principal\/wp-json\/wp\/v2\/posts"}],"about":[{"href":"https:\/\/www.hoymercedes.com.ar\/principal\/wp-json\/wp\/v2\/types\/post"}],"author":[{"embeddable":true,"href":"https:\/\/www.hoymercedes.com.ar\/principal\/wp-json\/wp\/v2\/users\/1"}],"replies":[{"embeddable":true,"href":"https:\/\/www.hoymercedes.com.ar\/principal\/wp-json\/wp\/v2\/comments?post=20033"}],"version-history":[{"count":0,"href":"https:\/\/www.hoymercedes.com.ar\/principal\/wp-json\/wp\/v2\/posts\/20033\/revisions"}],"wp:attachment":[{"href":"https:\/\/www.hoymercedes.com.ar\/principal\/wp-json\/wp\/v2\/media?parent=20033"}],"wp:term":[{"taxonomy":"category","embeddable":true,"href":"https:\/\/www.hoymercedes.com.ar\/principal\/wp-json\/wp\/v2\/categories?post=20033"},{"taxonomy":"post_tag","embeddable":true,"href":"https:\/\/www.hoymercedes.com.ar\/principal\/wp-json\/wp\/v2\/tags?post=20033"}],"curies":[{"name":"wp","href":"https:\/\/api.w.org\/{rel}","templated":true}]}}